{"id":953,"date":"2024-10-12T19:49:36","date_gmt":"2024-10-13T00:49:36","guid":{"rendered":"https:\/\/elcorreodeoaxaca.com\/?p=953"},"modified":"2024-10-12T19:49:36","modified_gmt":"2024-10-13T00:49:36","slug":"la-onu-y-el-consorcio-ciudadano-exigen-su-presentacion-con-vida-sandra-dominguez-defensora-ayuujk-desaparecida-desde-el-4-de-octubre","status":"publish","type":"post","link":"https:\/\/elcorreodeoaxaca.com\/?p=953","title":{"rendered":"La ONU y el Consorcio Ciudadano, exigen su presentaci\u00f3n con vida&#8230; Sandra Dom\u00ednguez, defensora Ayuujk,  desaparecida desde el 4 de octubre"},"content":{"rendered":"<ul>\n<li>Derechos Humanos de ONU exige al gobierno estatal su r\u00e1pida localizaci\u00f3n; su esposo, tambi\u00e9n desapareci\u00f3<\/li>\n<li>Jes\u00fas Romero L\u00f3pez, responsable de la pol\u00edtica interna del estado, manifest\u00f3 que este caso \u00abse ha politizado\u00bb<\/li>\n<li>Donato Vargas, por su parte, manifest\u00f3 que desea que Sandra aparezca con vida y advirti\u00f3 que \u00abtodo es grilla\u00bb<\/li>\n<li>Un a\u00f1o despu\u00e9s de denunciar por violencia de g\u00e9nero a Donato Vargas, Sandra y su esposo desaparecieron<\/li>\n<li>Entre sus denuncias por violencia de g\u00e9nero, est\u00e1 Donato Vargas, coordinador Estatal de Delegados por la Paz<\/li>\n<li>Vargas, fue\u00a0parte de un grupo de WhatsApp llamado \u201cSierra XXX\u201d, que compart\u00edan fotos \u00edntimas de mujeres Ayuujk<\/li>\n<li>Feliciano L\u00f3pez, trabajador del Interoce\u00e1nico, desapareci\u00f3 el 5 de octubre: cuatro d\u00edas despu\u00e9s apareci\u00f3 muerto<\/li>\n<li>Jara: \u201cAcusaciones son de car\u00e1cter pol\u00edtico con el fin de desmembrar a Morena y todo a lo que huela a lucha social\u201d<\/li>\n<\/ul>\n<p style=\"text-align: center;\"><em><strong>Quadrat\u00edn<\/strong><\/em><\/p>\n<figure id=\"attachment_961\" aria-describedby=\"caption-attachment-961\" style=\"width: 151px\" class=\"wp-caption alignright\"><a href=\"https:\/\/elcorreodeoaxaca.com\/wp-content\/uploads\/2024\/10\/SANDRA-Alexander-Hernandez-Hernandez._11.jpg\"><img loading=\"lazy\" decoding=\"async\" class=\"size-medium wp-image-961\" src=\"https:\/\/elcorreodeoaxaca.com\/wp-content\/uploads\/2024\/10\/SANDRA-Alexander-Hernandez-Hernandez._11-161x300.jpg\" alt=\"\" width=\"161\" height=\"300\" srcset=\"https:\/\/elcorreodeoaxaca.com\/wp-content\/uploads\/2024\/10\/SANDRA-Alexander-Hernandez-Hernandez._11-161x300.jpg 161w, https:\/\/elcorreodeoaxaca.com\/wp-content\/uploads\/2024\/10\/SANDRA-Alexander-Hernandez-Hernandez._11-180x335.jpg 180w, https:\/\/elcorreodeoaxaca.com\/wp-content\/uploads\/2024\/10\/SANDRA-Alexander-Hernandez-Hernandez._11.jpg 441w\" sizes=\"auto, (max-width: 161px) 100vw, 161px\" \/><\/a><figcaption id=\"caption-attachment-961\" class=\"wp-caption-text\">Alexander Hern\u00e1ndez Hern\u00e1ndez<\/figcaption><\/figure>\n<p>Octubre 9.- Las m\u00e1s de 3 mil 500 defensoras de derechos humanos de Oaxaca, M\u00e9xico y Mesoam\u00e9rica quienes pertenecemos a las redes de defensoras que suscriben el presente comunicado alertamos frente a la desaparici\u00f3n de la defensora ind\u00edgena Ayuujk Sandra Dom\u00ednguez Mart\u00ednez.<\/p>\n<p>La defensora de los derechos de las mujeres y abogada Sandra Dom\u00ednguez se encuentra desaparecida desde el pasado 4 de octubre cuando fue vista por \u00faltima vez en Mar\u00eda Lombardo en el municipio de San Juan Cotzoc\u00f3n, record\u00f3 Consorcio en un pronunciamiento p\u00fablico.<\/p>\n<p>Sandra Dom\u00ednguez hab\u00eda denunciado desde el 2020 y nuevamente en 2023 la violencia de g\u00e9nero y en espec\u00edfico la violencia sexual ejercida por Donato Vargas Jimenez, quien funge como Coordinador Estatal de Delegados por la Paz del Gobierno del Estado de Oaxaca y formaba parte de un grupo de WhatsApp al que llamaron \u201cSierra XXX\u201d, donde circulaban fotograf\u00edas \u00edntimas de mujeres ind\u00edgenas Ayuujk.<\/p>\n<p>Quienes integramos las redes que suscribimos el presente posicionamiento, hemos documentado desde hace m\u00e1s de 10 a\u00f1os que Oaxaca se ubica de manera sistem\u00e1tica entre los estados con los ataques m\u00e1s frecuentes y m\u00e1s graves contra mujeres defensoras a nivel nacional. Se ubica entre las entidades con mayores casos de asesinatos, pero tambi\u00e9n se han registrado diversos casos de desaparici\u00f3n forzada que permanecen en la impunidad y sin informaci\u00f3n sobre el paradero de las defensoras como en los casos de Claudia Uruchurtu Cruz e Irma Galindo Barrios.<\/p>\n<figure id=\"attachment_956\" aria-describedby=\"caption-attachment-956\" style=\"width: 290px\" class=\"wp-caption alignleft\"><a href=\"https:\/\/elcorreodeoaxaca.com\/wp-content\/uploads\/2024\/10\/SANDRA-Unidad-de-motor-en-la-que-viajaban.jpeg\"><img loading=\"lazy\" decoding=\"async\" class=\"size-medium wp-image-956\" src=\"https:\/\/elcorreodeoaxaca.com\/wp-content\/uploads\/2024\/10\/SANDRA-Unidad-de-motor-en-la-que-viajaban-300x181.jpeg\" alt=\"\" width=\"300\" height=\"181\" srcset=\"https:\/\/elcorreodeoaxaca.com\/wp-content\/uploads\/2024\/10\/SANDRA-Unidad-de-motor-en-la-que-viajaban-300x181.jpeg 300w, https:\/\/elcorreodeoaxaca.com\/wp-content\/uploads\/2024\/10\/SANDRA-Unidad-de-motor-en-la-que-viajaban-768x464.jpeg 768w, https:\/\/elcorreodeoaxaca.com\/wp-content\/uploads\/2024\/10\/SANDRA-Unidad-de-motor-en-la-que-viajaban-335x202.jpeg 335w, https:\/\/elcorreodeoaxaca.com\/wp-content\/uploads\/2024\/10\/SANDRA-Unidad-de-motor-en-la-que-viajaban.jpeg 798w\" sizes=\"auto, (max-width: 300px) 100vw, 300px\" \/><\/a><figcaption id=\"caption-attachment-956\" class=\"wp-caption-text\">Unidad de motor en la que viajaban la activista y su esposo<\/figcaption><\/figure>\n<p>La falta de b\u00fasqueda eficaz y de investigaci\u00f3n pronta y expedita es una de las heridas m\u00e1s lacerantes y m\u00e1s graves mensajes de impunidad de parte del Estado de Oaxaca situaci\u00f3n que genera la permisibilidad para la reproducci\u00f3n de estas graves violaciones a los derechos humanos.<\/p>\n<p>Por ello urgimos a la Fiscal\u00eda General del Estado de Oaxaca la b\u00fasqueda inmediata y eficaz as\u00ed como la presentaci\u00f3n con vida de la defensora de derechos humanos Sandra Dom\u00ednguez Mart\u00ednez.<\/p>\n<p>Suscribimos:<\/p>\n<p>Consorcio para el Di\u00e1logo Parlamentario y la Equidad Oaxaca A.C.<\/p>\n<p>Red de Mujeres Activistas y Defensoras de Derechos Humanos de Oaxaca<\/p>\n<p>Red Nacional de Mujeres Defensoras de Derechos Humanos en M\u00e9xico<\/p>\n<p>Iniciativa Mesoamericana de Mujeres Defensoras de Derechos Humanos<\/p>\n<p>CIMAC- Comunicaci\u00f3n e Informaci\u00f3n de la Mujer<\/p>\n<p>Centro de Derechos Humanos de las Mujeres \u2013 CEDHEM<\/p>\n<p><strong>REACCI\u00d3N OFICIAL, ROMERO L\u00d3PEZ<\/strong><\/p>\n<p><strong>Y DONATO VARGAS, EST\u00c1N \u00abCONSTERNADOS\u00bb<\/strong><\/p>\n<figure id=\"attachment_955\" aria-describedby=\"caption-attachment-955\" style=\"width: 143px\" class=\"wp-caption alignright\"><a href=\"https:\/\/elcorreodeoaxaca.com\/wp-content\/uploads\/2024\/10\/SANDRA-Donato-Vargas_12.jpeg\"><img loading=\"lazy\" decoding=\"async\" class=\"size-medium wp-image-955\" src=\"https:\/\/elcorreodeoaxaca.com\/wp-content\/uploads\/2024\/10\/SANDRA-Donato-Vargas_12-153x300.jpeg\" alt=\"\" width=\"153\" height=\"300\" srcset=\"https:\/\/elcorreodeoaxaca.com\/wp-content\/uploads\/2024\/10\/SANDRA-Donato-Vargas_12-153x300.jpeg 153w, https:\/\/elcorreodeoaxaca.com\/wp-content\/uploads\/2024\/10\/SANDRA-Donato-Vargas_12-171x335.jpeg 171w, https:\/\/elcorreodeoaxaca.com\/wp-content\/uploads\/2024\/10\/SANDRA-Donato-Vargas_12.jpeg 441w\" sizes=\"auto, (max-width: 153px) 100vw, 153px\" \/><\/a><figcaption id=\"caption-attachment-955\" class=\"wp-caption-text\">Donato Vargas<\/figcaption><\/figure>\n<p>Octubre 9.- Jes\u00fas Romero L\u00f3pez, responsable de la pol\u00edtica interior de Oaxaca, al referirse a la desaparici\u00f3n de la activista Sandra Dom\u00ednguez, primero denunci\u00f3 que \u00abtodo se ha politizado\u00bb (&#8230;) y despu\u00e9s precis\u00f3 que el veh\u00edculo\u00a0de motor en el que viajaban se encontr\u00f3 en el estado de Veracruz e hizo notar que no aporta m\u00e1s datos por seguridad de las personas desaparecidas.<br \/>\nSin embargo, precis\u00f3 que se siguen dos puntos de investigaci\u00f3n de este caso y sobre la denuncia que Sandra Dom\u00ednguez hizo contra Donato Vargas, afirm\u00f3 que oficialmente no existi\u00f3 una denuncia contra este funcionario y tampoco se llev\u00f3 a cabo alguna criminalizaci\u00f3n o cualquier tipo de violencia contra ella.<br \/>\nEl servidor p\u00fablico que hoy se encuentra en el ojo del hurac\u00e1n, Donato Vargas, por su participaci\u00f3n en el grupo de WhatsApp conocido como \u201cSierra XXX\u201d, grupo que compart\u00eda fotograf\u00edas \u00edntimas de ind\u00edgenas ayuuk, dijo estar alejado de todo tipo de acciones que lo relacionen con la desaparici\u00f3n de Sandra Dom\u00ednguez y su esposo Alexander Hern\u00e1ndez, \u00abtodo es grilla pol\u00edtica\u00bb, precis\u00f3.<br \/>\nInmediatamente, Vargas, \u00abcoincidi\u00f3\u00bb con Jes\u00fas Romero L\u00f3pez, al manifestar que jam\u00e1s ha habido denuncias formales en su contra ante la Fiscal\u00eda General del Estado de Oaxaca (FGEO) y que poco conoc\u00eda (habl\u00e1 en pasado) de Sandra, dijo y agreg\u00f3:<\/p>\n<p>\u00abNo tengo nada en contra de ella. Deseo que aparezca con vida\u201d.<\/p>\n<p><strong>APOYO INCONDICIONAL\u00a0DE<\/strong><\/p>\n<p><strong>JARA A DONATO VARGAS<\/strong><\/p>\n<p>Ocurri\u00f3 el 28 de marzo del 2023, despu\u00e9s de las acusaciones en contra de Donato Vagas Jim\u00e9nez, por violencia de g\u00e9nero (amenazas de muerte en contra de su ex pareja sentimental, Martha Araceli Cruz), cuando el gobernador Salom\u00f3n Jara Cruz, sali\u00f3 en defensa incondicional \u00a0del funcionario encargado de la paz en Oaxaca.<\/p>\n<figure id=\"attachment_962\" aria-describedby=\"caption-attachment-962\" style=\"width: 135px\" class=\"wp-caption alignleft\"><a href=\"https:\/\/elcorreodeoaxaca.com\/wp-content\/uploads\/2024\/10\/sandra-HUMBERTO-SANTOS-RAMIREZ.jpg\"><img loading=\"lazy\" decoding=\"async\" class=\"size-medium wp-image-962\" src=\"https:\/\/elcorreodeoaxaca.com\/wp-content\/uploads\/2024\/10\/sandra-HUMBERTO-SANTOS-RAMIREZ-145x300.jpg\" alt=\"\" width=\"145\" height=\"300\" srcset=\"https:\/\/elcorreodeoaxaca.com\/wp-content\/uploads\/2024\/10\/sandra-HUMBERTO-SANTOS-RAMIREZ-145x300.jpg 145w, https:\/\/elcorreodeoaxaca.com\/wp-content\/uploads\/2024\/10\/sandra-HUMBERTO-SANTOS-RAMIREZ-162x335.jpg 162w, https:\/\/elcorreodeoaxaca.com\/wp-content\/uploads\/2024\/10\/sandra-HUMBERTO-SANTOS-RAMIREZ.jpg 441w\" sizes=\"auto, (max-width: 145px) 100vw, 145px\" \/><\/a><figcaption id=\"caption-attachment-962\" class=\"wp-caption-text\">Humberto Santos Ram\u00edrez<\/figcaption><\/figure>\n<p>En esa ocasi\u00f3n, tambi\u00e9n se exhibieron a otros funcionarios del gobierno estatal, entre ellos Jes\u00fas Romero L\u00f3pez y Karina Bar\u00f3n, por impulsar y apoyar a Donato Vargas, asimismo, Martha Araceli Cruz, los responsabiliz\u00f3 de cualquier cosa que le pueda ocurrir.<\/p>\n<p>El gobernador de Oaxaca, Salom\u00f3n Jara Cruz, sali\u00f3 en defensa de su colaborador Donato Vargas Jim\u00e9nez, acusado de violentar a su expareja, a la que amenaz\u00f3 con machetearla y rociarla con \u00e1cido, y de promover la violencia de g\u00e9nero en un chat en el que se difunden im\u00e1genes de mujeres ind\u00edgenas desnudas.<\/p>\n<p>\u201cCualquier cosa que haga Donato ah\u00ed le pegan como pi\u00f1ata\u201d, fueron las palabras de Salom\u00f3n al defender al servidor p\u00fablico de marras, no conforme con ello, agreg\u00f3:<\/p>\n<p>\u201cA Donato le reconozco su trabajo, su dedicaci\u00f3n, le traen muchas ganas, pero presenten la queja, h\u00e1ganlo si tiene alg\u00fan agravio contra un ciudadano o ha cometido un delito, con mucho gusto, pero yo le reconozco a Donato, es un compa\u00f1ero muy trabajador, muy dedicado, muy pocos como \u00e9l\u201d&#8230; En La Primavera Oaxaque\u00f1a no hay impunidad y menos tr\u00e1fico de influencias, dicen los que saben.<\/p>\n<p><strong>PERO, QUI\u00c9N AVALA LA\u00a0<\/strong><\/p>\n<p><strong>CONDUCTA DE SALOM\u00d3N<\/strong><\/p>\n<figure id=\"attachment_963\" aria-describedby=\"caption-attachment-963\" style=\"width: 159px\" class=\"wp-caption alignright\"><a href=\"https:\/\/elcorreodeoaxaca.com\/wp-content\/uploads\/2024\/10\/SANDRA-JESUS-ROMERO.jpg\"><img loading=\"lazy\" decoding=\"async\" class=\"size-medium wp-image-963\" src=\"https:\/\/elcorreodeoaxaca.com\/wp-content\/uploads\/2024\/10\/SANDRA-JESUS-ROMERO-169x300.jpg\" alt=\"\" width=\"169\" height=\"300\" srcset=\"https:\/\/elcorreodeoaxaca.com\/wp-content\/uploads\/2024\/10\/SANDRA-JESUS-ROMERO-169x300.jpg 169w, https:\/\/elcorreodeoaxaca.com\/wp-content\/uploads\/2024\/10\/SANDRA-JESUS-ROMERO-188x335.jpg 188w, https:\/\/elcorreodeoaxaca.com\/wp-content\/uploads\/2024\/10\/SANDRA-JESUS-ROMERO.jpg 441w\" sizes=\"auto, (max-width: 169px) 100vw, 169px\" \/><\/a><figcaption id=\"caption-attachment-963\" class=\"wp-caption-text\">Jes\u00fas Romero L\u00f3pez<\/figcaption><\/figure>\n<p>El ex dirigente de la Uni\u00f3n Campesina Democr\u00e1tica, UCD, en su momento, tuvo conocimiento de la carpeta de investigaci\u00f3n que se abri\u00f3 contra Vargas (40841\/UDVF\/2022) en la que Martha Aracely Cruz, exhibi\u00f3 la conducta mis\u00f3gina del funcionario, hecho que est\u00e1\u00a0radicado en la Fiscal\u00eda Especializada para la Atenci\u00f3n a Delitos contra la Mujer por Raz\u00f3n de G\u00e9nero.<\/p>\n<p><strong>PORNOGRAF\u00cdA EN EL\u00a0<\/strong><\/p>\n<p><strong>GOBIERNO DEL ESTADO<\/strong><\/p>\n<p>Es \u00abLa Primavera Oaxaque\u00f1a\u00bb.<\/p>\n<p>Este sexenio se ha revelado como algo sui g\u00e9neris, pues se han \u00abnormalizado\u00bb las conductas agresivas contra las mujeres.<\/p>\n<p>Vamos al recuento de lo que para el mandatario estatal es algo as\u00ed como \u00abenvidia\u00bb:<\/p>\n<figure id=\"attachment_958\" aria-describedby=\"caption-attachment-958\" style=\"width: 163px\" class=\"wp-caption alignleft\"><a href=\"https:\/\/elcorreodeoaxaca.com\/wp-content\/uploads\/2024\/10\/SANDRA-Claudia-Uruchurtu-Cruz.jpg\"><img loading=\"lazy\" decoding=\"async\" class=\"size-medium wp-image-958\" src=\"https:\/\/elcorreodeoaxaca.com\/wp-content\/uploads\/2024\/10\/SANDRA-Claudia-Uruchurtu-Cruz-173x300.jpg\" alt=\"\" width=\"173\" height=\"300\" srcset=\"https:\/\/elcorreodeoaxaca.com\/wp-content\/uploads\/2024\/10\/SANDRA-Claudia-Uruchurtu-Cruz-173x300.jpg 173w, https:\/\/elcorreodeoaxaca.com\/wp-content\/uploads\/2024\/10\/SANDRA-Claudia-Uruchurtu-Cruz-193x335.jpg 193w, https:\/\/elcorreodeoaxaca.com\/wp-content\/uploads\/2024\/10\/SANDRA-Claudia-Uruchurtu-Cruz.jpg 441w\" sizes=\"auto, (max-width: 173px) 100vw, 173px\" \/><\/a><figcaption id=\"caption-attachment-958\" class=\"wp-caption-text\">Claudia Uruchurtu Cruz<\/figcaption><\/figure>\n<p>Primero).- Durante el 2020 se descubri\u00f3\u00a0una red de pornograf\u00eda entre funcionarios del goierno de Oaxaca. Es o era conocido como \u00abSierra XXX\u00bb en el que \u00bfparticipaban? o participan servidores p\u00fablicos estatales y numerosos pol\u00edticos de todos colores y sabores, quienes se \u00bfintercambiaban? o intercambian, v\u00eda whatsapp gr\u00e1ficas \u00edntimas de mujeres ind\u00edgenas.<\/p>\n<p>Segundo).- \u00a0Despu\u00e9s de la denuncia levantada\u00a0por Sandra Dom\u00ednguez (hoy desaparecida) v\u00edctima de estos hechos, Rolando V\u00e1squez P\u00e9rez, quien fung\u00eda como titular del Instituto Nacional de Pueblos Ind\u00edgenas, fue destituido\u00a0por \u00f3rdenes del titular de esta dependencia, Adelfo Regino.<\/p>\n<p>Tercero).- Ante las presiones de la opini\u00f3n p\u00fablica, a Humberto Santos Ram\u00edrez (inventor de este chat pornogr\u00e1fico), se le retir\u00f3 la candidatura morenista de diputaci\u00f3n local.<\/p>\n<figure id=\"attachment_964\" aria-describedby=\"caption-attachment-964\" style=\"width: 290px\" class=\"wp-caption alignright\"><a href=\"https:\/\/elcorreodeoaxaca.com\/wp-content\/uploads\/2024\/10\/SANDRA-SALOMON-JARA.jpg\"><img loading=\"lazy\" decoding=\"async\" class=\"size-medium wp-image-964\" src=\"https:\/\/elcorreodeoaxaca.com\/wp-content\/uploads\/2024\/10\/SANDRA-SALOMON-JARA-300x169.jpg\" alt=\"\" width=\"300\" height=\"169\" srcset=\"https:\/\/elcorreodeoaxaca.com\/wp-content\/uploads\/2024\/10\/SANDRA-SALOMON-JARA-300x169.jpg 300w, https:\/\/elcorreodeoaxaca.com\/wp-content\/uploads\/2024\/10\/SANDRA-SALOMON-JARA-335x188.jpg 335w, https:\/\/elcorreodeoaxaca.com\/wp-content\/uploads\/2024\/10\/SANDRA-SALOMON-JARA-700x394.jpg 700w, https:\/\/elcorreodeoaxaca.com\/wp-content\/uploads\/2024\/10\/SANDRA-SALOMON-JARA.jpg 756w\" sizes=\"auto, (max-width: 300px) 100vw, 300px\" \/><\/a><figcaption id=\"caption-attachment-964\" class=\"wp-caption-text\">Salom\u00f3n Jara Cruz<\/figcaption><\/figure>\n<p>Cuarto).- La misma activista, Sandra Dom\u00ednguez (que desapareci\u00f3 junto con su esposo Alexander Hern\u00e1ndez el pasado 4 de octubre), el 28 de marzo del 2023, nuevamente denunci\u00f3 ante la prensa que se \u00abfund\u00f3\u00bb otro grupo de pornograf\u00eda al interior del gobierno estatal, conocido como \u00abMega peda\u00bb, integrado por los mismos pol\u00edticos y funcionarios, que son encabezados por el funcionario de La Paz de la Secretar\u00eda de Gobierno, Donato Vargas.<\/p>\n<p>Quinto).- Salom\u00f3n Jara, tampoco tuvo l\u00edmites para meter las manos al fuego por la otrora edil morenista de Nochixtl\u00e1n, Lizbeth Huerta, quien tiempo despu\u00e9s result\u00f3 responsable de la desaparici\u00f3n forzada (mayo 7 2021) de la activista, Claudia Uruchurtu&#8230; En esa ocasi\u00f3n, el mandatario Jara, defendi\u00f3 a la presidenta municipal Huerta, de quien dijo que el \u00ab\u00fanico delito que cometi\u00f3 es ser honesta\u00bb.<\/p>\n<figure id=\"attachment_959\" aria-describedby=\"caption-attachment-959\" style=\"width: 290px\" class=\"wp-caption alignleft\"><a href=\"https:\/\/elcorreodeoaxaca.com\/wp-content\/uploads\/2024\/10\/SANDRA-Irma-Galindo-Barrios.jpg\"><img loading=\"lazy\" decoding=\"async\" class=\"size-medium wp-image-959\" src=\"https:\/\/elcorreodeoaxaca.com\/wp-content\/uploads\/2024\/10\/SANDRA-Irma-Galindo-Barrios-300x178.jpg\" alt=\"\" width=\"300\" height=\"178\" srcset=\"https:\/\/elcorreodeoaxaca.com\/wp-content\/uploads\/2024\/10\/SANDRA-Irma-Galindo-Barrios-300x178.jpg 300w, https:\/\/elcorreodeoaxaca.com\/wp-content\/uploads\/2024\/10\/SANDRA-Irma-Galindo-Barrios-335x199.jpg 335w, https:\/\/elcorreodeoaxaca.com\/wp-content\/uploads\/2024\/10\/SANDRA-Irma-Galindo-Barrios.jpg 756w\" sizes=\"auto, (max-width: 300px) 100vw, 300px\" \/><\/a><figcaption id=\"caption-attachment-959\" class=\"wp-caption-text\">Irma Galindo Barrios<\/figcaption><\/figure>\n<p>Sexto).- Tiempo despu\u00e9s (mayo 13 del 2021),\u00a0Lizbeth Victoria Huerta, edil y candidata de Morena a la presidencia municipal de Asunci\u00f3n Nochixtl\u00e1n, Oaxaca, y dos polic\u00edas municipales fueron vinculados a proceso por su presunta participaci\u00f3n en la desaparici\u00f3n de la activista Claudia Uruchurtu.<\/p>\n<p>).-El jefe del ejecutivo local, al defender lo indefendible, lo hace con una sola frase: \u201ctodo se debe a consignas de car\u00e1cter pol\u00edtico con la finalidad de desmembrar a Morena y todo a lo que huela a lucha social\u201d.<\/p>\n<p><strong>DERECHOS HUMANOS DE LA ONU EXIGE<\/strong><\/p>\n<p><strong>A GOBIERNO ESTATAL LOCALIZAR A SANDRA<\/strong><\/p>\n<figure id=\"attachment_960\" aria-describedby=\"caption-attachment-960\" style=\"width: 167px\" class=\"wp-caption alignright\"><a href=\"https:\/\/elcorreodeoaxaca.com\/wp-content\/uploads\/2024\/10\/SANDRA-Adolfo-Regino._10.jpg\"><img loading=\"lazy\" decoding=\"async\" class=\"size-medium wp-image-960\" src=\"https:\/\/elcorreodeoaxaca.com\/wp-content\/uploads\/2024\/10\/SANDRA-Adolfo-Regino._10-177x300.jpg\" alt=\"\" width=\"177\" height=\"300\" srcset=\"https:\/\/elcorreodeoaxaca.com\/wp-content\/uploads\/2024\/10\/SANDRA-Adolfo-Regino._10-177x300.jpg 177w, https:\/\/elcorreodeoaxaca.com\/wp-content\/uploads\/2024\/10\/SANDRA-Adolfo-Regino._10-198x335.jpg 198w, https:\/\/elcorreodeoaxaca.com\/wp-content\/uploads\/2024\/10\/SANDRA-Adolfo-Regino._10.jpg 441w\" sizes=\"auto, (max-width: 177px) 100vw, 177px\" \/><\/a><figcaption id=\"caption-attachment-960\" class=\"wp-caption-text\">Adolfo Regino Montes<\/figcaption><\/figure>\n<p>Octubre 9.- La Oficina en M\u00e9xico del\u00a0Alto Comisionado de la ONU\u00a0para los Derechos Humanos, exigi\u00f3 al gobierno de Oaxaca, que encabeza Salom\u00f3n Jara, localizar a\u00a0Sandra Estefana Dom\u00ednguez Mart\u00ednez\u00a0y a su esposo Alexander Hern\u00e1ndez Hern\u00e1ndez,\u00a0quienes se encuentran desaparecidos desde el 4 de octubre.<\/p>\n<p>\u201cExhortamos a las autoridades estatales la investigaci\u00f3n y b\u00fasqueda a\u00a0coordinar estrat\u00e9gicamente sus esfuerzos para localizarlos\u00a0y esclarecer los hechos, respetando el derecho de participaci\u00f3n de familiares y amistades, conforme los Principios Rectores para la B\u00fasqueda de Personas del CED\u201d, inform\u00f3 la Oficina en M\u00e9xico del Alto Comisionado de la ONU.<\/p>\n<p><strong>DURANTE EL 2020, SANDRA,\u00a0<\/strong><\/p>\n<p><strong>RECIBI\u00d3 AMENAZAS DE MUERTE<\/strong><\/p>\n<p>Octubre 10.-\u00a0El a\u00f1o pasado, Sandra Dom\u00ednguez, a trav\u00e9s de un video, le exigi\u00f3 al\u00a0Coordinador de Delegados de Paz en Oaxaca,\u00a0Donato Vargas, que renuncie a su cargo porque \u201cotra vez est\u00e1 involucrado en un chat donde exhiben a mujeres en situaciones sexuales\u201d; adem\u00e1s, manifest\u00f3 que ante este caso Salom\u00f3n Jara Cruz se ha mostrado omiso pese a la sistem\u00e1tica violencia contra las mujeres y las respectivas denuncias.<\/p>\n<p>Transcurridos 365 d\u00edas, familiares de Sandra denunciaron su desaparici\u00f3n el 8 de octubre y dieron a conocer que la\u00a0camioneta\u00a0en que se trasladaban habr\u00eda sido localizada en los l\u00edmites de Oaxaca y Veracruz, entre\u00a0Tuxtepec y Playa Vicente.<\/p>\n<p>&nbsp;<\/p>\n<p>La\u00a0abogada hab\u00eda recibido amenazas de muerte\u00a0en 2020 por haber denunciado la creaci\u00f3n de los\u00a0chats Sierra XXX y Mega Peda, donde funcionarios estatales y federales compart\u00edan fotograf\u00edas y videos que cosifican a las mujeres ind\u00edgenas, delito que qued\u00f3 en la impunidad.<\/p>\n<p><strong>EMITE FGEO\u00a0DESDE MARTES <\/strong><\/p>\n<p><strong>7 UNA FICHA DE B\u00daSQUEDA<\/strong><\/p>\n<p>Octubre 7.- La Fiscal\u00eda General del Estado de Oaxaca emiti\u00f3 este martes una ficha de b\u00fasqueda para localizar a Sandra Estefana Dom\u00ednguez Mart\u00ednez, abogada y defensora mixe que, en marzo del a\u00f1o pasado, denunci\u00f3 la participaci\u00f3n de funcionarios estatales en grupos de chat dedicados al acoso de mujeres.<\/p>\n<p><strong>FELICIANO L\u00d3PEZ, DESAPARECI\u00d3 EL 5 DE\u00a0<\/strong><\/p>\n<p><strong>OCTUBRE; EL 9 FUE ENCONTRADO MUERTO<\/strong><\/p>\n<p>Octubre 9.- La b\u00fasqueda de Feliciano L\u00f3pez L\u00f3pez, de 59 a\u00f1os de edad, culmin\u00f3 al encontrar su cuerpo flotando sobre el r\u00edo de Uni\u00f3n Hidalgo.<\/p>\n<figure id=\"attachment_954\" aria-describedby=\"caption-attachment-954\" style=\"width: 165px\" class=\"wp-caption alignleft\"><a href=\"https:\/\/elcorreodeoaxaca.com\/wp-content\/uploads\/2024\/10\/SANDRA-Lizbeth-Victoria-Huerta.jpeg\"><img loading=\"lazy\" decoding=\"async\" class=\"size-medium wp-image-954\" src=\"https:\/\/elcorreodeoaxaca.com\/wp-content\/uploads\/2024\/10\/SANDRA-Lizbeth-Victoria-Huerta-175x300.jpeg\" alt=\"\" width=\"175\" height=\"300\" srcset=\"https:\/\/elcorreodeoaxaca.com\/wp-content\/uploads\/2024\/10\/SANDRA-Lizbeth-Victoria-Huerta-175x300.jpeg 175w, https:\/\/elcorreodeoaxaca.com\/wp-content\/uploads\/2024\/10\/SANDRA-Lizbeth-Victoria-Huerta-195x335.jpeg 195w, https:\/\/elcorreodeoaxaca.com\/wp-content\/uploads\/2024\/10\/SANDRA-Lizbeth-Victoria-Huerta.jpeg 441w\" sizes=\"auto, (max-width: 175px) 100vw, 175px\" \/><\/a><figcaption id=\"caption-attachment-954\" class=\"wp-caption-text\">Lizbeth Victoria Huerta<\/figcaption><\/figure>\n<p>Feliciano hab\u00eda sido reportado como desaparecido el pasado 5 de octubre.<\/p>\n<p>Cuatro d\u00edas despu\u00e9s, este mi\u00e9rcoles fue confirmada la identidad del cuerpo rescatado la tarde del martes.<\/p>\n<p>El hombre era cuidador de la l\u00ednea K del Corredor Interoce\u00e1nico en el Istmo de Tehuantepec.<\/p>\n<p>Personal de la Fiscal\u00eda intervino para entregar el cuerpo a sus familiares e iniciar la carpeta de investigaci\u00f3n.<\/p>\n<p>Su cad\u00e1ver fue encontrado en las aguas del r\u00edo de Uni\u00f3n Hidalgo.<\/p>\n","protected":false},"excerpt":{"rendered":"<p>Derechos Humanos de ONU exige al gobierno estatal su r\u00e1pida localizaci\u00f3n; su esposo, tambi\u00e9n desapareci\u00f3 Jes\u00fas Romero L\u00f3pez, responsable de la pol\u00edtica interna del estado, manifest\u00f3 que este caso \u00abse ha politizado\u00bb Donato Vargas, por su parte, manifest\u00f3 que desea que Sandra aparezca con vida y advirti\u00f3 que \u00abtodo es grilla\u00bb Un a\u00f1o despu\u00e9s de &#8230;<\/p>\n","protected":false},"author":1,"featured_media":957,"comment_status":"open","ping_status":"open","sticky":false,"template":"","format":"standard","meta":{"footnotes":""},"categories":[18],"tags":[],"class_list":["post-953","post","type-post","status-publish","format-standard","has-post-thumbnail","hentry","category-opinion"],"_links":{"self":[{"href":"https:\/\/elcorreodeoaxaca.com\/index.php?rest_route=\/wp\/v2\/posts\/953","targetHints":{"allow":["GET"]}}],"collection":[{"href":"https:\/\/elcorreodeoaxaca.com\/index.php?rest_route=\/wp\/v2\/posts"}],"about":[{"href":"https:\/\/elcorreodeoaxaca.com\/index.php?rest_route=\/wp\/v2\/types\/post"}],"author":[{"embeddable":true,"href":"https:\/\/elcorreodeoaxaca.com\/index.php?rest_route=\/wp\/v2\/users\/1"}],"replies":[{"embeddable":true,"href":"https:\/\/elcorreodeoaxaca.com\/index.php?rest_route=%2Fwp%2Fv2%2Fcomments&post=953"}],"version-history":[{"count":1,"href":"https:\/\/elcorreodeoaxaca.com\/index.php?rest_route=\/wp\/v2\/posts\/953\/revisions"}],"predecessor-version":[{"id":965,"href":"https:\/\/elcorreodeoaxaca.com\/index.php?rest_route=\/wp\/v2\/posts\/953\/revisions\/965"}],"wp:featuredmedia":[{"embeddable":true,"href":"https:\/\/elcorreodeoaxaca.com\/index.php?rest_route=\/wp\/v2\/media\/957"}],"wp:attachment":[{"href":"https:\/\/elcorreodeoaxaca.com\/index.php?rest_route=%2Fwp%2Fv2%2Fmedia&parent=953"}],"wp:term":[{"taxonomy":"category","embeddable":true,"href":"https:\/\/elcorreodeoaxaca.com\/index.php?rest_route=%2Fwp%2Fv2%2Fcategories&post=953"},{"taxonomy":"post_tag","embeddable":true,"href":"https:\/\/elcorreodeoaxaca.com\/index.php?rest_route=%2Fwp%2Fv2%2Ftags&post=953"}],"curies":[{"name":"wp","href":"https:\/\/api.w.org\/{rel}","templated":true}]}}