{"id":800,"date":"2024-10-05T18:48:02","date_gmt":"2024-10-05T23:48:02","guid":{"rendered":"https:\/\/elcorreodeoaxaca.com\/?p=800"},"modified":"2024-10-05T18:48:02","modified_gmt":"2024-10-05T23:48:02","slug":"oaxaca-ingobernable-presuntos-migrantes-asesinan-a-una-mujer-en-la-costa","status":"publish","type":"post","link":"https:\/\/elcorreodeoaxaca.com\/?p=800","title":{"rendered":"Oaxaca ingobernable : Presuntos migrantes asesinan  a una mujer en la Costa"},"content":{"rendered":"<p style=\"text-align: center;\"><em><strong>Quadrat\u00edn\/Marca<\/strong><\/em><\/p>\n<figure id=\"attachment_810\" aria-describedby=\"caption-attachment-810\" style=\"width: 290px\" class=\"wp-caption alignright\"><a href=\"https:\/\/elcorreodeoaxaca.com\/wp-content\/uploads\/2024\/10\/ingo-barra-de-copalita.jpeg\"><img loading=\"lazy\" decoding=\"async\" class=\"size-medium wp-image-810\" src=\"https:\/\/elcorreodeoaxaca.com\/wp-content\/uploads\/2024\/10\/ingo-barra-de-copalita-300x200.jpeg\" alt=\"\" width=\"300\" height=\"200\" srcset=\"https:\/\/elcorreodeoaxaca.com\/wp-content\/uploads\/2024\/10\/ingo-barra-de-copalita-300x200.jpeg 300w, https:\/\/elcorreodeoaxaca.com\/wp-content\/uploads\/2024\/10\/ingo-barra-de-copalita-335x223.jpeg 335w, https:\/\/elcorreodeoaxaca.com\/wp-content\/uploads\/2024\/10\/ingo-barra-de-copalita-272x182.jpeg 272w, https:\/\/elcorreodeoaxaca.com\/wp-content\/uploads\/2024\/10\/ingo-barra-de-copalita-720x480.jpeg 720w, https:\/\/elcorreodeoaxaca.com\/wp-content\/uploads\/2024\/10\/ingo-barra-de-copalita.jpeg 756w\" sizes=\"auto, (max-width: 300px) 100vw, 300px\" \/><\/a><figcaption id=\"caption-attachment-810\" class=\"wp-caption-text\">Barra de Copalita, Oaxaca<\/figcaption><\/figure>\n<p>Septiembre 4..- El feminicidio de Rebeca H.F., provoc\u00f3 la indignaci\u00f3n de los habitantes de Barra de Copalita, quienes exigieron justicia y que se aclaren de inmediato\u00a0\u00a0los hechos.<\/p>\n<p>Hay m\u00e1s de una versi\u00f3n del crimen de Rebeca, sin embargo el que m\u00e1s sospechas despierta es el hecho de que presuntos migrantes la asesinaron el lunes 30 de septiembre, lo que devino en que la poblaci\u00f3n realizara una asamblea en la que se llegaron a varios acuerdos, entre el que destaca que el ej\u00e9rcito mexicano, el Instituto Nacional de Migraci\u00f3n y la Polic\u00eda Estatal, comunicar\u00e1 a los grupos de migrantes a dejar la jurisdicci\u00f3n de Barra de Copalita.<\/p>\n<p>Tambi\u00e9n se convino para que los migrantes que van rumbo a Estados Unidos, se abstengan de cruzar por esa zona.<\/p>\n<p>Seg\u00fan versiones oficiales, se estableci\u00f3:<\/p>\n<p>1).- \u201cLa regulaci\u00f3n del ingreso:. Es decir, de inmediato, las autoridades locales implementar\u00e1n medidas estrictas para regular el ingreso de personas a la comunidad, prohibiendo la entrada de migrantes a Barra de Copalita\u201d.<\/p>\n<p>2).- \u201cEl retiro pac\u00edfico de los migrantes presentes en la comunidad para que abandonen el territorio, sin recurrir a acciones que violenten sus derechos humanos.<\/p>\n<p>&nbsp;<\/p>\n<p><strong>HALLAN CAD\u00c1VER DE UNA\u00a0<\/strong><\/p>\n<p><strong>MUJER EN R\u00cdO DE MIAHUATL\u00c1N<\/strong><\/p>\n<figure id=\"attachment_807\" aria-describedby=\"caption-attachment-807\" style=\"width: 290px\" class=\"wp-caption alignleft\"><a href=\"https:\/\/elcorreodeoaxaca.com\/wp-content\/uploads\/2024\/10\/ingo-hallan-flotando-cadaver-de-mujer.jpg\"><img loading=\"lazy\" decoding=\"async\" class=\"size-medium wp-image-807\" src=\"https:\/\/elcorreodeoaxaca.com\/wp-content\/uploads\/2024\/10\/ingo-hallan-flotando-cadaver-de-mujer-300x169.jpg\" alt=\"\" width=\"300\" height=\"169\" srcset=\"https:\/\/elcorreodeoaxaca.com\/wp-content\/uploads\/2024\/10\/ingo-hallan-flotando-cadaver-de-mujer-300x169.jpg 300w, https:\/\/elcorreodeoaxaca.com\/wp-content\/uploads\/2024\/10\/ingo-hallan-flotando-cadaver-de-mujer-335x188.jpg 335w, https:\/\/elcorreodeoaxaca.com\/wp-content\/uploads\/2024\/10\/ingo-hallan-flotando-cadaver-de-mujer-700x394.jpg 700w, https:\/\/elcorreodeoaxaca.com\/wp-content\/uploads\/2024\/10\/ingo-hallan-flotando-cadaver-de-mujer.jpg 756w\" sizes=\"auto, (max-width: 300px) 100vw, 300px\" \/><\/a><figcaption id=\"caption-attachment-807\" class=\"wp-caption-text\">Hallan flotando cad\u00e1ver de mujer en r\u00edo de Miahuatl\u00e1n<\/figcaption><\/figure>\n<p>Octubre 4.- Este viernes fue encontrado el cuerpo sin vida de una mujer en un r\u00edo de Miahuatl\u00e1n.<\/p>\n<p>Habitantes de la colonia Feliciano Garc\u00eda de Miahuatl\u00e1n, fueron los que reportaron el cuerpo de una mujer sin vida sobre las riberas del r\u00edo, a la altura del puente de La Juquilita.<\/p>\n<p>Elementos de la Polic\u00eda Municipal acordonaron el \u00e1rea para las investigaciones correspondientes.<\/p>\n<p>Hasta el momento se desconocen las causas de muerte y su identidad.<\/p>\n<p><strong>CON DISPAROS DE ARMA DE\u00a0<\/strong><\/p>\n<p><strong>FUEGO, MATAN A UNA MUJER<\/strong><\/p>\n<p>&nbsp;<\/p>\n<p>Octubre 1.- Una mujer muri\u00f3 dentro de su veh\u00edculo luego de recibir varios disparos. El ataque ocurri\u00f3 este lunes 30 de septiembre en la agencia Donaj\u00ed de la ciudad de Oaxaca.<\/p>\n<p>En las calles de Perif\u00e9rico, esquina con Hidalgo, en la salida para San Luis Beltr\u00e1n, personas desconocidas le dispararon.<\/p>\n<p>Param\u00e9dicos fueron llamados para que le brindaran los primeros auxilios, sin embargo la mujer qued\u00f3 inerte dentro de su veh\u00edculo.<\/p>\n<p>La Polic\u00eda Municipal de la ciudad de Oaxaca de Ju\u00e1rez confirm\u00f3 el deceso y activ\u00f3 el protocolo de resguardo de evidencias, mientras que personal de la Fiscal\u00eda General realizaban las diligencias correspondientes.<\/p>\n<p>&nbsp;<\/p>\n<p><strong>DUE\u00d1O DE PERROS QUE HIRIERON DE\u00a0<\/strong><\/p>\n<p><strong>MUERTE A ISIDRA TORRES, DETENIDO<\/strong><\/p>\n<p><strong>\u00a0<\/strong><\/p>\n<figure id=\"attachment_809\" aria-describedby=\"caption-attachment-809\" style=\"width: 290px\" class=\"wp-caption alignright\"><a href=\"https:\/\/elcorreodeoaxaca.com\/wp-content\/uploads\/2024\/10\/ingo-isidra-torres.png\"><img loading=\"lazy\" decoding=\"async\" class=\"size-medium wp-image-809\" src=\"https:\/\/elcorreodeoaxaca.com\/wp-content\/uploads\/2024\/10\/ingo-isidra-torres-300x221.png\" alt=\"\" width=\"300\" height=\"221\" srcset=\"https:\/\/elcorreodeoaxaca.com\/wp-content\/uploads\/2024\/10\/ingo-isidra-torres-300x221.png 300w, https:\/\/elcorreodeoaxaca.com\/wp-content\/uploads\/2024\/10\/ingo-isidra-torres-335x247.png 335w, https:\/\/elcorreodeoaxaca.com\/wp-content\/uploads\/2024\/10\/ingo-isidra-torres.png 756w\" sizes=\"auto, (max-width: 300px) 100vw, 300px\" \/><\/a><figcaption id=\"caption-attachment-809\" class=\"wp-caption-text\">Isidra Torres. Descanse en paz<\/figcaption><\/figure>\n<p>Octubre 4.-El due\u00f1o de los tres\u00a0\u00a0perros Pitbull que hirieron mortalmente a la corredora Isidra Torres, fue detenido el pasado mi\u00e9rcoles, al haber sido acusado de tener la propiedad de los animales; todos saben que su nombre es Marcelino y extra\u00f1amente, ni la misma autoridad ha proporcionado su media filiaci\u00f3n.<\/p>\n<p>Pese a que los hechos son irrefutables, en el caso de este ataque contra la maratonista, la redes sociales lo exhiben en las afueras del inmueble de la calle Arista, sede de unas oficinas de la Fiscal\u00eda General del Estado y al momento en que se le est\u00e1n leyendo sus derechos, al parecer una mujer intenta impedir el trabajo de las autoridades.<\/p>\n<p>Los hechos:<\/p>\n<p>1).- Ser propietario de los perros y no tenerlos amarrados.<\/p>\n<p>2).- Por ello el ataque a Isidra Mart\u00ednez, quien fue hospitalizada hace un mes\u2026 Le amputaron ambos brazos y tuvo algunas complicaciones, por lo cual falleci\u00f3.<\/p>\n<p>3.- Delito del que se le acusa a Marcelino, es de homicidio culposo.<\/p>\n<p>4).- Lo realiz\u00f3 Isidra antes del ataque de los perros: Dej\u00f3 su domicilio para ir a visitar a su hija en San Francisco Tutla, cuando tres perros de raza Pitbull la atacaron.<\/p>\n<p>5.- Ante ello fue internada en el Hospital Civil \u201cAurelio Valdivieso\u201d.<\/p>\n<p>&nbsp;<\/p>\n<p><strong>EN SAN FRANCISCO TUTLA EXIGEN JUSTICIA\u00a0<\/strong><\/p>\n<p><strong>POR LA MUERTE DE ISIDRA TORRES<\/strong><\/p>\n<p>&nbsp;<\/p>\n<figure id=\"attachment_806\" aria-describedby=\"caption-attachment-806\" style=\"width: 290px\" class=\"wp-caption alignleft\"><a href=\"https:\/\/elcorreodeoaxaca.com\/wp-content\/uploads\/2024\/10\/INGO-Claman-justicia-por-muerte-de-Isi.jpg\"><img loading=\"lazy\" decoding=\"async\" class=\"size-medium wp-image-806\" src=\"https:\/\/elcorreodeoaxaca.com\/wp-content\/uploads\/2024\/10\/INGO-Claman-justicia-por-muerte-de-Isi-300x300.jpg\" alt=\"\" width=\"300\" height=\"300\" srcset=\"https:\/\/elcorreodeoaxaca.com\/wp-content\/uploads\/2024\/10\/INGO-Claman-justicia-por-muerte-de-Isi-300x300.jpg 300w, https:\/\/elcorreodeoaxaca.com\/wp-content\/uploads\/2024\/10\/INGO-Claman-justicia-por-muerte-de-Isi-150x150.jpg 150w, https:\/\/elcorreodeoaxaca.com\/wp-content\/uploads\/2024\/10\/INGO-Claman-justicia-por-muerte-de-Isi-70x70.jpg 70w, https:\/\/elcorreodeoaxaca.com\/wp-content\/uploads\/2024\/10\/INGO-Claman-justicia-por-muerte-de-Isi-335x335.jpg 335w, https:\/\/elcorreodeoaxaca.com\/wp-content\/uploads\/2024\/10\/INGO-Claman-justicia-por-muerte-de-Isi-360x360.jpg 360w, https:\/\/elcorreodeoaxaca.com\/wp-content\/uploads\/2024\/10\/INGO-Claman-justicia-por-muerte-de-Isi-375x375.jpg 375w, https:\/\/elcorreodeoaxaca.com\/wp-content\/uploads\/2024\/10\/INGO-Claman-justicia-por-muerte-de-Isi-216x216.jpg 216w, https:\/\/elcorreodeoaxaca.com\/wp-content\/uploads\/2024\/10\/INGO-Claman-justicia-por-muerte-de-Isi.jpg 756w\" sizes=\"auto, (max-width: 300px) 100vw, 300px\" \/><\/a><figcaption id=\"caption-attachment-806\" class=\"wp-caption-text\">Claman justicia por muerte de Isi<\/figcaption><\/figure>\n<p>Octubre 1.- Justicia inmediata y sin impunidad\u2026<\/p>\n<p>Son las palabras que se escuchan en las calles de San Francisco Tutla, por la muerte de Isidra Torres, debido al ataque de tres perros Pitbull, propiedad de Marcelino N.<\/p>\n<p>Esta muerte que se viene a sumar a otra serie de irregularidades en materia de seguridad en la entidad y en la capital del estado, provocaron la reacci\u00f3n de la comunidad deportiva, de ah\u00ed que\u00a0\u00a0familiares, la comunidad de atletas de Oaxaca y amigos, llevaron a cabo una marcha que sali\u00f3 de la Fuente de las 8 Regiones al z\u00f3calo.<\/p>\n<p>La marcha sali\u00f3 de la Fuente de las 8 Regiones al Centro de la ciudad de Oaxaca.<\/p>\n<p>Las diferentes versiones establecen que Isidra Torres sufri\u00f3 graves heridas y le provocaron la amputaci\u00f3n de las dos extremidades superiores por las mordidas de los perros\u2026\u00a0\u00a0Despu\u00e9s de\u00a0\u00a0un mes internada en el \u201cAurelio Valdivieso\u201d, perdi\u00f3 la vida.<\/p>\n<p>Ahora,\u00a0\u00a0familiares,\u00a0\u00a0amigos Isidra, as\u00ed como atletas oaxaque\u00f1os, protestan y exigen la aprehensi\u00f3n del propietario o due\u00f1o de los perros\u2026 El Juez, cuyo nombre se desconoce,\u00a0\u00a0que atiende la causa neg\u00f3 la orden judicial, por lo que la FGEO pidi\u00f3\u00a0\u00a0una cita judicial para evitar que se registre la impunidad.<\/p>\n<p>&nbsp;<\/p>\n<p><strong>EN DIFERENTES PARTES DE LA\u00a0<\/strong><\/p>\n<p><strong>ENTIDAD HAY CUATRO ASESINADOS<\/strong><\/p>\n<p>&nbsp;<\/p>\n<figure id=\"attachment_805\" aria-describedby=\"caption-attachment-805\" style=\"width: 290px\" class=\"wp-caption alignright\"><a href=\"https:\/\/elcorreodeoaxaca.com\/wp-content\/uploads\/2024\/10\/ingo-hallan-muerto-a-policia-en-sn-fco.-ixhuatan.jpg\"><img loading=\"lazy\" decoding=\"async\" class=\"size-medium wp-image-805\" src=\"https:\/\/elcorreodeoaxaca.com\/wp-content\/uploads\/2024\/10\/ingo-hallan-muerto-a-policia-en-sn-fco.-ixhuatan-300x166.jpg\" alt=\"\" width=\"300\" height=\"166\" srcset=\"https:\/\/elcorreodeoaxaca.com\/wp-content\/uploads\/2024\/10\/ingo-hallan-muerto-a-policia-en-sn-fco.-ixhuatan-300x166.jpg 300w, https:\/\/elcorreodeoaxaca.com\/wp-content\/uploads\/2024\/10\/ingo-hallan-muerto-a-policia-en-sn-fco.-ixhuatan-150x83.jpg 150w, https:\/\/elcorreodeoaxaca.com\/wp-content\/uploads\/2024\/10\/ingo-hallan-muerto-a-policia-en-sn-fco.-ixhuatan-335x185.jpg 335w, https:\/\/elcorreodeoaxaca.com\/wp-content\/uploads\/2024\/10\/ingo-hallan-muerto-a-policia-en-sn-fco.-ixhuatan-225x125.jpg 225w, https:\/\/elcorreodeoaxaca.com\/wp-content\/uploads\/2024\/10\/ingo-hallan-muerto-a-policia-en-sn-fco.-ixhuatan.jpg 756w\" sizes=\"auto, (max-width: 300px) 100vw, 300px\" \/><\/a><figcaption id=\"caption-attachment-805\" class=\"wp-caption-text\">Hallan muerto a polic\u00eda en San Francisco Ixhuatan<\/figcaption><\/figure>\n<p>Octubre 1.-\u00a0\u00a0Cuatro asesinatos en territorio de Salom\u00f3n Jara. entre los que se encuentra el de una mujer y un integrante de la comunidad LGTB.<\/p>\n<p>1).- En Villa de San Blas Atempa fue encontrado un cuerpo sin vida, maniatado y con huellas de haber sido torturado.<\/p>\n<p>2).- Primero la desinformaci\u00f3n:\u00a0\u00a0Que se trataba de una persona del sexo femenino:\u00a0\u00a0despu\u00e9s se dijo que\u00a0\u00a0el cad\u00e1ver fue identificado como\u00a0\u00a0Mayt\u00e9 L.R., un\u00a0\u00a0miembro de la comunidad LGTB, y que Juchit\u00e1n de Zaragoza, era el municipio donde viv\u00eda.<\/p>\n<p>3).- Una mujer fue asesinada presuntamente por migrantes, cuando se encontraba en el fraccionamiento Miramar de la agencia de Barra Copalita; esto se registr\u00f3 en San Miguel del Puerto.<\/p>\n<p>3.- La\u00a0\u00a0v\u00edctima fue identificada como Rebeca H. F.<\/p>\n<p>4).- En otra poblaci\u00f3n del Istmo ( Santiago Niltepec ), fue muerto a balazos un trabajador del volante; su nombre, Mart\u00edn F.<\/p>\n<p>5).-\u00a0\u00a0Un individuo fue asesinado en Puerto Escondido; el cad\u00e1ver fue encontrado en<\/p>\n<p>la calle Agua Zarca del fraccionamiento Agua Marina.<\/p>\n<p>&nbsp;<\/p>\n<p><strong>MATAN A DOS PERSONAS EN\u00a0<\/strong><\/p>\n<p><strong>OCOTL\u00c1N; HAY OTRO CON HERIDAS<\/strong><\/p>\n<p><strong>\u00a0<\/strong><\/p>\n<figure id=\"attachment_804\" aria-describedby=\"caption-attachment-804\" style=\"width: 290px\" class=\"wp-caption alignleft\"><a href=\"https:\/\/elcorreodeoaxaca.com\/wp-content\/uploads\/2024\/10\/ingo-concepcion-papalo.jpeg\"><img loading=\"lazy\" decoding=\"async\" class=\"size-medium wp-image-804\" src=\"https:\/\/elcorreodeoaxaca.com\/wp-content\/uploads\/2024\/10\/ingo-concepcion-papalo-300x150.jpeg\" alt=\"\" width=\"300\" height=\"150\" srcset=\"https:\/\/elcorreodeoaxaca.com\/wp-content\/uploads\/2024\/10\/ingo-concepcion-papalo-300x150.jpeg 300w, https:\/\/elcorreodeoaxaca.com\/wp-content\/uploads\/2024\/10\/ingo-concepcion-papalo-335x168.jpeg 335w, https:\/\/elcorreodeoaxaca.com\/wp-content\/uploads\/2024\/10\/ingo-concepcion-papalo.jpeg 756w\" sizes=\"auto, (max-width: 300px) 100vw, 300px\" \/><\/a><figcaption id=\"caption-attachment-804\" class=\"wp-caption-text\">Concepci\u00f3n P\u00e1palo<\/figcaption><\/figure>\n<p>Octubre 2.- Dos personas fallecidas y dos m\u00e1s lesionadas, fue el saldo de un ataque armado registrado en el municipio de Ocotl\u00e1n de Morelos.<\/p>\n<p>Todo se registr\u00f3 en una bodega\u00a0\u00a0que est\u00e1 en la calle 16 de Septiembre ; la v\u00edctima se llamaba Reynaldo, cuya edad era de 22 a\u00f1os.<\/p>\n<p>Seg\u00fan versiones extraoficiales aseguran que\u00a0\u00a0dos sujetos a bordo de una motocicleta llegaron a la bodega\u00a0\u00a0y dispararon contra las personas que se encontraban\u00a0\u00a0en la bodega.<\/p>\n<p>Por otra parte, en Cinco Se\u00f1ores, una persona fue baleada; la versi\u00f3n oficial establece que se trat\u00f3 de un asalto.<\/p>\n<p>&nbsp;<\/p>\n<p><strong>HALLAN CAD\u00c1VER DE POLIC\u00cdA ESTATAL\u00a0<\/strong><\/p>\n<p><strong>EN EL ISTMO; TIENE HUELLAS DE TORTURA<\/strong><\/p>\n<p><strong>\u00a0<\/strong><\/p>\n<figure id=\"attachment_808\" aria-describedby=\"caption-attachment-808\" style=\"width: 290px\" class=\"wp-caption alignright\"><a href=\"https:\/\/elcorreodeoaxaca.com\/wp-content\/uploads\/2024\/10\/ingo-verificacion-vehicular.jpg\"><img loading=\"lazy\" decoding=\"async\" class=\"size-medium wp-image-808\" src=\"https:\/\/elcorreodeoaxaca.com\/wp-content\/uploads\/2024\/10\/ingo-verificacion-vehicular-300x138.jpg\" alt=\"\" width=\"300\" height=\"138\" srcset=\"https:\/\/elcorreodeoaxaca.com\/wp-content\/uploads\/2024\/10\/ingo-verificacion-vehicular-300x138.jpg 300w, https:\/\/elcorreodeoaxaca.com\/wp-content\/uploads\/2024\/10\/ingo-verificacion-vehicular-335x154.jpg 335w, https:\/\/elcorreodeoaxaca.com\/wp-content\/uploads\/2024\/10\/ingo-verificacion-vehicular.jpg 756w\" sizes=\"auto, (max-width: 300px) 100vw, 300px\" \/><\/a><figcaption id=\"caption-attachment-808\" class=\"wp-caption-text\">Verificaci\u00f3n vehicular en Oaxaca<\/figcaption><\/figure>\n<p>Octubre 3.- .- Con visibles huellas de tortura y sin vida fue localizado el cuerpo de un elemento de la Polic\u00eda Estatal de Oaxaca, secuestrado en la regi\u00f3n del Istmo de Tehuantepec.<\/p>\n<p>Fue en un predio ubicado a las orillas del municipio de San Francisco Ixhuat\u00e1n en que localizaron al elemento, identificado como Vidal P., quien d\u00edas antes fue privado de la libertad presuntamente por un grupo armado.<\/p>\n<p>Seg\u00fan los primeros reportes informativos, el uniformado, dependiente de la Secretar\u00eda de Seguridad y Protecci\u00f3n Ciudadana de Oaxaca, caminaba junto con su hija cuando fue plagiado.<\/p>\n<p>Ayer mi\u00e9rcoles, pobladores de Ixhuat\u00e1n caminaban por la zona cuando hallaron el cuerpo sin vida, al parecer con impactos de arma de fuego, por lo cual dieron aviso a las autoridades.<\/p>\n<p>Personal de la Vicefiscal\u00eda Regional del Istmo, dependiente de la Fiscal\u00eda General del Estado de Oaxaca, inici\u00f3 la carpeta de investigaci\u00f3n correspondiente, para dar con los responsables del crimen.<\/p>\n<p>Apenas el pasado 15 de septiembre, sujetos armados buscaban a un polic\u00eda estatal en su domicilio, en la colonia 25 de Mayo de Juchit\u00e1n de Zaragoza y, al no hallarlo, dispararon en contra de la vivienda, lo que dej\u00f3 como saldo dos vecinos lesionados y trasladados a un hospital.<\/p>\n<p>&nbsp;<\/p>\n<p><strong>ACUSAN PRESUNTA MALVERSACI\u00d3N\u00a0<\/strong><\/p>\n<p><strong>DE RECURSOS EN CONCEPCI\u00d3N P\u00c1PALO<\/strong><\/p>\n<p>&nbsp;<\/p>\n<figure id=\"attachment_803\" aria-describedby=\"caption-attachment-803\" style=\"width: 156px\" class=\"wp-caption alignleft\"><a href=\"https:\/\/elcorreodeoaxaca.com\/wp-content\/uploads\/2024\/10\/ingo-asuncion-contreras-castillo.jpeg\"><img loading=\"lazy\" decoding=\"async\" class=\"size-medium wp-image-803\" src=\"https:\/\/elcorreodeoaxaca.com\/wp-content\/uploads\/2024\/10\/ingo-asuncion-contreras-castillo-166x300.jpeg\" alt=\"\" width=\"166\" height=\"300\" srcset=\"https:\/\/elcorreodeoaxaca.com\/wp-content\/uploads\/2024\/10\/ingo-asuncion-contreras-castillo-166x300.jpeg 166w, https:\/\/elcorreodeoaxaca.com\/wp-content\/uploads\/2024\/10\/ingo-asuncion-contreras-castillo-185x335.jpeg 185w, https:\/\/elcorreodeoaxaca.com\/wp-content\/uploads\/2024\/10\/ingo-asuncion-contreras-castillo.jpeg 441w\" sizes=\"auto, (max-width: 166px) 100vw, 166px\" \/><\/a><figcaption id=\"caption-attachment-803\" class=\"wp-caption-text\">Asunci\u00f3n Contreras Castillo<\/figcaption><\/figure>\n<p>Octubre 2.- \u00a0Un grupo de pobladores de Concepci\u00f3n P\u00e1palo,\u00a0municipio ubicado\u00a0en la Sierra\u00a0Cuicateca, denunciaron presuntas irregularidades por parte de la autoridad municipal\u00a0presidida por Asunci\u00f3n Contreras Castillo.<\/p>\n<p>Los inconformes recalcaron\u00a0que los integrantes del cabildo solo\u00a0tienen la encomienda de administrar\u00a0los recursos econ\u00f3micos del pueblo, verificar que sean aplicados\u00a0y\u00a0cumplir con\u00a0la obligaci\u00f3n de rendir cuentas al pueblo.<\/p>\n<p>\u201cNo pueden seguir manejando al antojo los recursos p\u00fablicos,\u00a0pues\u00a0en contubernio\u00a0con las autoridades municipales\u00a0se\u00a0han\u00a0malversado\u00a0los recursos para la fiesta patronal\u201d, expusieron.<\/p>\n<p>Afirmaron que, quien avala y est\u00e1 de acuerdo es la presidenta municipal Asunci\u00f3n Contreras,\u00a0por lo que \u201choy decidimos levantar la voz\u00a0pese a\u00a0las represalias,\u00a0pues\u00a0tanto el gobierno estatal y la Federaci\u00f3n no han hecho nada ante estas anomal\u00edas, \u00bfcu\u00e1nto m\u00e1s tenemos que continuar soportando todo?, solapado por el poder pol\u00edtico que dicen ostentar\u00a0las autoridades municipales\u201d,\u00a0cuestionaron los vecinos inconformes.<\/p>\n<p><strong>\u00a0<\/strong><\/p>\n<p><strong>CUESTIONAN DESEMPE\u00d1O DE\u00a0<\/strong><\/p>\n<p><strong>EDIL DE SAN MART\u00cdN TOXPALAN<\/strong><\/p>\n<p>&nbsp;<\/p>\n<figure id=\"attachment_801\" aria-describedby=\"caption-attachment-801\" style=\"width: 155px\" class=\"wp-caption alignright\"><a href=\"https:\/\/elcorreodeoaxaca.com\/wp-content\/uploads\/2024\/10\/ingo-diputada-margarita-garcia.jpeg\"><img loading=\"lazy\" decoding=\"async\" class=\"size-medium wp-image-801\" src=\"https:\/\/elcorreodeoaxaca.com\/wp-content\/uploads\/2024\/10\/ingo-diputada-margarita-garcia-165x300.jpeg\" alt=\"\" width=\"165\" height=\"300\" srcset=\"https:\/\/elcorreodeoaxaca.com\/wp-content\/uploads\/2024\/10\/ingo-diputada-margarita-garcia-165x300.jpeg 165w, https:\/\/elcorreodeoaxaca.com\/wp-content\/uploads\/2024\/10\/ingo-diputada-margarita-garcia-185x335.jpeg 185w, https:\/\/elcorreodeoaxaca.com\/wp-content\/uploads\/2024\/10\/ingo-diputada-margarita-garcia.jpeg 441w\" sizes=\"auto, (max-width: 165px) 100vw, 165px\" \/><\/a><figcaption id=\"caption-attachment-801\" class=\"wp-caption-text\">Diputada Margarita Garc\u00eda<\/figcaption><\/figure>\n<p>Septiembre 30.- La develaci\u00f3n de un mural pintado en el municipio de San Mart\u00edn\u00a0Toxpalan\u00a0en reconocimiento al trabajo realizado durante el\u00a0sexenio\u00a0del presidente Andr\u00e9s Manuel L\u00f3pez Obrador, caus\u00f3 inconformidad entre un grupo de ciudadanos que cuestionaron el actuar del presidente municipal, Saint Mart\u00ednez, pues consideran que\u00a0\u00e9ste no\u00a0es congruente\u00a0con los ideales de la Cuarta Transformaci\u00f3n,\u00a0que tiene como prioridad apoyar a los sectores en vulnerabilidad.<\/p>\n<p>\u00abEn lo que no estamos de acuerdo es la forma\u00a0en\u00a0que\u00a0el edil\u00a0manipul\u00f3 a la gente,\u00a0pues\u00a0personas externas totalmente ajenas a esta comunidad\u00a0tergiversaron las cosas,\u00a0nosotros estamos en este partido\u00a0(Morena)\u00a0por convicci\u00f3n\u00a0y\u00a0no por inter\u00e9s, no recibimos sueldo alguno o cobramos cada quincena en alguna dependencia del gobierno estatal\u201d, expusieron.<\/p>\n<p>Mencionaron que ahora\u00a0que est\u00e1 por concluir el mandato del\u00a0Presidente\u00a0de la Rep\u00fablica\u00a0L\u00f3pez Obrador\u00a0se quiere rendir homenaje,\u00a0\u201cpero\u00a0prediquemos con el ejemplo, San Mart\u00edn\u00a0Toxpalan\u00a0ha sido presa de un grupo de personas que han hecho lo que se les viene en gana con la poblaci\u00f3n, han abusado de los cargos que tienen. Como muestra les recordamos qu\u00e9\u00a0pas\u00f3 en la agencia de Zaragoza\u00a0donde fue retenido el cami\u00f3n volteo, qu\u00e9 pas\u00f3 con la patrulla reci\u00e9n entregada por el gobierno estatal, \u00bfporqu\u00e9 no existi\u00f3\u00a0sanci\u00f3n alguna a quienes volcaron la unidad de motor?\u00bb,\u00a0cuestionaron.<\/p>\n<p>\u00ab\u00bfQu\u00e9\u00a0ha pasado con las obras del programa estatal\u00a0Trabajo\u00a0que\u00a0Transforma\u00a0tu\u00a0Municipio\u00a0(24 millones 539 mil pesos) donde todo es nula transparencia;\u00a0contin\u00faan sin rendir cuentas del ejercicio fiscal 2023,\u00a014 millones de pesos.\u00a0La Verdad para todos nosotros los verdaderos\u00a0obradoristas\u00a0toxpaltecos\u00a0el mural fue un insulto; prediquemos con el ejemplo,\u00a0no contin\u00faen explotando\u00a0la figura del se\u00f1or presidente para beneficios personales, nosotros s\u00ed\u00a0somos campesinos y a mucho orgullo\u00bb,\u00a0recalcaron.<\/p>\n<p>&nbsp;<\/p>\n<p><strong>EXIGEN CASTIGO POR MUERTE\u00a0<\/strong><\/p>\n<p><strong>DE UN PERRO EN TONAL\u00c1<\/strong><\/p>\n<p>&nbsp;<\/p>\n<p>Septiembre 30.- Organizaciones en defensa de los animales de la Mixteca, manifestaron su inconformidad y exigieron justicia y castigo a polic\u00edas municipales de Santo Domingo Tonal\u00e1, quienes presuntamente aseguraron y encarcelaron a un can de nombre \u2018Max\u2019, mismo que despu\u00e9s apareci\u00f3 muerto tirado en el basurero municipal.<\/p>\n<p>Al enterarse de los hechos, a trav\u00e9s de redes sociales iniciaron con las demandas de justicia, esperando que las autoridades correspondientes investiguen y sancionen a los polic\u00edas quienes presuntamente fueron los responsables de sacrificar el can.<\/p>\n<p>Los denunciantes difundieron un video como prueba donde se observa a elementos de la Polic\u00eda Municipal arribar a un domicilio ubicado en la calle Nezahualc\u00f3yotl, despu\u00e9s suben en la batea de la patrulla de la corporaci\u00f3n al can \u2018Max\u2019, mismo que despu\u00e9s aparece tras las rejas en los separos de Tonal\u00e1; posteriormente apareci\u00f3 tirado sin vida en el basurero municipal.<\/p>\n<p>El due\u00f1o del can refiri\u00f3 que no fueron informados de los motivos del aseguramiento del perrito y menos que ser\u00eda sacrificado, por lo que exigen a las autoridades competentes investiguen los hechos, refiriendo que ning\u00fan animal puede ser asesinado de dicha manera y tirado al basurero, por lo que tambi\u00e9n est\u00e1n en contra del maltrato animal.<\/p>\n<p><strong>BUSCAN ELIMINAR\u00a0<\/strong><\/p>\n<p><strong>VERIFICACI\u00d3N VEHICULAR<\/strong><\/p>\n<p>Septiembre 29.- Margarita Garc\u00eda\u00a0Garc\u00eda, diputada federal por el distrito de Huajuapan, afirm\u00f3 que la verificaci\u00f3n vehicular en Oaxaca es un fraude y que el \u201coperativo del alcohol\u00edmetro\u201d solo ha servido para que los municipios le roben su dinero a los ciudadanos.<\/p>\n<p>Respecto al \u201coperativo del alcohol\u00edmetro\u201d se\u00f1al\u00f3 que esto ha sido un abuso de las autoridades municipales para estafar a la gente que \u201clleva un grado de alcohol y que a partir de esto se aprovech\u00f3 para verificar el holograma de verificaci\u00f3n vehicular, anteriormente ya no se llevaba este programa, pero hoy vemos que se dio a conocer en el mes de febrero que el programa de verificaci\u00f3n ser\u00e1 aplicado en el 2025\u201d.<\/p>\n<p>A\u00f1adi\u00f3 que como la voz del pueblo de Oaxaca; \u201ctenemos un compromiso con el medio ambiente que efectivamente debe ser una oportunidad de servicio para los votantes y no la puerta de la corrupci\u00f3n en el estado de Oaxaca\u201d.<\/p>\n<p>En este sentido, Margarita Garc\u00eda, cit\u00f3 que actualmente se ha implementado la obligatoriedad del programa de verificaci\u00f3n de emisiones contaminantes para veh\u00edculos automotores que son cerca de 967 mil unidades de las cuales solo 709 mil son sujetas de estas revisiones ecol\u00f3gicas, ya que los veh\u00edculos dedicados al campo y la construcci\u00f3n est\u00e1n exentos de este programa.<\/p>\n<p>\u201cSin embargo es evidente la negligencia con la que se aplica el programa de verificaci\u00f3n ya que por las calles de Oaxaca se observa notablemente la corrupci\u00f3n que se lleva a cabo en este tema porque es la \u00fanica manera en la que no podemos explicar, \u00bfporqu\u00e9? En las avenidas de Oaxaca circulan camiones y otros autom\u00f3viles que contaminan terriblemente y de manera escandalosa, ya que hay que decirlo con todo respeto, son chatarras las que est\u00e1n circulando y son las que m\u00e1s contaminan y ah\u00ed las autoridades no intervienen\u201d, dijo.<\/p>\n<p>Finalmente dijo que es preocupante como las autoridades estatales est\u00e1n haciendo este negocio con los propietarios de los veh\u00edculos, \u201cya que es evidente la corrupci\u00f3n en el programa de verificaci\u00f3n, tambi\u00e9n en la administraci\u00f3n de los recursos locales captados por los impuestos y derechos de los propietarios de veh\u00edculos en el estado de Oaxaca, esto es evidente porque las v\u00edas vehiculares est\u00e1n llenas de baches, destruyendo los veh\u00edculos que circulan en Oaxaca\u201d.<\/p>\n","protected":false},"excerpt":{"rendered":"<p>Quadrat\u00edn\/Marca Septiembre 4..- El feminicidio de Rebeca H.F., provoc\u00f3 la indignaci\u00f3n de los habitantes de Barra de Copalita, quienes exigieron justicia y que se aclaren de inmediato\u00a0\u00a0los hechos. Hay m\u00e1s de una versi\u00f3n del crimen de Rebeca, sin embargo el que m\u00e1s sospechas despierta es el hecho de que presuntos migrantes la asesinaron el lunes &#8230;<\/p>\n","protected":false},"author":1,"featured_media":802,"comment_status":"open","ping_status":"open","sticky":false,"template":"","format":"standard","meta":{"footnotes":""},"categories":[19],"tags":[],"class_list":["post-800","post","type-post","status-publish","format-standard","has-post-thumbnail","hentry","category-columna"],"_links":{"self":[{"href":"https:\/\/elcorreodeoaxaca.com\/index.php?rest_route=\/wp\/v2\/posts\/800","targetHints":{"allow":["GET"]}}],"collection":[{"href":"https:\/\/elcorreodeoaxaca.com\/index.php?rest_route=\/wp\/v2\/posts"}],"about":[{"href":"https:\/\/elcorreodeoaxaca.com\/index.php?rest_route=\/wp\/v2\/types\/post"}],"author":[{"embeddable":true,"href":"https:\/\/elcorreodeoaxaca.com\/index.php?rest_route=\/wp\/v2\/users\/1"}],"replies":[{"embeddable":true,"href":"https:\/\/elcorreodeoaxaca.com\/index.php?rest_route=%2Fwp%2Fv2%2Fcomments&post=800"}],"version-history":[{"count":1,"href":"https:\/\/elcorreodeoaxaca.com\/index.php?rest_route=\/wp\/v2\/posts\/800\/revisions"}],"predecessor-version":[{"id":811,"href":"https:\/\/elcorreodeoaxaca.com\/index.php?rest_route=\/wp\/v2\/posts\/800\/revisions\/811"}],"wp:featuredmedia":[{"embeddable":true,"href":"https:\/\/elcorreodeoaxaca.com\/index.php?rest_route=\/wp\/v2\/media\/802"}],"wp:attachment":[{"href":"https:\/\/elcorreodeoaxaca.com\/index.php?rest_route=%2Fwp%2Fv2%2Fmedia&parent=800"}],"wp:term":[{"taxonomy":"category","embeddable":true,"href":"https:\/\/elcorreodeoaxaca.com\/index.php?rest_route=%2Fwp%2Fv2%2Fcategories&post=800"},{"taxonomy":"post_tag","embeddable":true,"href":"https:\/\/elcorreodeoaxaca.com\/index.php?rest_route=%2Fwp%2Fv2%2Ftags&post=800"}],"curies":[{"name":"wp","href":"https:\/\/api.w.org\/{rel}","templated":true}]}}