{"id":784,"date":"2024-10-05T18:38:06","date_gmt":"2024-10-05T23:38:06","guid":{"rendered":"https:\/\/elcorreodeoaxaca.com\/?p=784"},"modified":"2024-10-05T18:38:06","modified_gmt":"2024-10-05T23:38:06","slug":"toma-de-posesion-presidencial-no-habra-reeleccion-nepotismo-racismo-clasismo-ni-machismo-claudia-sheinbaum-pardo","status":"publish","type":"post","link":"https:\/\/elcorreodeoaxaca.com\/?p=784","title":{"rendered":"Toma de Posesi\u00f3n Presidencial&#8230; No habr\u00e1 reelecci\u00f3n, nepotismo, racismo, clasismo  ni machismo: Claudia Sheinbaum Pardo"},"content":{"rendered":"<ul>\n<li>\u201cContinuar\u00e1n todos los programas sociales de AMLO\u201d: Sheinbaum<\/li>\n<li>\u201cNo regresar\u00e1 la irresponsable guerra contra el narco, de Calder\u00f3n\u201d\u2026<\/li>\n<li>\u201cNo habr\u00e1 reelecci\u00f3n, nepotismo, racismo, clasismo ni machismo\u201d<\/li>\n<li>\u201cEn 2027 me someter\u00e9 a revocaci\u00f3n de Mandato\u201d<\/li>\n<li>Privilegiar\u00e1 apoyo a ciencia, innovaci\u00f3n, educaci\u00f3n y deporte<\/li>\n<li>Pese a demandas y amparos anuncia elecci\u00f3n del PJF en 2025<\/li>\n<\/ul>\n<p style=\"text-align: center;\"><em><strong>Elvia Andrade Barajas\/Reportajes Metropolitanos<\/strong><\/em><\/p>\n<p><strong>\u00a0<\/strong><\/p>\n<figure id=\"attachment_794\" aria-describedby=\"caption-attachment-794\" style=\"width: 290px\" class=\"wp-caption alignright\"><a href=\"https:\/\/elcorreodeoaxaca.com\/wp-content\/uploads\/2024\/10\/TOMA-ifigenia-mtz.jpg\"><img loading=\"lazy\" decoding=\"async\" class=\"size-medium wp-image-794\" src=\"https:\/\/elcorreodeoaxaca.com\/wp-content\/uploads\/2024\/10\/TOMA-ifigenia-mtz-300x156.jpg\" alt=\"\" width=\"300\" height=\"156\" srcset=\"https:\/\/elcorreodeoaxaca.com\/wp-content\/uploads\/2024\/10\/TOMA-ifigenia-mtz-300x156.jpg 300w, https:\/\/elcorreodeoaxaca.com\/wp-content\/uploads\/2024\/10\/TOMA-ifigenia-mtz-335x175.jpg 335w, https:\/\/elcorreodeoaxaca.com\/wp-content\/uploads\/2024\/10\/TOMA-ifigenia-mtz.jpg 756w\" sizes=\"auto, (max-width: 300px) 100vw, 300px\" \/><\/a><figcaption id=\"caption-attachment-794\" class=\"wp-caption-text\">Ifigenia Mart\u00ednez le entreg\u00f3 la banda presidencial<\/figcaption><\/figure>\n<p>Con un M\u00e9xico dividido, inseguridad al tope, protestas del Poder Judicial, una lluvia de demandas de amparos por las reformas a este, la herencia de concretar el segundo piso de la 4T y malos augurios planetarios, Claudia Sheinbaum, tom\u00f3 protesta como primera mujer presidenta de M\u00e9xico, despu\u00e9s de 503 a\u00f1os, 200 de la Rep\u00fablica y 303 de la Colonia, en los que los gobernantes de M\u00e9xico fueron hombres.<\/p>\n<p>La dirigente izquierdista jurament\u00f3 ante las dos C\u00e1maras del parlamento casi cuatro meses despu\u00e9s de su abrumador triunfo electoral e iniciar\u00e1 su mandato este mi\u00e9rcoles 2 de octubre, cuando se registrar\u00e1 un eclipse solar, por lo que \u00a0los astr\u00f3logos anticipan graves problemas en su gobierno, incluso comparan que el Rey Carlos de Inglaterra asumi\u00f3 la corona en las mismas condiciones y tiempo despu\u00e9s abdic\u00f3 a causa de un c\u00e1ncer.<\/p>\n<p>Sin embargo, la cient\u00edfica Claudia Sheinbaum no teme a estos pron\u00f3sticos y otros que le anuncian un mandato muy dif\u00edcil y lleg\u00f3 a la C\u00e1mara de Diputados acompa\u00f1ada de su esposo y su guardia personal integrada en gran parte por mujeres.<\/p>\n<figure id=\"attachment_790\" aria-describedby=\"caption-attachment-790\" style=\"width: 158px\" class=\"wp-caption alignleft\"><a href=\"https:\/\/elcorreodeoaxaca.com\/wp-content\/uploads\/2024\/10\/toma-felipe-calderon.jpeg\"><img loading=\"lazy\" decoding=\"async\" class=\"size-medium wp-image-790\" src=\"https:\/\/elcorreodeoaxaca.com\/wp-content\/uploads\/2024\/10\/toma-felipe-calderon-168x300.jpeg\" alt=\"\" width=\"168\" height=\"300\" srcset=\"https:\/\/elcorreodeoaxaca.com\/wp-content\/uploads\/2024\/10\/toma-felipe-calderon-168x300.jpeg 168w, https:\/\/elcorreodeoaxaca.com\/wp-content\/uploads\/2024\/10\/toma-felipe-calderon-188x335.jpeg 188w, https:\/\/elcorreodeoaxaca.com\/wp-content\/uploads\/2024\/10\/toma-felipe-calderon.jpeg 441w\" sizes=\"auto, (max-width: 168px) 100vw, 168px\" \/><\/a><figcaption id=\"caption-attachment-790\" class=\"wp-caption-text\">Felipe Calder\u00f3n<\/figcaption><\/figure>\n<p>Sheinbaum recibi\u00f3 la banda presidencial de manos la diputada Ifigenia Mart\u00ednez y de Andr\u00e9s Manuel L\u00f3pez 0brador, quien dej\u00f3 el cargo con una aprobaci\u00f3n de 68%, pese a que entreg\u00f3 el pa\u00eds con un alto \u00edndice de criminalidad, que se dispar\u00f3 ante su pol\u00edtica de \u201cabrazos y no balazos\u201d, misma que continuar\u00e1 Sheinbaum<\/p>\n<p>La nueva presidenta inicia su mandato de seis a\u00f1os en medio de protestas por la reciente reforma del poder judicial que convertir\u00e1 a M\u00e9xico en el \u00fanico pa\u00eds del mundo en elegir a todos sus jueces por voto popular, lo que gener\u00f3 que trabajadores del Poder Judicial realizar\u00e1n un nutrido mitin en el Paseo de la Reforma, para inconformarse por los cambios en la Constituci\u00f3n.<\/p>\n<p>Estados Unidos critic\u00f3 la reforma al PJF diciendo que representa un riesgo y una amenaza para las relaciones entre los dos pa\u00edses.<\/p>\n<p>Cient\u00edfica de carrera, Claudia Sheinbaum prometi\u00f3 continuar con la agresiva agenda de reformas del presidente saliente Andr\u00e9s Manuel L\u00f3pez Obrador, quien ignor\u00f3 a la presidenta de la Suprema Corte de Justicia, Norma Pi\u00f1a, quien junto con todos los trabajadores del Poder Judicial se ha opuesto a las reformas del PJF, que ha recibido el fallo a favor de varios jueces ordenando al gobierno federal y al INE frenar la publicaci\u00f3n de estas por ser inconstitucionales, pero hasta hoy las \u00f3rdenes judiciales han sido desacatadas cometiendo con ello un delito federal.<\/p>\n<p>En la C\u00e1mara de Diputados y en el z\u00f3calo capitalino, la presidenta de M\u00e9xico resalt\u00f3 las virtudes de su predecesor y dijo que AMLO es un gran pol\u00edtico, incluso lo compar\u00f3 con el expresidente Adolfo L\u00f3pez Mateos, lo que tambi\u00e9n fue muy criticado, \u00a0ya que tras las reformas que orden\u00f3 el tabasque\u00f1o, se gan\u00f3 la oposici\u00f3n de trabajadores del PJF que en todos sus eventos finales le gritaron \u00a1dictador!<\/p>\n<figure id=\"attachment_789\" aria-describedby=\"caption-attachment-789\" style=\"width: 290px\" class=\"wp-caption alignright\"><a href=\"https:\/\/elcorreodeoaxaca.com\/wp-content\/uploads\/2024\/10\/TOMA-PARO-DE-TRABAJADORES.jpg\"><img loading=\"lazy\" decoding=\"async\" class=\"size-medium wp-image-789\" src=\"https:\/\/elcorreodeoaxaca.com\/wp-content\/uploads\/2024\/10\/TOMA-PARO-DE-TRABAJADORES-300x200.jpg\" alt=\"\" width=\"300\" height=\"200\" srcset=\"https:\/\/elcorreodeoaxaca.com\/wp-content\/uploads\/2024\/10\/TOMA-PARO-DE-TRABAJADORES-300x200.jpg 300w, https:\/\/elcorreodeoaxaca.com\/wp-content\/uploads\/2024\/10\/TOMA-PARO-DE-TRABAJADORES-335x223.jpg 335w, https:\/\/elcorreodeoaxaca.com\/wp-content\/uploads\/2024\/10\/TOMA-PARO-DE-TRABAJADORES-272x182.jpg 272w, https:\/\/elcorreodeoaxaca.com\/wp-content\/uploads\/2024\/10\/TOMA-PARO-DE-TRABAJADORES-720x480.jpg 720w, https:\/\/elcorreodeoaxaca.com\/wp-content\/uploads\/2024\/10\/TOMA-PARO-DE-TRABAJADORES.jpg 756w\" sizes=\"auto, (max-width: 300px) 100vw, 300px\" \/><\/a><figcaption id=\"caption-attachment-789\" class=\"wp-caption-text\">Paro de trabajadores del Poder Judicial<\/figcaption><\/figure>\n<p>En la Plaza de la Constituci\u00f3n y luego de que una representante de las mujeres ind\u00edgenas la impregnaron del humo de incienso de copal y le entreg\u00f3 el Bast\u00f3n de Mando, la cient\u00edfica enumer\u00f3 los 100 puntos de compromiso de su gobierno, en los que resalt\u00f3:<\/p>\n<p>No habr\u00e1 reelecci\u00f3n, nepotismo, racismo, clasismo ni machismo.<\/p>\n<p>Pese a la lluvia de juicios de demandas y amparos que hay contra la reforma al Poder Judicial sosteniendo su inconstitucionalidad, la nueva presidenta de M\u00e9xico anunci\u00f3 que en junio de 2025 habr\u00e1 elecciones para jueces y magistrados y que en 2027 se someter\u00e1 a revocaci\u00f3n de mandato.<\/p>\n<p>Fue hasta el punto 100 donde habla de la seguridad, materia en la que su antecesor reprob\u00f3, dej\u00e1ndole un pa\u00eds incendiado por la furia de los carteles enfrent\u00e1ndose en todo el pa\u00eds, principalmente en Sinaloa, la cuna del narcotr\u00e1fico.<\/p>\n<p>\u201cNo regresar\u00e1 la irresponsable guerra contra el narco, de Calder\u00f3n. Estamos consolidando la estrategia, que consiste en cuatro ejes: atenci\u00f3n a las causas, fortalecimiento de la Guardia Nacional, inteligencia e investigaci\u00f3n, y coordinaci\u00f3n, con redes de j\u00f3venes que rescaten a otros j\u00f3venes\u201d, dijo.<\/p>\n<figure id=\"attachment_791\" aria-describedby=\"caption-attachment-791\" style=\"width: 290px\" class=\"wp-caption alignleft\"><a href=\"https:\/\/elcorreodeoaxaca.com\/wp-content\/uploads\/2024\/10\/TOMA-INCONFORMIDAD-DE-TRabajadores.jpeg\"><img loading=\"lazy\" decoding=\"async\" class=\"size-medium wp-image-791\" src=\"https:\/\/elcorreodeoaxaca.com\/wp-content\/uploads\/2024\/10\/TOMA-INCONFORMIDAD-DE-TRabajadores-300x187.jpeg\" alt=\"\" width=\"300\" height=\"187\" srcset=\"https:\/\/elcorreodeoaxaca.com\/wp-content\/uploads\/2024\/10\/TOMA-INCONFORMIDAD-DE-TRabajadores-300x187.jpeg 300w, https:\/\/elcorreodeoaxaca.com\/wp-content\/uploads\/2024\/10\/TOMA-INCONFORMIDAD-DE-TRabajadores-335x209.jpeg 335w, https:\/\/elcorreodeoaxaca.com\/wp-content\/uploads\/2024\/10\/TOMA-INCONFORMIDAD-DE-TRabajadores.jpeg 756w\" sizes=\"auto, (max-width: 300px) 100vw, 300px\" \/><\/a><figcaption id=\"caption-attachment-791\" class=\"wp-caption-text\">Inconformidad de trabajadores<\/figcaption><\/figure>\n<p>neg\u00f3 que se haya militarizado el pa\u00eds, que no se han violado los derechos humanos. Adem\u00e1s, la comandanta suprema de la Fuerzas Armadas es una civil y es mujer, y nunca vamos a dar una orden para reprimir al pueblo de M\u00e9xico.<\/p>\n<p>Inform\u00f3 que la Secretar\u00eda de la Funci\u00f3n P\u00fablica \u2014y tiene a una mujer \u00edntegra\u2014 se convierte en la Secretar\u00eda Anticorrupci\u00f3n y de Buen Gobierno.<\/p>\n<p>Asegur\u00f3 que mantendr\u00e1 un gobierno austero, sin avi\u00f3n presidencial, Estado Mayor presidencial y vivir\u00e1 en Palacio Nacional.<\/p>\n<p>Prometi\u00f3 que no habr\u00e1 alzas en la canasta b\u00e1sica ni gasolinazos, mantendr\u00e1 todos los programas sociales creados por L\u00f3pez Obrador, impulsar la ciencia, la innovaci\u00f3n y la conectividad, producci\u00f3n mexicana de litio con desarrollo propio, crear una f\u00e1brica de software p\u00fablico y un centro de ciberseguridad e inteligencia artificial, producci\u00f3n de drones, equipos de diagn\u00f3stico y monitoreo de enfermedades y tecnolog\u00edas para el ahorro de agua y energ\u00eda.<\/p>\n<p>Anunci\u00f3 apoyo para deportistas de alto rendimiento, promover e impulsar la educaci\u00f3n art\u00edstica, literaria y de artes pl\u00e1ticas en las escuelas, respaldo a los artistas para su actividad y remuneraci\u00f3n justa, promover\u00e1 la lectura, consolidar el IMSS bienestar como el mejor sistema de salud, ampliar\u00e1n centros de salud iniciando en el Estado de M\u00e9xico, operaciones gratuitas de cataratas y rodilla en todo el pa\u00eds, apoyos a j\u00f3venes para rentar, comprar casa y cr\u00e9ditos para mejorarlas, escrituraci\u00f3n de viviendas y agua para el Estado de M\u00e9xico.<\/p>\n<figure id=\"attachment_788\" aria-describedby=\"caption-attachment-788\" style=\"width: 290px\" class=\"wp-caption alignright\"><a href=\"https:\/\/elcorreodeoaxaca.com\/wp-content\/uploads\/2024\/10\/toma-la-mandataria.jpg\"><img loading=\"lazy\" decoding=\"async\" class=\"size-medium wp-image-788\" src=\"https:\/\/elcorreodeoaxaca.com\/wp-content\/uploads\/2024\/10\/toma-la-mandataria-300x200.jpg\" alt=\"\" width=\"300\" height=\"200\" srcset=\"https:\/\/elcorreodeoaxaca.com\/wp-content\/uploads\/2024\/10\/toma-la-mandataria-300x200.jpg 300w, https:\/\/elcorreodeoaxaca.com\/wp-content\/uploads\/2024\/10\/toma-la-mandataria-335x223.jpg 335w, https:\/\/elcorreodeoaxaca.com\/wp-content\/uploads\/2024\/10\/toma-la-mandataria-272x182.jpg 272w, https:\/\/elcorreodeoaxaca.com\/wp-content\/uploads\/2024\/10\/toma-la-mandataria-720x480.jpg 720w, https:\/\/elcorreodeoaxaca.com\/wp-content\/uploads\/2024\/10\/toma-la-mandataria.jpg 756w\" sizes=\"auto, (max-width: 300px) 100vw, 300px\" \/><\/a><figcaption id=\"caption-attachment-788\" class=\"wp-caption-text\">La mandataria vivir\u00e1 en Palacio Nacional<\/figcaption><\/figure>\n<p>Crear\u00e1 la primera Secretar\u00eda de las Mujeres, que entre otras cosas propone salarios igualitarios, se establecer\u00e1 que el agresor sale de casa y no la mujer ni los hijos, homologaci\u00f3n del feminicidio de todos los tipos en el pa\u00eds, cartilla de Derechos y redes comunitarias para ellas, aumento progresivo del salario m\u00ednimo, de pensiones.<\/p>\n<p>Impulsar\u00e1 PEMEX y la CFE para producir el petr\u00f3leo y la energ\u00eda necesaria para el consumo nacional y no importar, impulsar la ampliaci\u00f3n de puentes fronterizos, hacer el Tren Maya de carga, ampliar\u00e1 los trenes de pasajeros incluyendo la hist\u00f3rica ruta M\u00e9xico-Puebla- Veracruz.<\/p>\n<p>Anunci\u00f3 un magno programa de bacheo federal en carreteras del todo el pa\u00eds, fortalecer\u00e1n Mexicana de Aviaci\u00f3n con nuevos aviones, adem\u00e1s de ampliar aeropuertos, crear 100 nuevos parque industriales en todo el pa\u00eds, ampliar la generaci\u00f3n de energ\u00eda solar, producci\u00f3n de litio y cobre, limpiar y sanear los r\u00edos m\u00e1s contaminados del pa\u00eds: el Lerma, Santiago, R\u00edo Tula y el Atoyac, construcci\u00f3n de plantas recicladora de basura, reforestar bosques y selvas.<\/p>\n<p>50 DE LOS 100 PROYECTOS<\/p>\n<p>DEL SEGUNDO PISO DE LA 4T<\/p>\n<p>LOS 100 PUNTOS:<\/p>\n<p>Uno. Gobernaremos con la obligada divisi\u00f3n entre el poder econ\u00f3mico y el poder pol\u00edtico.<\/p>\n<p>Dos. Gobernaremos teniendo como sustento el Humanismo Mexicano<\/p>\n<p>Tres. Seremos un gobierno sensible y cercano a la gente. A partir de ma\u00f1ana reinician las ma\u00f1aneras del pueblo. En esta ocasi\u00f3n vamos a iniciar a las 7:30 de la ma\u00f1ana de la ma\u00f1ana, les vamos a dar media hora.<\/p>\n<figure id=\"attachment_792\" aria-describedby=\"caption-attachment-792\" style=\"width: 290px\" class=\"wp-caption alignleft\"><a href=\"https:\/\/elcorreodeoaxaca.com\/wp-content\/uploads\/2024\/10\/toma-no-habra-gasolinazos.jpeg\"><img loading=\"lazy\" decoding=\"async\" class=\"size-medium wp-image-792\" src=\"https:\/\/elcorreodeoaxaca.com\/wp-content\/uploads\/2024\/10\/toma-no-habra-gasolinazos-300x168.jpeg\" alt=\"\" width=\"300\" height=\"168\" srcset=\"https:\/\/elcorreodeoaxaca.com\/wp-content\/uploads\/2024\/10\/toma-no-habra-gasolinazos-300x168.jpeg 300w, https:\/\/elcorreodeoaxaca.com\/wp-content\/uploads\/2024\/10\/toma-no-habra-gasolinazos-150x83.jpeg 150w, https:\/\/elcorreodeoaxaca.com\/wp-content\/uploads\/2024\/10\/toma-no-habra-gasolinazos-335x187.jpeg 335w, https:\/\/elcorreodeoaxaca.com\/wp-content\/uploads\/2024\/10\/toma-no-habra-gasolinazos-700x394.jpeg 700w, https:\/\/elcorreodeoaxaca.com\/wp-content\/uploads\/2024\/10\/toma-no-habra-gasolinazos-225x125.jpeg 225w, https:\/\/elcorreodeoaxaca.com\/wp-content\/uploads\/2024\/10\/toma-no-habra-gasolinazos.jpeg 756w\" sizes=\"auto, (max-width: 300px) 100vw, 300px\" \/><\/a><figcaption id=\"caption-attachment-792\" class=\"wp-caption-text\">No habr\u00e1 gasolinazos, afirm\u00f3<\/figcaption><\/figure>\n<p>Cuatro. Garantizaremos todas las libertades: la de expresi\u00f3n, de prensa, de reuni\u00f3n, de movilizaci\u00f3n.<\/p>\n<p>Cinco. Respetaremos y garantizaremos la diversidad religiosa, pol\u00edtica, social, cultural y sexual de nuestra sociedad. No al racismo, no al clasismo y no al machismo.<\/p>\n<p>Seis. La pol\u00edtica exterior seguir\u00e1 los principios constitucionales de la libre autodeterminaci\u00f3n de los pueblos, la no intervenci\u00f3n y la soluci\u00f3n pac\u00edfica de controversias.<\/p>\n<p>Siete. Atenci\u00f3n especial y digna \u00a0a paisanos en los consulados que est\u00e1n en los Estados Unidos y otros pa\u00edses.<\/p>\n<p>Ocho. Ya se aprob\u00f3 la reforma judicial. En unos d\u00edas, en unos d\u00edas el Senado de la Rep\u00fablica va a emitir la convocatoria, porque la elecci\u00f3n es en junio del 2025.<\/p>\n<p>Nueve. Seguiremos trabajando con los familiares\u00a0de Ayotzinapa.<\/p>\n<ol start=\"10\">\n<li>En su momento impulsaremos la reforma constitucional al sistema electoral.\u00a0En 2027 me someter\u00e9 a revocaci\u00f3n de mandato, como lo establece la Constituci\u00f3n.<\/li>\n<li>No reelecci\u00f3n, para que a partir del 2030 ning\u00fan puesto de elecci\u00f3n popular pueda ser reelecto.\u00a0Tengo otras: ni presidentes municipales, ni senadores, ni diputados. Impulsaremos la prohibici\u00f3n de suceder a un familiar directo en los cargos de elecci\u00f3n popular, no al nepotismo.<\/li>\n<li>Encabezaremos un\u00a0gobierno honesto, honrado, sin influyentismos ni nepotismos, corrupci\u00f3n o impunidad.\u00a0La Secretar\u00eda de la Funci\u00f3n P\u00fablica \u2014y tiene a una mujer \u00edntegra\u2014 se convierte en la Secretar\u00eda Anticorrupci\u00f3n y de Buen Gobierno.<\/li>\n<li>No regresar\u00e1 el modelo neoliberal\u00a0que tanto da\u00f1o le hizo a M\u00e9xico, se mantendr\u00e1 la econom\u00eda moral y el Humanismo Mexicano.<\/li>\n<li>No regresar\u00e1 el avi\u00f3n presidencial, tampoco el Estado Mayor Presidencial; ni tampoco vivir\u00e9 en Los Pinos, vamos a vivir ac\u00e1, en Palacio Nacional.\u00a0Vamos a mantener la austeridad rep\u00fablica, la disciplina financiera y fiscal; continuar\u00e1 un gobierno sin lujos y sin privilegios.\u00a0Est\u00e1 por aprobarse la reforma constitucional, ah\u00ed se la encargamos a los diputados y senadores para\u00a0que ahora s\u00ed nadie gane m\u00e1s que la presidenta de la Rep\u00fablica.\n<p><figure id=\"attachment_787\" aria-describedby=\"caption-attachment-787\" style=\"width: 290px\" class=\"wp-caption alignright\"><a href=\"https:\/\/elcorreodeoaxaca.com\/wp-content\/uploads\/2024\/10\/toma-banco-de-mexico.jpg\"><img loading=\"lazy\" decoding=\"async\" class=\"size-medium wp-image-787\" src=\"https:\/\/elcorreodeoaxaca.com\/wp-content\/uploads\/2024\/10\/toma-banco-de-mexico-300x182.jpg\" alt=\"\" width=\"300\" height=\"182\" srcset=\"https:\/\/elcorreodeoaxaca.com\/wp-content\/uploads\/2024\/10\/toma-banco-de-mexico-300x182.jpg 300w, https:\/\/elcorreodeoaxaca.com\/wp-content\/uploads\/2024\/10\/toma-banco-de-mexico-335x203.jpg 335w, https:\/\/elcorreodeoaxaca.com\/wp-content\/uploads\/2024\/10\/toma-banco-de-mexico.jpg 756w\" sizes=\"auto, (max-width: 300px) 100vw, 300px\" \/><\/a><figcaption id=\"caption-attachment-787\" class=\"wp-caption-text\">Banco de M\u00e9xico conservar\u00e1 su autonom\u00eda<\/figcaption><\/figure><\/li>\n<li>Respetaremos la autonom\u00eda del Banco de M\u00e9xico y mantendremos un equilibro razonable entre deuda y producto interno bruto<\/li>\n<li>Apoyaremos la econom\u00eda popular. No va a aumentar, como lo hizo el presidente L\u00f3pez Obrador en los \u00faltimos seis a\u00f1os, no aumentar\u00e1 la gasolina, ni el di\u00e9sel, ni la electricidad, ni el gas dom\u00e9stico por encima de la inflaci\u00f3n; tampoco aumentar\u00e1 la canasta b\u00e1sica. No van a regresar los gasolinazos.<\/li>\n<li>Vamos a facilitar el acceso al pago de impuestos, tr\u00e1mites y servicios. Crearemos el programa de reducci\u00f3n y digitalizaci\u00f3n de tr\u00e1mites m\u00e1s grande de nuestra historia; que viajen los papeles en l\u00ednea, no que hagan filas las personas. Rep\u00fablica fraterna.<\/li>\n<li>Estamos saldando las dudas hist\u00f3ricas que ten\u00edamos con los pueblos y las comunidades ind\u00edgenas y afromexicanas. Se aprob\u00f3 por unanimidad en el Congreso los derechos plenos de los pueblos ind\u00edgenas y afromexicanos; nos va a tocar a nosotros hacerlo realidad.\u00a0Van a continuar los planes de justicia para todos los pueblos; igualmente, promoveremos los derechos culturales y las lenguas originarias. Aqu\u00ed est\u00e1n las mujeres ind\u00edgenas, que son las que siempre llevan la lengua madre.<\/li>\n<li>Vamos a garantizar todos los Programas de Bienestar del presidente L\u00f3pez Obrador. Adem\u00e1s, tambi\u00e9n est\u00e1n por aprobarse en el Congreso para que pasen a la Constituci\u00f3n. Vamos a mencionarlos:<br \/>\nPensi\u00f3n universal para los adultos mayores; pensi\u00f3n a personas con discapacidad; becas \u2018Benito Ju\u00e1rez\u2019 para estudiantes de preparatoria p\u00fablica; becas a estudiantes de escasos recursos; Sembrando Vida; J\u00f3venes Construyendo el Futuro; Producci\u00f3n y Pesca para el Bienestar; Fertilizantes Gratuitos; Precios de Garant\u00eda; La Escuela es Nuestra y La Cl\u00ednica es Nuestra. Todos los vamos a mantener.<\/p>\n<p><figure id=\"attachment_786\" aria-describedby=\"caption-attachment-786\" style=\"width: 290px\" class=\"wp-caption alignleft\"><a href=\"https:\/\/elcorreodeoaxaca.com\/wp-content\/uploads\/2024\/10\/toma-nueva-escuela-mexicana.jpg\"><img loading=\"lazy\" decoding=\"async\" class=\"size-medium wp-image-786\" src=\"https:\/\/elcorreodeoaxaca.com\/wp-content\/uploads\/2024\/10\/toma-nueva-escuela-mexicana-300x167.jpg\" alt=\"\" width=\"300\" height=\"167\" srcset=\"https:\/\/elcorreodeoaxaca.com\/wp-content\/uploads\/2024\/10\/toma-nueva-escuela-mexicana-300x167.jpg 300w, https:\/\/elcorreodeoaxaca.com\/wp-content\/uploads\/2024\/10\/toma-nueva-escuela-mexicana-150x83.jpg 150w, https:\/\/elcorreodeoaxaca.com\/wp-content\/uploads\/2024\/10\/toma-nueva-escuela-mexicana-335x187.jpg 335w, https:\/\/elcorreodeoaxaca.com\/wp-content\/uploads\/2024\/10\/toma-nueva-escuela-mexicana-225x125.jpg 225w, https:\/\/elcorreodeoaxaca.com\/wp-content\/uploads\/2024\/10\/toma-nueva-escuela-mexicana.jpg 756w\" sizes=\"auto, (max-width: 300px) 100vw, 300px\" \/><\/a><figcaption id=\"caption-attachment-786\" class=\"wp-caption-text\">Nueva Escuela Mexicana continuar\u00e1, asegura<\/figcaption><\/figure><\/li>\n<li>Todas las mujeres de 60 a 64 a\u00f1os recibir\u00e1n un apoyo bimestral.\u00a0Vamos a iniciar con mujeres de 63 y 64 a\u00f1os de edad, para despu\u00e9s ir avanzando.<\/li>\n<li>Estudiantes de preescolar, primaria y secundaria p\u00fablica tendr\u00e1n su beca, todos. Si van en escuela p\u00fablica, tambi\u00e9n, este mes inicia la inscripci\u00f3n en todas las secundarias p\u00fablicas, en 2025 vamos a iniciar con los estudiantes de secundaria.<\/li>\n<li>En octubre iniciaremos el programa de atenci\u00f3n a la salud casa por casa a los adultos mayores.\u00a0Para ello, los servidores de la naci\u00f3n tocar\u00e1n puerta por puerta en todas las casas de los adultos mayores; les har\u00e1n un cuestionario para conocer su situaci\u00f3n de salud. Y en enero vamos a contratar m\u00e1s de 20 mil enfermeras, enfermeros, m\u00e9dicas, m\u00e9dicos, para que sea una realidad la atenci\u00f3n a la salud casa por casa de todos los adultos mayores.<\/li>\n<li>Vamos a fortalecer el Banco del Bienestar;\u00a0el Banco del Bienestar es el banco del pueblo de M\u00e9xico. Tambi\u00e9n, Financiera para el Bienestar, que\u00a0facilita las remesas sin cobrar comisiones y otorga cr\u00e9ditos a la palabra.<\/li>\n<li>Este es un nuevo programa para las mujeres ind\u00edgenas: llevaremos apoyo a todas las mujeres ind\u00edgenas artesanas de todo el pa\u00eds y tendremos un esquema de comercializaci\u00f3n a precios justos de huipiles, textiles, alfarer\u00eda y todas las maravillas que realizan las artesanas, que son ra\u00edz cultural de M\u00e9xico.<\/li>\n<li>Apoyaremos la iniciativa para establecer en la Constituci\u00f3n el maltrato a los animales.<\/li>\n<li>Continuar\u00e1 el modelo educativo de La Nueva Escuela Mexicana y los libros de texto gratuitos.<\/li>\n<li>El magisterio nacional seguir\u00e1 siendo reconocido por su noble tarea.\u00a0Con esto en mente, vamos a por fin a desaparecer la Usicamm.<\/li>\n<li>Seguir\u00e1 el programa La Escuela es Nuestra y ahora lo llevaremos a la educaci\u00f3n media superior.<\/li>\n<li>El horario de las escuelas primarias se ir\u00e1 extendiendo gradualmente para ense\u00f1ar educaci\u00f3n f\u00edsica y art\u00edstica.<\/li>\n<li>Haremos de las escuelas p\u00fablicas espacios de prevenci\u00f3n de la salud, incluyendo salud mental, prevenci\u00f3n de las adicciones, salud bucal. Y el programa Visualiza tus Sue\u00f1os, que consiste en ex\u00e1menes de la vista y lentes gratuitos\u00a0a todos los ni\u00f1os que los necesiten.<\/li>\n<li>Fortalecer las preparatorias p\u00fablicas, la educaci\u00f3n media superior. El objetivo es que todos los que salen de secundaria tengan un espacio para continuar con sus estudios y que no abandonen la escuela.\u00a0Consolidar las Universidades \u2018Benito Ju\u00e1rez\u2019 y hacer nacionales las universidades que hicimos en la ciudad: la \u2018Rosario Castellanos\u2019 y la Universidad de la Salud, las vamos a llevar a todo el pa\u00eds; el objetivo es aumentar en al menos 300 mil espacios m\u00e1s en universidades.\u00a0Adem\u00e1s, en la Zona Metropolitana del Valle de M\u00e9xico va a desaparecer el examen del Comipems;\u00a0que vayan a la escuela que les queda m\u00e1s cerca de su casa.<\/li>\n<li>Haremos de M\u00e9xico una potencia cient\u00edfica y de la innovaci\u00f3n. Para ello,\u00a0apoyaremos las ciencias b\u00e1sicas, naturales y las humanidades.<\/li>\n<\/ol>\n<p>34..Vamos a lanzar el Programa de Desarrollo Tecnol\u00f3gico para la Innovaci\u00f3n. Les doy algunos ejemplos que ya hemos estado trabajando: produciremos el Olinia, que significa \u2018moverse\u2019 en n\u00e1huatl, un peque\u00f1o auto de acceso popular 100 por ciento el\u00e9ctrico, 100 por ciento dise\u00f1ado por j\u00f3venes mexicanos y mexicanas, y ensamblado totalmente en nuestro pa\u00eds.<\/p>\n<p>Consolidaremos el Programa Espacial Mexicano y pondremos en \u00f3rbita un sat\u00e9lite propio que nos permita ampliar la conectividad de todas las personas. Nos integraremos a la cadena de producci\u00f3n de semiconductores, pero tambi\u00e9n los desarrollaremos en el pa\u00eds.<\/p>\n<figure id=\"attachment_785\" aria-describedby=\"caption-attachment-785\" style=\"width: 205px\" class=\"wp-caption alignright\"><a href=\"https:\/\/elcorreodeoaxaca.com\/wp-content\/uploads\/2024\/10\/toma-delfina-gomez.jpg\"><img loading=\"lazy\" decoding=\"async\" class=\"size-medium wp-image-785\" src=\"https:\/\/elcorreodeoaxaca.com\/wp-content\/uploads\/2024\/10\/toma-delfina-gomez-215x300.jpg\" alt=\"\" width=\"215\" height=\"300\" srcset=\"https:\/\/elcorreodeoaxaca.com\/wp-content\/uploads\/2024\/10\/toma-delfina-gomez-215x300.jpg 215w, https:\/\/elcorreodeoaxaca.com\/wp-content\/uploads\/2024\/10\/toma-delfina-gomez-240x335.jpg 240w, https:\/\/elcorreodeoaxaca.com\/wp-content\/uploads\/2024\/10\/toma-delfina-gomez.jpg 441w\" sizes=\"auto, (max-width: 215px) 100vw, 215px\" \/><\/a><figcaption id=\"caption-attachment-785\" class=\"wp-caption-text\">Delfina G\u00f3mez<\/figcaption><\/figure>\n<p>Pondremos en marcha la producci\u00f3n del litio\u00a0con desarrollo tecnol\u00f3gico propio.\u00a0Crearemos una f\u00e1brica de\u00a0<em>software<\/em>\u00a0p\u00fablico y un centro de ciberseguridad e inteligencia artificial. Las soluciones tecnol\u00f3gicas de todo el gobierno ser\u00e1n hechas en casa por j\u00f3venes profesionistas mexicanos y mexicanas.<br \/>\nProduciremos drones de bajo costo y alta eficiencia, equipos de telecomunicaciones cifrados, equipos de diagn\u00f3stico y monitoreo de enfermedades y tecnolog\u00edas para el ahorro del agua y la energ\u00eda. Ser\u00e1 tecnolog\u00eda hecha en M\u00e9xico por mexicanas y por mexicanos.<\/p>\n<ol start=\"35\">\n<li>Todos a\u00a0<em>ponernos la pila<\/em>y a terminar con la vida sedentaria. Apoyaremos el deporte comunitario, impulsaremos Semilleros Deportivos y a los deportistas de alto rendimiento.<\/li>\n<li>Consolidar las escuelas del INBAL y a promover la educaci\u00f3n art\u00edstica en las escuelas.\u00a0Por cada escuela p\u00fablica formaremos una banda, un coro, una orquesta, un grupo de teatro, creaci\u00f3n literaria y de artes pl\u00e1sticas, que tengan espacio de encuentro. Vamos a traerlos todos al Z\u00f3calo de la Ciudad de M\u00e9xico para que puedan exponer su trabajo.<\/li>\n<li>Garantizaremos las condiciones para que los artistas de M\u00e9xico puedan desarrollar su actividad y reciban una remuneraci\u00f3n justa.<\/li>\n<li>Promoveremos el desarrollo y el acceso a la cultura\u00a0en todos los \u00e1mbitos y disciplinas.<\/li>\n<li>Impulsaremos, seguiremos impulsando la grandeza cultural y\u00a0la recuperaci\u00f3n de la memoria hist\u00f3rica de M\u00e9xico.\u00a0Eso ya inici\u00f3 y no lo vamos a dejar.<\/li>\n<li>Haremos una rep\u00fablica de lectores promoviendo c\u00edrculos de lectura\u00a0en todos los \u00e1mbitos educativos y laborales, creando m\u00e1s salas de lectura, redes de librer\u00edas, bibliotecas populares, ferias del libro, as\u00ed como la producci\u00f3n de libros a muy bajo costo y bibliotecas digitales de libre acceso.<\/li>\n<li>Consolidar el IMSS-Bienestar como el mejor sistema de salud.<\/li>\n<li>Fortaleceremos el programa de abasto y distribuci\u00f3n de medicamentos.\u00a0Este es nuevo, a mediados del 2025 iniciar\u00e1 el programa de Farmacias para el Bienestar, que estar\u00e1n ubicadas junto a los Bancos del Bienestar, para distribuir de manera gratuita medicamentos b\u00e1sicos, principalmente para los adultos mayores.<\/li>\n<li>Impulsaremos un programa de cuidados para los primeros mil d\u00edas de vida. Acompa\u00f1aremos a las mujeres embarazadas para que acudan a sus visitas prenatales;\u00a0les daremos suplementos vitam\u00ednicos a los reci\u00e9n nacidos, sus tamizajes y promoveremos la lactancia materna.<br \/>\n44. Ampliar en los centros de salud los ex\u00e1menes de laboratorio. Por cierto, para la maestra Delfina, vamos a iniciar este programa en el Estado de M\u00e9xico.<\/li>\n<li>Seguir\u00e1 el programa de modernizaci\u00f3n de la infraestructura y el equipamiento de hospitales y unidades de salud.\u00a0Vamos a iniciar el 2025 con un programa amplio de cirug\u00edas; hay dos cirug\u00edas que nos van a permitir ayudar de manera muy importante, la\u00a0de cataratas y la de rodilla, ser\u00e1n dos cirug\u00edas que ser\u00e1n masivas en todo el pa\u00eds.<\/li>\n<li>En escuelas, centros de trabajo, espacios p\u00fablicos habr\u00e1 un programa educativo extenso para reducir obesidad, hipertensi\u00f3n y diabetes.\u00a0Nada de seguir consumiendo productos chatarra.<\/li>\n<li>El presidente Andr\u00e9s Manuel L\u00f3pez Obrador nos dej\u00f3 una tarea:\u00a0vamos a inaugurar 16 unidades del IMSS-Bienestar, siete unidades del IMSS y cuatro unidades del Issste.<\/li>\n<li>Construiremos al menos un mill\u00f3n de viviendas durante todo el sexenio,\u00a0una parte con el Infonavit y el Fovissste; y la otra, muy importante, para todos aquellos que no tienen seguridad social va a haber un programa de vivienda popular.\u00a0Las y los j\u00f3venes podr\u00e1n rentar la vivienda y despu\u00e9s de un tiempo poder adquirir la vivienda. Adem\u00e1s, vamos a dar 450 mil cr\u00e9ditos a bajo costo para mejoramiento de vivienda.<\/li>\n<li>Llevaremos a cabo un programa masivo de escrituraci\u00f3n de vivienda. Vamos a iniciar en Tijuana y en el Estado de M\u00e9xico.<\/li>\n<\/ol>\n<p>50. Este tambi\u00e9n va para la maestra Delfina, es que nos pidieron mucho en el Estado de M\u00e9xico. En la zona oriente del Estado de M\u00e9xico se llevar\u00e1 a cabo un proyecto sin precedentes, les voy a decir por qu\u00e9. En la zona oriente del Estado de M\u00e9xico \u2014estamos hablando de Ecatepec, Chalco, Valle de Chalco, Chimalhuac\u00e1n, Texcoco, Los Reyes La Paz, Ixtapaluca, Chicoloapan y Ciudad Nezahualc\u00f3yotl\u2014 viven m\u00e1s de 10 millones de personas e hist\u00f3ricamente hay un rezago de acceso al agua, de drenaje, de vivienda, de movilidad, as\u00ed que vamos a ir para all\u00e1. Lo que les vamos a pedir es que nos juntemos todos los presidentes municipales, el gobierno del estado y el gobierno federal para hacer justicia al oriente del Estado de M\u00e9xico.<\/p>\n","protected":false},"excerpt":{"rendered":"<p>\u201cContinuar\u00e1n todos los programas sociales de AMLO\u201d: Sheinbaum \u201cNo regresar\u00e1 la irresponsable guerra contra el narco, de Calder\u00f3n\u201d\u2026 \u201cNo habr\u00e1 reelecci\u00f3n, nepotismo, racismo, clasismo ni machismo\u201d \u201cEn 2027 me someter\u00e9 a revocaci\u00f3n de Mandato\u201d Privilegiar\u00e1 apoyo a ciencia, innovaci\u00f3n, educaci\u00f3n y deporte Pese a demandas y amparos anuncia elecci\u00f3n del PJF en 2025 Elvia Andrade &#8230;<\/p>\n","protected":false},"author":1,"featured_media":793,"comment_status":"open","ping_status":"open","sticky":false,"template":"","format":"standard","meta":{"footnotes":""},"categories":[18],"tags":[],"class_list":["post-784","post","type-post","status-publish","format-standard","has-post-thumbnail","hentry","category-opinion"],"_links":{"self":[{"href":"https:\/\/elcorreodeoaxaca.com\/index.php?rest_route=\/wp\/v2\/posts\/784","targetHints":{"allow":["GET"]}}],"collection":[{"href":"https:\/\/elcorreodeoaxaca.com\/index.php?rest_route=\/wp\/v2\/posts"}],"about":[{"href":"https:\/\/elcorreodeoaxaca.com\/index.php?rest_route=\/wp\/v2\/types\/post"}],"author":[{"embeddable":true,"href":"https:\/\/elcorreodeoaxaca.com\/index.php?rest_route=\/wp\/v2\/users\/1"}],"replies":[{"embeddable":true,"href":"https:\/\/elcorreodeoaxaca.com\/index.php?rest_route=%2Fwp%2Fv2%2Fcomments&post=784"}],"version-history":[{"count":1,"href":"https:\/\/elcorreodeoaxaca.com\/index.php?rest_route=\/wp\/v2\/posts\/784\/revisions"}],"predecessor-version":[{"id":795,"href":"https:\/\/elcorreodeoaxaca.com\/index.php?rest_route=\/wp\/v2\/posts\/784\/revisions\/795"}],"wp:featuredmedia":[{"embeddable":true,"href":"https:\/\/elcorreodeoaxaca.com\/index.php?rest_route=\/wp\/v2\/media\/793"}],"wp:attachment":[{"href":"https:\/\/elcorreodeoaxaca.com\/index.php?rest_route=%2Fwp%2Fv2%2Fmedia&parent=784"}],"wp:term":[{"taxonomy":"category","embeddable":true,"href":"https:\/\/elcorreodeoaxaca.com\/index.php?rest_route=%2Fwp%2Fv2%2Fcategories&post=784"},{"taxonomy":"post_tag","embeddable":true,"href":"https:\/\/elcorreodeoaxaca.com\/index.php?rest_route=%2Fwp%2Fv2%2Ftags&post=784"}],"curies":[{"name":"wp","href":"https:\/\/api.w.org\/{rel}","templated":true}]}}