{"id":657,"date":"2024-09-29T20:59:27","date_gmt":"2024-09-30T01:59:27","guid":{"rendered":"https:\/\/elcorreodeoaxaca.com\/?p=657"},"modified":"2024-09-29T20:59:27","modified_gmt":"2024-09-30T01:59:27","slug":"deja-john-cuatro-muertos-en-oaxaca","status":"publish","type":"post","link":"https:\/\/elcorreodeoaxaca.com\/?p=657","title":{"rendered":"Deja &#8216;John&#8217; cuatro muertos en Oaxaca"},"content":{"rendered":"<div class=\"nota-datos\">\n<div class=\"nota-autor font-small color-secundario flama-bold\">\n<div style=\"text-align: center;\"><em><strong>Jorge A. P\u00e9rez Alfonso, corresponsal \/ La Jornada<\/strong><\/em><\/div>\n<\/div>\n<div><\/div>\n<div class=\"font-small color-secundario border-bottom-2\"><span class=\"nota-fecha\">28 de septiembre de 2024 19:11<\/span><\/div>\n<\/div>\n<div id=\"article-content-tts\" class=\"nota-contenido mb-5\">\n<div id=\"content_nitf\">\n<div class=\"adn ads\">\n<div class=\"gs\">\n<div class=\"\">\n<div class=\"ii gt\">\n<div class=\"a3s aiL \">\n<div dir=\"ltr\">\n<div class=\"gmail_quote\"><em>Oaxaca, Oax.<\/em>\u00a0Este s\u00e1bado subi\u00f3 a 4 el n\u00famero de personas fallecidas a causa de las lluvias ocasionadas por el\u00a0hurac\u00e1n\u00a0<em>John<\/em>\u00a0a su paso por los estado de Oaxaca y Guerrero, esto luego de que este viernes ocurriera un deslizamiento de ladera en el municipio de Coicoy\u00e1n de las Flores en la regi\u00f3n de la Mixteca, donde pereci\u00f3 un menor y un adulto mayor.<\/p>\n<p>De acuerdo con el gobierno estatal, la noche de este viernes se registr\u00f3 un deslizamiento de ladera en el Barrio de San Sebasti\u00e1n de esta localidad, esto derivado de las constantes lluvias que se han presentado a causa de\u00a0<em>John<\/em>\u00a0y sus remanentes, lo que reblandeci\u00f3 el terreno y dio paso a esta situaci\u00f3n.<\/p>\n<p>La autoridad municipal report\u00f3 la desaparici\u00f3n de dos personas a causa de este deslizamiento y fue hasta ese s\u00e1bado que se logr\u00f3 recuperar los cuerpos de un menor de edad y su abuelo.<\/p>\n<p>Asimismo se inform\u00f3 que se solicitar\u00e1 la declaratoria de desastre natural para 65 municipios de las regiones de la Costa, Sierra Sur y Mixteca, donde se han registrado desplazamientos de ladera, da\u00f1os a la red carretera y caminos.<\/p><\/div>\n<\/div>\n<\/div>\n<\/div>\n<\/div>\n<\/div>\n<\/div>\n<\/div>\n<\/div>\n","protected":false},"excerpt":{"rendered":"<p>Jorge A. P\u00e9rez Alfonso, corresponsal \/ La Jornada 28 de septiembre de 2024 19:11 Oaxaca, Oax.\u00a0Este s\u00e1bado subi\u00f3 a 4 el n\u00famero de personas fallecidas a causa de las lluvias ocasionadas por el\u00a0hurac\u00e1n\u00a0John\u00a0a su paso por los estado de Oaxaca y Guerrero, esto luego de que este viernes ocurriera un deslizamiento de ladera en el &#8230;<\/p>\n","protected":false},"author":1,"featured_media":658,"comment_status":"open","ping_status":"open","sticky":false,"template":"","format":"standard","meta":{"footnotes":""},"categories":[13],"tags":[55,56,57],"class_list":["post-657","post","type-post","status-publish","format-standard","has-post-thumbnail","hentry","category-sin-categoria","tag-huracan-john","tag-lluvias-john","tag-muertos-john"],"_links":{"self":[{"href":"https:\/\/elcorreodeoaxaca.com\/index.php?rest_route=\/wp\/v2\/posts\/657","targetHints":{"allow":["GET"]}}],"collection":[{"href":"https:\/\/elcorreodeoaxaca.com\/index.php?rest_route=\/wp\/v2\/posts"}],"about":[{"href":"https:\/\/elcorreodeoaxaca.com\/index.php?rest_route=\/wp\/v2\/types\/post"}],"author":[{"embeddable":true,"href":"https:\/\/elcorreodeoaxaca.com\/index.php?rest_route=\/wp\/v2\/users\/1"}],"replies":[{"embeddable":true,"href":"https:\/\/elcorreodeoaxaca.com\/index.php?rest_route=%2Fwp%2Fv2%2Fcomments&post=657"}],"version-history":[{"count":1,"href":"https:\/\/elcorreodeoaxaca.com\/index.php?rest_route=\/wp\/v2\/posts\/657\/revisions"}],"predecessor-version":[{"id":659,"href":"https:\/\/elcorreodeoaxaca.com\/index.php?rest_route=\/wp\/v2\/posts\/657\/revisions\/659"}],"wp:featuredmedia":[{"embeddable":true,"href":"https:\/\/elcorreodeoaxaca.com\/index.php?rest_route=\/wp\/v2\/media\/658"}],"wp:attachment":[{"href":"https:\/\/elcorreodeoaxaca.com\/index.php?rest_route=%2Fwp%2Fv2%2Fmedia&parent=657"}],"wp:term":[{"taxonomy":"category","embeddable":true,"href":"https:\/\/elcorreodeoaxaca.com\/index.php?rest_route=%2Fwp%2Fv2%2Fcategories&post=657"},{"taxonomy":"post_tag","embeddable":true,"href":"https:\/\/elcorreodeoaxaca.com\/index.php?rest_route=%2Fwp%2Fv2%2Ftags&post=657"}],"curies":[{"name":"wp","href":"https:\/\/api.w.org\/{rel}","templated":true}]}}