{"id":651,"date":"2024-09-29T20:54:00","date_gmt":"2024-09-30T01:54:00","guid":{"rendered":"https:\/\/elcorreodeoaxaca.com\/?p=651"},"modified":"2024-09-29T20:54:00","modified_gmt":"2024-09-30T01:54:00","slug":"lopez-obrador-llama-a-seguir-luchando-para-hacer-realidad-los-ideales","status":"publish","type":"post","link":"https:\/\/elcorreodeoaxaca.com\/?p=651","title":{"rendered":"L\u00f3pez Obrador llama a \u201cseguir luchando\u201d para hacer realidad los ideales"},"content":{"rendered":"<div class=\"nota-datos\">\n<div class=\"nota-autor font-small color-secundario flama-bold\">\n<div style=\"text-align: center;\"><em><strong>Arturo S\u00e1nchez Jim\u00e9nez, enviado \/ La Jornada<\/strong><\/em><\/div>\n<div><\/div>\n<\/div>\n<div class=\"font-small color-secundario border-bottom-2\"><span class=\"nota-fecha\">28 de septiembre de 2024 14:40<\/span><\/div>\n<\/div>\n<div id=\"article-content-tts\" class=\"nota-contenido mb-5\">\n<div id=\"content_nitf\">\n<p><em>Tepic, Nay.<\/em>\u00a0El presidente Andr\u00e9s Manuel L\u00f3pez Obrador afirm\u00f3 este s\u00e1bado que con las reformas constitucionales que propuso y que han sido aprobadas o est\u00e1n en discusi\u00f3n, entre ellas la judicial y la de los pueblos ind\u00edgenas, se va a conseguir que la Constituci\u00f3n \u201cregrese a sus or\u00edgenes, cuando era una Constituci\u00f3n que ten\u00eda como prop\u00f3sito el bienestar del pueblo\u201d.<\/p>\n<p>Al encabezar lo que calific\u00f3 como su \u00faltimo acto multitudinario como pol\u00edtico en activo, el mandatario entreg\u00f3 de manera simb\u00f3lica diversas obras de infraestructura para Nayarit en una ceremonia realizada en un abarrotado auditorio \u201cAmado Nervo\u201d, de la capital del estado, que tiene capacidad para 14 mil asistentes.<\/p>\n<p>Acompa\u00f1ado por el gobernador Miguel \u00c1ngel Navarro Quintero, y por la presidenta electa, Claudia Sheinbaum, a quien elogi\u00f3 porque \u201cno es\u00a0<em>fif\u00ed<\/em>\u201d, el tabasque\u00f1o hizo un llamado a \u201cseguir luchando\u201d por hacer realidad los ideales.<\/p>\n<p>El mandatario tuvo que hacer una disgresi\u00f3n en su discurso cuando un peque\u00f1o grupo de manifestantes lanz\u00f3 consignas y mostr\u00f3 dos cartulinas con mensajes en su contra y en protesta por la reforma judicial, a lo que el resto de los asistentes respondi\u00f3 con gritos de \u201cPresidente, Presidente\u201d y \u201cEs un honor estar con Obrador\u201d.<\/p>\n<p>El jefe del Ejecutivo pidi\u00f3 a la concurrencia no preocuparse por la protesta y pidi\u00f3 que levantaran la mano quienes apoyan la reforma, a lo que la mayor\u00eda respondi\u00f3 afirmativamente. Luego pidi\u00f3 que hicieran lo propio quienes rechazan la reforma y solo dos o tres brazos se mostraron en alto.<\/p>\n<p>\u201cAprovecho para decirles a los trabajadores del Poder Judicial que ellos no se van a perjudicar, al contrario, se van a beneficiar: que no los manipulen los corruptos\u201d, declar\u00f3 L\u00f3pez Obrador.<\/p>\n<p>\u201cMe voy con mi conciencia tranquila, muy contento y muy feliz porque logramos nuestro prop\u00f3sito: reducir, disminuir la pobreza en el tiempo que gobernamos\u201d, afirm\u00f3 el mandatario antes de que su mensaje se viera interrumpido.<\/p>\n<p>\u201cLes comparto mi felicidad y nunca, nunca, olvidar que todo esto se ha hecho con la participaci\u00f3n de millones de mujeres y de hombres, no es nada m\u00e1s el trabajo de un solo hombre, de un dirigente, de un pu\u00f1ado de dirigentes, lo hemos hecho desde abajo, entre todos\u201d, asegur\u00f3.<\/p>\n<p>Al referirse a Sheinbaum, destac\u00f3 que ella tiene \u201cexperiencia, pero adem\u00e1s tiene convicciones, viene de abajo, no es una\u00a0<em>fif\u00ed<\/em>. Ni modo, ofrezco disculpas, pero no es culpa m\u00eda, el pueblo de M\u00e9xico as\u00ed lo decidi\u00f3, dijo queremos una gente que nos represente, no queremos a una gente de la \u00e9lite, a un exquisito, a una exquisita, a un ladino, a una ladina, queremos a una gente que le tenga amor al pueblo, eso es lo que se decidi\u00f3\u201d.<\/p>\n<p>Sheinbaum afirm\u00f3 que L\u00f3pez Obrador \u201cnos devolvi\u00f3 el orgullo de ser mexicanos y la dignidad de la Rep\u00fablica\u201d y sostuvo que en su gobierno \u201cM\u00e9xico se ha transformado para bien: han disminuido la pobreza y las desigualdades, cambi\u00f3 el modelo y cambi\u00f3 tambi\u00e9n la forma de pensar\u201d.<\/p>\n<p>\u201cVa a continuar el mismo proyecto\u201d, asegur\u00f3 la mandataria que asumir\u00e1 el cargo el pr\u00f3ximo martes.<\/p>\n<p><strong>Abordan a AMLO y Sheinbaum en elevador<\/strong><\/p>\n<p>\u201cNo defiendan a corruptos \u201c, expres\u00f3 este s\u00e1bado el presidente Andr\u00e9s Manuel L\u00f3pez a un hombre que se identific\u00f3 como trabajador del Poder Judicial y que logr\u00f3 abordarlo a \u00e9l y a la presidenta electa Claudia Sheinbaum Pardo en un elevador, en donde les manifest\u00f3 su oposici\u00f3n a la reforma judicial.<\/p>\n<p>L\u00f3pez Obrador y Sheinbaum estaban esta ma\u00f1ana en el hotel Fray Jun\u00edpero Select, de Tepic, donde pernoctaron, cuando el empleado judicial subi\u00f3 al mismo elevador que ellos sin que el personal de la ayudant\u00eda lo evitara, seg\u00fan se observa en un video que circula en las redes sociales.<\/p>\n<div class=\"twitter-tweet twitter-tweet-rendered\"><iframe id=\"twitter-widget-0\" class=\"\" title=\"X Post\" src=\"https:\/\/platform.twitter.com\/embed\/Tweet.html?creatorScreenName=lajornadaonline&amp;dnt=false&amp;embedId=twitter-widget-0&amp;features=eyJ0ZndfdGltZWxpbmVfbGlzdCI6eyJidWNrZXQiOltdLCJ2ZXJzaW9uIjpudWxsfSwidGZ3X2ZvbGxvd2VyX2NvdW50X3N1bnNldCI6eyJidWNrZXQiOnRydWUsInZlcnNpb24iOm51bGx9LCJ0ZndfdHdlZXRfZWRpdF9iYWNrZW5kIjp7ImJ1Y2tldCI6Im9uIiwidmVyc2lvbiI6bnVsbH0sInRmd19yZWZzcmNfc2Vzc2lvbiI6eyJidWNrZXQiOiJvbiIsInZlcnNpb24iOm51bGx9LCJ0ZndfZm9zbnJfc29mdF9pbnRlcnZlbnRpb25zX2VuYWJsZWQiOnsiYnVja2V0Ijoib24iLCJ2ZXJzaW9uIjpudWxsfSwidGZ3X21peGVkX21lZGlhXzE1ODk3Ijp7ImJ1Y2tldCI6InRyZWF0bWVudCIsInZlcnNpb24iOm51bGx9LCJ0ZndfZXhwZXJpbWVudHNfY29va2llX2V4cGlyYXRpb24iOnsiYnVja2V0IjoxMjA5NjAwLCJ2ZXJzaW9uIjpudWxsfSwidGZ3X3Nob3dfYmlyZHdhdGNoX3Bpdm90c19lbmFibGVkIjp7ImJ1Y2tldCI6Im9uIiwidmVyc2lvbiI6bnVsbH0sInRmd19kdXBsaWNhdGVfc2NyaWJlc190b19zZXR0aW5ncyI6eyJidWNrZXQiOiJvbiIsInZlcnNpb24iOm51bGx9LCJ0ZndfdXNlX3Byb2ZpbGVfaW1hZ2Vfc2hhcGVfZW5hYmxlZCI6eyJidWNrZXQiOiJvbiIsInZlcnNpb24iOm51bGx9LCJ0ZndfdmlkZW9faGxzX2R5bmFtaWNfbWFuaWZlc3RzXzE1MDgyIjp7ImJ1Y2tldCI6InRydWVfYml0cmF0ZSIsInZlcnNpb24iOm51bGx9LCJ0ZndfbGVnYWN5X3RpbWVsaW5lX3N1bnNldCI6eyJidWNrZXQiOnRydWUsInZlcnNpb24iOm51bGx9LCJ0ZndfdHdlZXRfZWRpdF9mcm9udGVuZCI6eyJidWNrZXQiOiJvbiIsInZlcnNpb24iOm51bGx9fQ%3D%3D&amp;frame=false&amp;hideCard=false&amp;hideThread=false&amp;id=1840220680077316581&amp;lang=es&amp;origin=https%3A%2F%2Fwww.jornada.com.mx%2Fnoticia%2F2024%2F09%2F28%2Fpolitica%2Flopez-obrador-llama-a-201cseguir-luchando201d-para-hacer-realidad-los-ideales-4001&amp;sessionId=567f7ace78fa3805a7de440edb79f37fbe09e894&amp;siteScreenName=lajornadaonline&amp;theme=light&amp;widgetsVersion=2615f7e52b7e0%3A1702314776716&amp;width=550px\" frameborder=\"0\" scrolling=\"no\" allowfullscreen=\"allowfullscreen\" data-ruffle-polyfilled=\"\" data-tweet-id=\"1840220680077316581\" data-mce-fragment=\"1\"><\/iframe><\/div>\n<p>El hombre le dijo a Sheinbaum que quer\u00eda entregarle un documento sobre afectaciones laborales derivadas de la reforma que extingui\u00f3 los fideicomisos del Poder Judicial.<\/p>\n<p>La mandataria electa le respondi\u00f3 que es mentira que los empleados vayan a ser afectados y el presidente L\u00f3pez Obrador intervino para se\u00f1alar \u201cno defiendan a corruptos\u201d.<\/p>\n<p>Al salir del elevador, cuya puerta estuvo cerrada unos momentos mientras el hombre estaba dentro con L\u00f3pez Obrador y Sheinbaum, se observa en el video que Daniel Asaf, jefe de la Ayudant\u00eda Presidencial y otra persona apartan al empleado judicial, mientras que el mandatario y su sucesora salen del lugar.<\/p>\n<\/div>\n<\/div>\n<div class=\"notas-relacionadas\"><\/div>\n<div class=\"nota-tags\"><\/div>\n","protected":false},"excerpt":{"rendered":"<p>Arturo S\u00e1nchez Jim\u00e9nez, enviado \/ La Jornada 28 de septiembre de 2024 14:40 Tepic, Nay.\u00a0El presidente Andr\u00e9s Manuel L\u00f3pez Obrador afirm\u00f3 este s\u00e1bado que con las reformas constitucionales que propuso y que han sido aprobadas o est\u00e1n en discusi\u00f3n, entre ellas la judicial y la de los pueblos ind\u00edgenas, se va a conseguir que la &#8230;<\/p>\n","protected":false},"author":1,"featured_media":652,"comment_status":"open","ping_status":"open","sticky":false,"template":"","format":"standard","meta":{"footnotes":""},"categories":[12],"tags":[],"class_list":["post-651","post","type-post","status-publish","format-standard","has-post-thumbnail","hentry","category-principales"],"_links":{"self":[{"href":"https:\/\/elcorreodeoaxaca.com\/index.php?rest_route=\/wp\/v2\/posts\/651","targetHints":{"allow":["GET"]}}],"collection":[{"href":"https:\/\/elcorreodeoaxaca.com\/index.php?rest_route=\/wp\/v2\/posts"}],"about":[{"href":"https:\/\/elcorreodeoaxaca.com\/index.php?rest_route=\/wp\/v2\/types\/post"}],"author":[{"embeddable":true,"href":"https:\/\/elcorreodeoaxaca.com\/index.php?rest_route=\/wp\/v2\/users\/1"}],"replies":[{"embeddable":true,"href":"https:\/\/elcorreodeoaxaca.com\/index.php?rest_route=%2Fwp%2Fv2%2Fcomments&post=651"}],"version-history":[{"count":1,"href":"https:\/\/elcorreodeoaxaca.com\/index.php?rest_route=\/wp\/v2\/posts\/651\/revisions"}],"predecessor-version":[{"id":653,"href":"https:\/\/elcorreodeoaxaca.com\/index.php?rest_route=\/wp\/v2\/posts\/651\/revisions\/653"}],"wp:featuredmedia":[{"embeddable":true,"href":"https:\/\/elcorreodeoaxaca.com\/index.php?rest_route=\/wp\/v2\/media\/652"}],"wp:attachment":[{"href":"https:\/\/elcorreodeoaxaca.com\/index.php?rest_route=%2Fwp%2Fv2%2Fmedia&parent=651"}],"wp:term":[{"taxonomy":"category","embeddable":true,"href":"https:\/\/elcorreodeoaxaca.com\/index.php?rest_route=%2Fwp%2Fv2%2Fcategories&post=651"},{"taxonomy":"post_tag","embeddable":true,"href":"https:\/\/elcorreodeoaxaca.com\/index.php?rest_route=%2Fwp%2Fv2%2Ftags&post=651"}],"curies":[{"name":"wp","href":"https:\/\/api.w.org\/{rel}","templated":true}]}}