{"id":602,"date":"2024-09-28T17:24:55","date_gmt":"2024-09-28T22:24:55","guid":{"rendered":"https:\/\/elcorreodeoaxaca.com\/?p=602"},"modified":"2024-09-28T17:24:55","modified_gmt":"2024-09-28T22:24:55","slug":"gran-angular-amlo-bajo-la-lupa-los-exitos-y-los-fracasos","status":"publish","type":"post","link":"https:\/\/elcorreodeoaxaca.com\/?p=602","title":{"rendered":"Gran angular : AMLO bajo la lupa: los  \u00e9xitos y los fracasos"},"content":{"rendered":"<p style=\"text-align: center;\"><em><strong>Ra\u00fal Rodr\u00edguez Cort\u00e9s.<\/strong><\/em><\/p>\n<figure id=\"attachment_608\" aria-describedby=\"caption-attachment-608\" style=\"width: 290px\" class=\"wp-caption alignright\"><a href=\"https:\/\/elcorreodeoaxaca.com\/wp-content\/uploads\/2024\/09\/gran-Carencias-y-problemas-en-el-sector-salud.png\"><img loading=\"lazy\" decoding=\"async\" class=\"size-medium wp-image-608\" src=\"https:\/\/elcorreodeoaxaca.com\/wp-content\/uploads\/2024\/09\/gran-Carencias-y-problemas-en-el-sector-salud-300x156.png\" alt=\"\" width=\"300\" height=\"156\" srcset=\"https:\/\/elcorreodeoaxaca.com\/wp-content\/uploads\/2024\/09\/gran-Carencias-y-problemas-en-el-sector-salud-300x156.png 300w, https:\/\/elcorreodeoaxaca.com\/wp-content\/uploads\/2024\/09\/gran-Carencias-y-problemas-en-el-sector-salud-335x175.png 335w, https:\/\/elcorreodeoaxaca.com\/wp-content\/uploads\/2024\/09\/gran-Carencias-y-problemas-en-el-sector-salud.png 756w\" sizes=\"auto, (max-width: 300px) 100vw, 300px\" \/><\/a><figcaption id=\"caption-attachment-608\" class=\"wp-caption-text\">Carencias y problemas en el sector salud<\/figcaption><\/figure>\n<p>Faltan cuatro d\u00edas para que termine el gobierno de Andr\u00e9s Manuel L\u00f3pez Obrador, un\u00a0sexenio que para bien o para mal -seg\u00fan a quien se le pregunte y en espera de que el tiempo y la realidad den su veredicto- es un punto de inflexi\u00f3n en la historia reciente del pa\u00eds.<\/p>\n<p>Qued\u00f3 a deber, y mucho, al incumplir la promesa de solucionar la crisis de inseguridad y violencia que lacera al pa\u00eds, la de regresar al Ej\u00e9rcito a sus cuarteles y la de encontrar paradero y verdad de los masacrados de Ayotzinapa, as\u00ed como la de desterrar la corrupci\u00f3n y mejorar los sistemas de educaci\u00f3n y de salud.<\/p>\n<p>Cumpli\u00f3 en disminuir la pobreza, mejorar el ingreso laboral, atemperar la desigualdad\u00a0social y detonar el desarrollo en el sur-sureste del pa\u00eds con obras p\u00fablicas como el ferrocarril interoce\u00e1nico y el tren maya.<\/p>\n<figure id=\"attachment_605\" aria-describedby=\"caption-attachment-605\" style=\"width: 290px\" class=\"wp-caption alignleft\"><a href=\"https:\/\/elcorreodeoaxaca.com\/wp-content\/uploads\/2024\/09\/gran-ayotzinapa.jpg\"><img loading=\"lazy\" decoding=\"async\" class=\"size-medium wp-image-605\" src=\"https:\/\/elcorreodeoaxaca.com\/wp-content\/uploads\/2024\/09\/gran-ayotzinapa-300x160.jpg\" alt=\"\" width=\"300\" height=\"160\" srcset=\"https:\/\/elcorreodeoaxaca.com\/wp-content\/uploads\/2024\/09\/gran-ayotzinapa-300x160.jpg 300w, https:\/\/elcorreodeoaxaca.com\/wp-content\/uploads\/2024\/09\/gran-ayotzinapa-335x179.jpg 335w, https:\/\/elcorreodeoaxaca.com\/wp-content\/uploads\/2024\/09\/gran-ayotzinapa.jpg 756w\" sizes=\"auto, (max-width: 300px) 100vw, 300px\" \/><\/a><figcaption id=\"caption-attachment-605\" class=\"wp-caption-text\">Ayotzinapa, cero respuestas<\/figcaption><\/figure>\n<p>Una encuesta de W Radio, Enkoll y El Pa\u00eds publicada el martes pasado avala este somero recuento. De los entrevistados, 50% ven en la inseguridad y el narcotr\u00e1fico el principal problema del pa\u00eds y 18% en la corrupci\u00f3n. La percepci\u00f3n de inseguridad no es ajena, por supuesto, a la violencia y a la ola de homicidios dolosos registrados durante el sexenio (200 mil seg\u00fan datos oficiales), pero tampoco lo es al miedo cotidiano y muy generalizado a los asaltos callejeros y a los robos en el transporte p\u00fablico.<\/p>\n<p>Otro de los fracasos percibidos en general por la vox populi es el desastre en el sistema de salud que qued\u00f3 lej\u00edsimos de ser mejor que el de Dinamarca como demag\u00f3gicamente se prometi\u00f3 y que acaso apenas se empiece a enderezar con el IMSS-Bienestar. El caso es que entre 2018 y 2023, seg\u00fan el Coneval, aument\u00f3 22% la poblaci\u00f3n sin acceso a los servicios de salud, ni uno por ciento creci\u00f3 el gasto p\u00fablico en el sector (solo lo hizo 0.2% de acuerdo con Hacienda) y cay\u00f3 9.2% la poblaci\u00f3n afiliada a servicios de salud, seg\u00fan el INEGI.<\/p>\n<figure id=\"attachment_607\" aria-describedby=\"caption-attachment-607\" style=\"width: 290px\" class=\"wp-caption alignright\"><a href=\"https:\/\/elcorreodeoaxaca.com\/wp-content\/uploads\/2024\/09\/gran-inseguridad.jpg\"><img loading=\"lazy\" decoding=\"async\" class=\"size-medium wp-image-607\" src=\"https:\/\/elcorreodeoaxaca.com\/wp-content\/uploads\/2024\/09\/gran-inseguridad-300x169.jpg\" alt=\"\" width=\"300\" height=\"169\" srcset=\"https:\/\/elcorreodeoaxaca.com\/wp-content\/uploads\/2024\/09\/gran-inseguridad-300x169.jpg 300w, https:\/\/elcorreodeoaxaca.com\/wp-content\/uploads\/2024\/09\/gran-inseguridad-335x188.jpg 335w, https:\/\/elcorreodeoaxaca.com\/wp-content\/uploads\/2024\/09\/gran-inseguridad-700x394.jpg 700w, https:\/\/elcorreodeoaxaca.com\/wp-content\/uploads\/2024\/09\/gran-inseguridad.jpg 756w\" sizes=\"auto, (max-width: 300px) 100vw, 300px\" \/><\/a><figcaption id=\"caption-attachment-607\" class=\"wp-caption-text\">Inseguridad, asignatura pendiente<\/figcaption><\/figure>\n<p>Asimismo, hubo un retroceso educativo con la ca\u00edda de la matr\u00edcula escolar, la\u00a0ideologizaci\u00f3n de los planes y programas de estudio y, en general, con el derrumbe de la calidad reflejada en los muy bajos niveles de estudiantes mexicanos en las pruebas PISA.<\/p>\n<p>Aun as\u00ed, AMLO cierra su gobierno con 77% de aprobaci\u00f3n y de respaldo a la llamada 4T,<\/p>\n<p>adem\u00e1s de 68% consider\u00e1ndolo el mejor de los \u00faltimos cinco presidentes que ha tenido M\u00e9xico con una calificaci\u00f3n promedio de 8.2, de acuerdo con la encuesta de marras.<\/p>\n<p>Bien puede explicarse lo anterior como resultado de que amplios segmentos de poblaci\u00f3n sientan que por primera vez en mucho tiempo se les volte\u00f3 a ver desde el gobierno, se les tom\u00f3 en cuenta\u00b8 se les aument\u00f3 el salario m\u00ednimo, se hicieron valer sus derechos laborales y de organizaci\u00f3n sindical y, en general, se atemper\u00f3 la pobreza.<\/p>\n<figure id=\"attachment_611\" aria-describedby=\"caption-attachment-611\" style=\"width: 290px\" class=\"wp-caption alignleft\"><a href=\"https:\/\/elcorreodeoaxaca.com\/wp-content\/uploads\/2024\/09\/gran-covid.jpeg\"><img loading=\"lazy\" decoding=\"async\" class=\"size-medium wp-image-611\" src=\"https:\/\/elcorreodeoaxaca.com\/wp-content\/uploads\/2024\/09\/gran-covid-300x155.jpeg\" alt=\"\" width=\"300\" height=\"155\" srcset=\"https:\/\/elcorreodeoaxaca.com\/wp-content\/uploads\/2024\/09\/gran-covid-300x155.jpeg 300w, https:\/\/elcorreodeoaxaca.com\/wp-content\/uploads\/2024\/09\/gran-covid-335x173.jpeg 335w, https:\/\/elcorreodeoaxaca.com\/wp-content\/uploads\/2024\/09\/gran-covid.jpeg 756w\" sizes=\"auto, (max-width: 300px) 100vw, 300px\" \/><\/a><figcaption id=\"caption-attachment-611\" class=\"wp-caption-text\">Covid. Datos inciertos<\/figcaption><\/figure>\n<p>De ah\u00ed que en la encuesta que referimos, el mayor porcentaje de apoyo popular se lo\u00a0lleven los programas sociales (83%), la defensa de los derechos de las mujeres (80%) y las obras de infraestructura (71%).<\/p>\n<p>Los adversarios de AMLO y de la 4T buscan hasta por debajo de las piedras argumentos para afirmar que la pobreza no disminuy\u00f3 m\u00e1s que en anteriores sexenios, que si acaso baj\u00f3 en este fue por el crecimiento de las remesas o que si se redujo, fue por la gran cantidad de muertos que dej\u00f3 la pandemia de COVID 19.<\/p>\n<p>Tales asertos no se sostienen al confrontarse con datos duros:<\/p>\n<p>El Coneval acredita que la pobreza en este sexenio disminuy\u00f3 2.8 puntos porcentuales\u00a0bianuales entre 2018 y 2022, mientras que entre 2016 y 2018 solo baj\u00f3 1.3 puntos, lo que en t\u00e9rminos m\u00e1s simples quiere decir que la pobreza se redujo m\u00e1s del doble que antes.<\/p>\n<figure id=\"attachment_604\" aria-describedby=\"caption-attachment-604\" style=\"width: 138px\" class=\"wp-caption alignright\"><a href=\"https:\/\/elcorreodeoaxaca.com\/wp-content\/uploads\/2024\/09\/gran-Alberto-Gasque-Pena.jpg\"><img loading=\"lazy\" decoding=\"async\" class=\"size-medium wp-image-604\" src=\"https:\/\/elcorreodeoaxaca.com\/wp-content\/uploads\/2024\/09\/gran-Alberto-Gasque-Pena-148x300.jpg\" alt=\"\" width=\"148\" height=\"300\" srcset=\"https:\/\/elcorreodeoaxaca.com\/wp-content\/uploads\/2024\/09\/gran-Alberto-Gasque-Pena-148x300.jpg 148w, https:\/\/elcorreodeoaxaca.com\/wp-content\/uploads\/2024\/09\/gran-Alberto-Gasque-Pena-165x335.jpg 165w, https:\/\/elcorreodeoaxaca.com\/wp-content\/uploads\/2024\/09\/gran-Alberto-Gasque-Pena.jpg 441w\" sizes=\"auto, (max-width: 148px) 100vw, 148px\" \/><\/a><figcaption id=\"caption-attachment-604\" class=\"wp-caption-text\">Alberto Gasque Pe\u00f1a<\/figcaption><\/figure>\n<p>Las remesas s\u00f3lo explican el 3% de la reducci\u00f3n de la pobreza, mientras que el 73% lo\u00a0explican los aumentos en el ingreso laboral, de acuerdo con la Encuesta Nacional de\u00a0Ingresos y Gastos de los Hogares del INEGI. Y sobre el aserto de que la pobreza baj\u00f3 por los muertos del COVID, no hay a la vista estudio o an\u00e1lisis alguno que lo sostenga.<\/p>\n<p>Retomemos en suma lo que afirma y documenta el ex subgobernador del Banco de\u00a0M\u00e9xico, Gerardo Esquivel: mientras que en este sexenio cien mil personas salieron de la pobreza cada mes, cien mil personas entraron en ella mensualmente durante los dos anteriores sexenios.<\/p>\n<p>Los recursos para apoyos sociales m\u00e1s los canalizados al salvamento de Pemex y la CFE, han mantenido bajo muy fuerte presi\u00f3n a las finanzas p\u00fablicas. El d\u00e9ficit de ingresos frente al monto de gastos ha llegado al equivalente de 6% del PIB (1.6 billones de pesos). De ah\u00ed la promesa del gobierno que est\u00e1 por entrar de reducir ese d\u00e9ficit a la mitad (3%), aunque\u00a0calificadoras como Moody\u00b4s -que por algo no ha retirado al pa\u00eds el grado de inversi\u00f3n estiman que no bajar\u00e1 ni a 4% del PIB. Ya lo veremos cuando Hacienda presente el\u00a0pr\u00f3ximo 15 de noviembre el presupuesto de Ingreso y Egresos para 2025, matizar\u00e1 o agravar\u00e1 la crisis de confianza de ciertos grupos econ\u00f3micos nacionales y extranjeros.\u00a0La verdad es que AMLO le deja a Claudia Sheinbaum un casi nulo margen de maniobra<\/p>\n<p>presupuestal.<\/p>\n<p>Cambio de r\u00e9gimen y reformas constitucionales.<\/p>\n<figure id=\"attachment_609\" aria-describedby=\"caption-attachment-609\" style=\"width: 168px\" class=\"wp-caption alignleft\"><a href=\"https:\/\/elcorreodeoaxaca.com\/wp-content\/uploads\/2024\/09\/gran-Pablo-Vazquez-Camacho.jpeg\"><img loading=\"lazy\" decoding=\"async\" class=\"size-medium wp-image-609\" src=\"https:\/\/elcorreodeoaxaca.com\/wp-content\/uploads\/2024\/09\/gran-Pablo-Vazquez-Camacho-178x300.jpeg\" alt=\"\" width=\"178\" height=\"300\" srcset=\"https:\/\/elcorreodeoaxaca.com\/wp-content\/uploads\/2024\/09\/gran-Pablo-Vazquez-Camacho-178x300.jpeg 178w, https:\/\/elcorreodeoaxaca.com\/wp-content\/uploads\/2024\/09\/gran-Pablo-Vazquez-Camacho-198x335.jpeg 198w, https:\/\/elcorreodeoaxaca.com\/wp-content\/uploads\/2024\/09\/gran-Pablo-Vazquez-Camacho.jpeg 441w\" sizes=\"auto, (max-width: 178px) 100vw, 178px\" \/><\/a><figcaption id=\"caption-attachment-609\" class=\"wp-caption-text\">Pablo V\u00e1zquez Camacho<\/figcaption><\/figure>\n<p>En la evaluaci\u00f3n de fracasos y \u00e9xitos del gobierno que termina, no se puede regatear a\u00a0L\u00f3pez Obrador su audacia y eficacia pol\u00edtica. Es, por lo que hemos visto en su terca lucha de a\u00f1os por llegar al poder y a una d\u00e9cada de que fundara Morena, un pol\u00edtico formidable. Despu\u00e9s de innumerables impedimentos gan\u00f3 la Presidencia (2018), alcanz\u00f3 con Sheinbaum una abrumadora ratificaci\u00f3n para su partido y proyecto de naci\u00f3n (2024) y obtuvo mayor\u00edas legislativas calificadas para reformar la Constituci\u00f3n, una acumulaci\u00f3n de poder pocas veces vistas en nuestra historia reciente y el riesgo, si falta a su dicho de que es dem\u00f3crata, de encaminarnos a pr\u00e1cticas autocr\u00e1ticas no deseables ni ben\u00e9ficas para el pa\u00eds, en gran parte por la insignificancia e ineficacia de los liderazgos y propuestas de los\u00a0partidos de oposici\u00f3n.<\/p>\n<p>AMLO, en suma, avanz\u00f3 seg\u00fan su promesa pol\u00edtica de un cambio de r\u00e9gimen.<\/p>\n<p>Para entender exactamente qu\u00e9 es un cambio de r\u00e9gimen, platiqu\u00e9 con varios acad\u00e9micos e investigadores de la Facultad de Ciencias Pol\u00edticas y Sociales de la UNAM a quienes les ped\u00ed la definici\u00f3n m\u00e1s comprensible, la m\u00e1s simple.<\/p>\n<p>Coincidieron en que un cambio de r\u00e9gimen es un cambio de las reglas del juego, no un\u00a0cambio de sistema pol\u00edtico (democr\u00e1tico, fascista, comunista, etc\u00e9tera), que es el que hace valer esas reglas (las escritas y las no escritas). Ejemplos: la separaci\u00f3n del poder pol\u00edtico del poder econ\u00f3mico, de este \u00faltimo del de la justicia o bien la construcci\u00f3n de un Estado de bienestar, por citar algunas que han llevado a un reacomodo de \u00e9lites (la pol\u00edtica, la econ\u00f3mica, la medi\u00e1tica, la sindical y as\u00ed).<\/p>\n<figure id=\"attachment_610\" aria-describedby=\"caption-attachment-610\" style=\"width: 290px\" class=\"wp-caption alignright\"><a href=\"https:\/\/elcorreodeoaxaca.com\/wp-content\/uploads\/2024\/09\/gran-CFE.jpeg\"><img loading=\"lazy\" decoding=\"async\" class=\"size-medium wp-image-610\" src=\"https:\/\/elcorreodeoaxaca.com\/wp-content\/uploads\/2024\/09\/gran-CFE-300x222.jpeg\" alt=\"\" width=\"300\" height=\"222\" srcset=\"https:\/\/elcorreodeoaxaca.com\/wp-content\/uploads\/2024\/09\/gran-CFE-300x222.jpeg 300w, https:\/\/elcorreodeoaxaca.com\/wp-content\/uploads\/2024\/09\/gran-CFE-335x248.jpeg 335w, https:\/\/elcorreodeoaxaca.com\/wp-content\/uploads\/2024\/09\/gran-CFE.jpeg 756w\" sizes=\"auto, (max-width: 300px) 100vw, 300px\" \/><\/a><figcaption id=\"caption-attachment-610\" class=\"wp-caption-text\">CFE. Cuestionables resultados<\/figcaption><\/figure>\n<p>Las reformas constitucionales son el fundamento de ese cambio de reglas. AMLO cierra sexenio con 28 reformas constitucionales aprobadas por el Congreso: la del Poder Judicial, desde luego, la contrarreforma educativa (con la que cancel\u00f3 la reforma de Pe\u00f1a Nieto y su Pacto por M\u00e9xico), la creaci\u00f3n de la Guardia Nacional y, apenas hace unos d\u00edas, su incorporaci\u00f3n a la Secretar\u00eda de la Defensa Nacional; y la elevaci\u00f3n a derecho constitucional el acceso a pensiones universales para adultos mayores, discapacitados y estudiantes y el de que el aumento del salario m\u00ednimo nunca est\u00e9 por debajo del de la inflaci\u00f3n.<\/p>\n<p>La nueva legislatura del Congreso hered\u00f3 de la anterior catorce dict\u00e1menes de otras\u00a0iniciativas del llamado Plan C de AMLO, entre ellos la desaparici\u00f3n de organismos\u00a0aut\u00f3nomos del Estado, as\u00ed como las iniciativas de reforma electoral y la ley el\u00e9ctrica.\u00a0A\u00fan as\u00ed, AMLO terminar\u00e1 en el tercer lugar entre los presidentes que han hecho el mayor n\u00famero de reformas constitucionales. Calder\u00f3n hizo 38, Pe\u00f1a 29, Zedillo 18, Fox 17 y Salinas 15, seg\u00fan la secretar\u00eda de Servicios Parlamentarios de la C\u00e1mara de Diputados.<\/p>\n<p>Las reformas de estos cinco \u00faltimos suman 117, todas ellas encaminadas a favorecer el modelo de libre mercado regido por su famosa mano invisible, que instaur\u00f3 Salinas y que ahora desmonta L\u00f3pez Obrador.<\/p>\n<p><strong>Instant\u00e1neas:<\/strong><\/p>\n<ol>\n<li><strong> SEGURIDAD CAPITALINA. <\/strong>De tomar en cuenta los resultados que dio a conocer\u00a0Pablo V\u00e1zquez Camacho, secretario de Seguridad Ciudadana de la capital del pa\u00eds y quien se mantendr\u00e1 en el cargo con el nuevo gobierno de Clara Brugada. Al comparecer ante el Congreso local comparti\u00f3 estos datos: de 2018 a la fecha se han capturado 295 c\u00e9lulas criminales, detenido a dos mil 743 presuntos delincuentes de dichas c\u00e9lulas y desarticulado estructuras delictivas que amenazaban la paz de la ciudad. En coordinaci\u00f3n con la Fiscal\u00eda de la CDMX se llevaron a cabo en las 16 alcald\u00edas cuatro mil operativos, lo que permiti\u00f3 la aprehensi\u00f3n de otros cuatro mil 651 presuntos criminales, entre ellos 168 objetivos prioritarios generadores de violencia en la capital del pa\u00eds.\n<p><figure id=\"attachment_603\" aria-describedby=\"caption-attachment-603\" style=\"width: 290px\" class=\"wp-caption alignleft\"><a href=\"https:\/\/elcorreodeoaxaca.com\/wp-content\/uploads\/2024\/09\/gran-pemex.jpeg\"><img loading=\"lazy\" decoding=\"async\" class=\"size-medium wp-image-603\" src=\"https:\/\/elcorreodeoaxaca.com\/wp-content\/uploads\/2024\/09\/gran-pemex-300x183.jpeg\" alt=\"\" width=\"300\" height=\"183\" srcset=\"https:\/\/elcorreodeoaxaca.com\/wp-content\/uploads\/2024\/09\/gran-pemex-300x183.jpeg 300w, https:\/\/elcorreodeoaxaca.com\/wp-content\/uploads\/2024\/09\/gran-pemex-335x204.jpeg 335w, https:\/\/elcorreodeoaxaca.com\/wp-content\/uploads\/2024\/09\/gran-pemex.jpeg 756w\" sizes=\"auto, (max-width: 300px) 100vw, 300px\" \/><\/a><figcaption id=\"caption-attachment-603\" class=\"wp-caption-text\">PEMEX. Rescate<\/figcaption><\/figure><\/li>\n<li><strong> RESISTE ACAPULCO.<\/strong> A casi un a\u00f1o del golpe devastador \u201cOtis\u201d (24 de octubre de\u00a02023), Acapulco ha vuelto a ser azotado por otro poderoso hurac\u00e1n. \u201cJohn\u201d ha descargado un diluvio, generado un destructivo oleaje en la costa de Guerrero y provocado graves inundaciones en su principal destino tur\u00edstico. Los efectos son severos dado el tama\u00f1o de este fen\u00f3meno natural que despu\u00e9s de golpear la costa retom\u00f3 fuerza de hurac\u00e1n y sigue descargando fuertes tormentas. Las acciones preventivas de protecci\u00f3n civil implementadas por el gobierno estatal de Evelyn Salgado han evitado un saldo tr\u00e1gico de v\u00edctimas mortales\u00a0y salvaguardado la integridad de la poblaci\u00f3n. Por eso los da\u00f1os, aunque severos, no se comparan con los que hace casi un a\u00f1o cobr\u00f3 \u201cOtis\u201d.<\/li>\n<li><strong> BLOQUEAN ACERO AUTOMOTRIZ<\/strong>. El mi\u00e9rcoles pasado se cumpli\u00f3 un mes de que\u00a0la Administraci\u00f3n Portuaria Integral de Manzanillo (ASIPONA Manzanillo) que dirige\u00a0Alberto Gasque Pe\u00f1a de la Secretar\u00eda de Marina (Semar), mantiene un bloqueo en los\u00a0muelles operados por maniobristas de carga general, lo que ha afectado el movimiento de acero para la industria automotriz. Operadores log\u00edsticos, maniobristas y agentes de carga internacional, denuncian que el contralmirante Jes\u00fas Ortiz Esteva y el capit\u00e1n Jos\u00e9 Domingo S\u00e1nchez han impedido directamente el ingreso de barcos cargados con rollo de acero. Lo atribuyen a que estos mandos tienen diferencias personales con grupos de maniobristas que -seg\u00fan dicen- llevan m\u00e1s de diez meses enfrentando acoso administrativo y operativo, sin fundamento en las reglas del puerto. Este bloqueo pone en riesgo a 300 empleados que demandan la intervenci\u00f3n urgente de quien dentro de cuatro d\u00edas ser\u00e1 el almirante secretario de Marina, Raymundo Pedro Morales \u00c1ngeles.<\/li>\n<\/ol>\n<p>&nbsp;<\/p>\n<p>(<a href=\"mailto:rrodriguezangular@hotmail.com\">rrodriguezangular@hotmail.com<\/a>\u00a0, @RaulRodriguezC ,\u00a0<a href=\"http:\/\/raulrodriguezcortes.com.mx\/\">raulrodriguezcortes.com.mx<\/a>\u00a0)<\/p>\n<p>&nbsp;<\/p>\n","protected":false},"excerpt":{"rendered":"<p>Ra\u00fal Rodr\u00edguez Cort\u00e9s. Faltan cuatro d\u00edas para que termine el gobierno de Andr\u00e9s Manuel L\u00f3pez Obrador, un\u00a0sexenio que para bien o para mal -seg\u00fan a quien se le pregunte y en espera de que el tiempo y la realidad den su veredicto- es un punto de inflexi\u00f3n en la historia reciente del pa\u00eds. Qued\u00f3 a &#8230;<\/p>\n","protected":false},"author":1,"featured_media":606,"comment_status":"open","ping_status":"open","sticky":false,"template":"","format":"standard","meta":{"footnotes":""},"categories":[19],"tags":[],"class_list":["post-602","post","type-post","status-publish","format-standard","has-post-thumbnail","hentry","category-columna"],"_links":{"self":[{"href":"https:\/\/elcorreodeoaxaca.com\/index.php?rest_route=\/wp\/v2\/posts\/602","targetHints":{"allow":["GET"]}}],"collection":[{"href":"https:\/\/elcorreodeoaxaca.com\/index.php?rest_route=\/wp\/v2\/posts"}],"about":[{"href":"https:\/\/elcorreodeoaxaca.com\/index.php?rest_route=\/wp\/v2\/types\/post"}],"author":[{"embeddable":true,"href":"https:\/\/elcorreodeoaxaca.com\/index.php?rest_route=\/wp\/v2\/users\/1"}],"replies":[{"embeddable":true,"href":"https:\/\/elcorreodeoaxaca.com\/index.php?rest_route=%2Fwp%2Fv2%2Fcomments&post=602"}],"version-history":[{"count":1,"href":"https:\/\/elcorreodeoaxaca.com\/index.php?rest_route=\/wp\/v2\/posts\/602\/revisions"}],"predecessor-version":[{"id":612,"href":"https:\/\/elcorreodeoaxaca.com\/index.php?rest_route=\/wp\/v2\/posts\/602\/revisions\/612"}],"wp:featuredmedia":[{"embeddable":true,"href":"https:\/\/elcorreodeoaxaca.com\/index.php?rest_route=\/wp\/v2\/media\/606"}],"wp:attachment":[{"href":"https:\/\/elcorreodeoaxaca.com\/index.php?rest_route=%2Fwp%2Fv2%2Fmedia&parent=602"}],"wp:term":[{"taxonomy":"category","embeddable":true,"href":"https:\/\/elcorreodeoaxaca.com\/index.php?rest_route=%2Fwp%2Fv2%2Fcategories&post=602"},{"taxonomy":"post_tag","embeddable":true,"href":"https:\/\/elcorreodeoaxaca.com\/index.php?rest_route=%2Fwp%2Fv2%2Ftags&post=602"}],"curies":[{"name":"wp","href":"https:\/\/api.w.org\/{rel}","templated":true}]}}