{"id":537,"date":"2024-09-28T16:19:42","date_gmt":"2024-09-28T21:19:42","guid":{"rendered":"https:\/\/elcorreodeoaxaca.com\/?p=537"},"modified":"2024-09-28T16:19:42","modified_gmt":"2024-09-28T21:19:42","slug":"aqui-en-el-congreso-focos-rojos-en-sindicato-de-pemex","status":"publish","type":"post","link":"https:\/\/elcorreodeoaxaca.com\/?p=537","title":{"rendered":"Aqu\u00ed en el Congreso : Focos rojos en sindicato de PEMEX"},"content":{"rendered":"<p style=\"text-align: center;\"><em><strong>Jos\u00e9 Antonio Ch\u00e1vez<\/strong><\/em><\/p>\n<figure id=\"attachment_540\" aria-describedby=\"caption-attachment-540\" style=\"width: 290px\" class=\"wp-caption alignright\"><a href=\"https:\/\/elcorreodeoaxaca.com\/wp-content\/uploads\/2024\/09\/cha-zafarrancho-en-Pemex.jpg\"><img loading=\"lazy\" decoding=\"async\" class=\"size-medium wp-image-540\" src=\"https:\/\/elcorreodeoaxaca.com\/wp-content\/uploads\/2024\/09\/cha-zafarrancho-en-Pemex-300x169.jpg\" alt=\"\" width=\"300\" height=\"169\" srcset=\"https:\/\/elcorreodeoaxaca.com\/wp-content\/uploads\/2024\/09\/cha-zafarrancho-en-Pemex-300x169.jpg 300w, https:\/\/elcorreodeoaxaca.com\/wp-content\/uploads\/2024\/09\/cha-zafarrancho-en-Pemex-335x188.jpg 335w, https:\/\/elcorreodeoaxaca.com\/wp-content\/uploads\/2024\/09\/cha-zafarrancho-en-Pemex-700x394.jpg 700w, https:\/\/elcorreodeoaxaca.com\/wp-content\/uploads\/2024\/09\/cha-zafarrancho-en-Pemex.jpg 756w\" sizes=\"auto, (max-width: 300px) 100vw, 300px\" \/><\/a><figcaption id=\"caption-attachment-540\" class=\"wp-caption-text\">Zafarrancho en Pemex. Rub\u00e9n Chore\u00f1o result\u00f3 lesionado<\/figcaption><\/figure>\n<p>La trifulca que se origin\u00f3 en el Sindicato de PEMEX por los disidentes que buscaban recuperar la sede y derribar al actual l\u00edder, Ricardo Aldana prendi\u00f3 focos rojos en Palacio Nacional a cuatro d\u00edas de su fin de sexenio.<\/p>\n<p>Los disidentes llegaron a la sede nacional de los petroleros para intentar tomar las oficinas, su reclam\u00f3 es que hay una orden de la Suprema Corte de Justicia de la Naci\u00f3n para que sea instalado en esa posici\u00f3n, su l\u00edder Rub\u00e9n Chore\u00f1o, vaya en lugar de Aldana.<\/p>\n<figure id=\"attachment_539\" aria-describedby=\"caption-attachment-539\" style=\"width: 187px\" class=\"wp-caption alignleft\"><a href=\"https:\/\/elcorreodeoaxaca.com\/wp-content\/uploads\/2024\/09\/cha-Ricardo-Aldana.jpg\"><img loading=\"lazy\" decoding=\"async\" class=\"wp-image-539 size-medium\" src=\"https:\/\/elcorreodeoaxaca.com\/wp-content\/uploads\/2024\/09\/cha-Ricardo-Aldana-e1727558316636-197x300.jpg\" alt=\"\" width=\"197\" height=\"300\" srcset=\"https:\/\/elcorreodeoaxaca.com\/wp-content\/uploads\/2024\/09\/cha-Ricardo-Aldana-e1727558316636-197x300.jpg 197w, https:\/\/elcorreodeoaxaca.com\/wp-content\/uploads\/2024\/09\/cha-Ricardo-Aldana-e1727558316636-220x335.jpg 220w, https:\/\/elcorreodeoaxaca.com\/wp-content\/uploads\/2024\/09\/cha-Ricardo-Aldana-e1727558316636.jpg 441w\" sizes=\"auto, (max-width: 197px) 100vw, 197px\" \/><\/a><figcaption id=\"caption-attachment-539\" class=\"wp-caption-text\">Ricardo Aldana<\/figcaption><\/figure>\n<p>En el intento de recuperar las oficinas, los reclamantes salieron lesionados, por el enfrentamiento con los sindicalizados que defend\u00edan el inmueble, entre los heridos y de gravedad, est\u00e1 Chore\u00f1o con golpes en la cabeza y que fue hospitalizado. La estampa de los granaderos de resguardar el lugar y poner fin al enfrentamiento, tal vez evit\u00f3 resultados fatales.<\/p>\n<p>La historia es que Chore\u00f1o que encabeza un gran n\u00famero de sindicalizados disidentes, se dieron a la tarea de buscar, por el lado legal de la autoridad, recuperar ese sindicato.<\/p>\n<p>Exhiben la documentaci\u00f3n que les da la raz\u00f3n y que hoy, incluso hay una de la Suprema Corte que ordena su reinstalaci\u00f3n en ese cargo.<\/p>\n<figure id=\"attachment_542\" aria-describedby=\"caption-attachment-542\" style=\"width: 163px\" class=\"wp-caption alignright\"><a href=\"https:\/\/elcorreodeoaxaca.com\/wp-content\/uploads\/2024\/09\/cha-Araceli-Saucedo.jpg\"><img loading=\"lazy\" decoding=\"async\" class=\"size-medium wp-image-542\" src=\"https:\/\/elcorreodeoaxaca.com\/wp-content\/uploads\/2024\/09\/cha-Araceli-Saucedo-173x300.jpg\" alt=\"\" width=\"173\" height=\"300\" srcset=\"https:\/\/elcorreodeoaxaca.com\/wp-content\/uploads\/2024\/09\/cha-Araceli-Saucedo-173x300.jpg 173w, https:\/\/elcorreodeoaxaca.com\/wp-content\/uploads\/2024\/09\/cha-Araceli-Saucedo-193x335.jpg 193w, https:\/\/elcorreodeoaxaca.com\/wp-content\/uploads\/2024\/09\/cha-Araceli-Saucedo.jpg 441w\" sizes=\"auto, (max-width: 173px) 100vw, 173px\" \/><\/a><figcaption id=\"caption-attachment-542\" class=\"wp-caption-text\">Araceli Saucedo<\/figcaption><\/figure>\n<p>Bueno, si realmente existe un ordenamiento del m\u00e1ximo tribunal de justicia para que sea insertado legalmente como el l\u00edder del Sindicato de Trabajadores Petroleros, porque la misma autoridad no hace su tarea.<\/p>\n<p>Porque Chore\u00f1o quiere recuperar la sede mediante la violencia o por lo menos entrar a la fuerza sin un aval de la autoridad. Tal vez algo tenga que sentirse siente respaldado, vaya alg\u00fan documento oficial que lo incite a buscar recuperar esa sede y se adelante hacerlo de esa forma. Solo ellos lo saben, pero el valor de llegar as\u00ed, no lo hace cualquiera a sabiendas de los altos riesgos que se enfrentar\u00e1n.<\/p>\n<p>Cualquiera, entonces, pensar\u00eda que hay algo raro, o no existen los documentos, o la autoridad no quiere acatar ese resolutivo porque solo as\u00ed, lo ordena el que manda en Palacio Nacional.<\/p>\n<p>Si existieran esos documentos que le dan la raz\u00f3n, como dice el se\u00f1or Chore\u00f1o, bueno pues entonces que esperen que la autoridad haga su trabajo y sean ellos, los oficiales los que desalojen el Sindicato y le notifique a Don Aldana que deje esas oficinas porque no le pertenecen.<\/p>\n<figure id=\"attachment_544\" aria-describedby=\"caption-attachment-544\" style=\"width: 158px\" class=\"wp-caption alignleft\"><a href=\"https:\/\/elcorreodeoaxaca.com\/wp-content\/uploads\/2024\/09\/cha-Gerardo-Fernandez-Norona.jpg\"><img loading=\"lazy\" decoding=\"async\" class=\"size-medium wp-image-544\" src=\"https:\/\/elcorreodeoaxaca.com\/wp-content\/uploads\/2024\/09\/cha-Gerardo-Fernandez-Norona-168x300.jpg\" alt=\"\" width=\"168\" height=\"300\" srcset=\"https:\/\/elcorreodeoaxaca.com\/wp-content\/uploads\/2024\/09\/cha-Gerardo-Fernandez-Norona-168x300.jpg 168w, https:\/\/elcorreodeoaxaca.com\/wp-content\/uploads\/2024\/09\/cha-Gerardo-Fernandez-Norona-188x335.jpg 188w, https:\/\/elcorreodeoaxaca.com\/wp-content\/uploads\/2024\/09\/cha-Gerardo-Fernandez-Norona.jpg 441w\" sizes=\"auto, (max-width: 168px) 100vw, 168px\" \/><\/a><figcaption id=\"caption-attachment-544\" class=\"wp-caption-text\">Gerardo Fern\u00e1ndez Noro\u00f1a<\/figcaption><\/figure>\n<p>Este jueves la trifulca no pas\u00f3 a mayores, pero puede apostar que si la autoridad del gobierno federal no interviene y aclara a qui\u00e9n le pertenece legalmente esa dirigencia, el pr\u00f3ximo enfrentamiento puede ser de alto riesgo incluso con resultados fatales, ojo.<\/p>\n<p>Los sindicalizados petroleros que se encuentran en el edificio sede, sin duda pueden apostar que ya est\u00e1n m\u00e1s que preparados para esperar una embestida de los disidentes que quieren recuperar esas oficinas.<\/p>\n<p>Si la autoridad no interviene, hoy que est\u00e1 en tiempo y forma, despu\u00e9s que no se lamenten si ocurre una tragedia, porque para nadie es secreto que los intereses en el Sindicato Petrolero de PEMEX que se juegan son inmensamente millonarios y ese es, m\u00e1s que nada el atractivo.<\/p>\n<figure id=\"attachment_541\" aria-describedby=\"caption-attachment-541\" style=\"width: 167px\" class=\"wp-caption alignright\"><a href=\"https:\/\/elcorreodeoaxaca.com\/wp-content\/uploads\/2024\/09\/cha-Adan-Augusto-Lopez.jpeg\"><img loading=\"lazy\" decoding=\"async\" class=\"wp-image-541 size-medium\" src=\"https:\/\/elcorreodeoaxaca.com\/wp-content\/uploads\/2024\/09\/cha-Adan-Augusto-Lopez-e1727558355865-177x300.jpeg\" alt=\"\" width=\"177\" height=\"300\" srcset=\"https:\/\/elcorreodeoaxaca.com\/wp-content\/uploads\/2024\/09\/cha-Adan-Augusto-Lopez-e1727558355865-177x300.jpeg 177w, https:\/\/elcorreodeoaxaca.com\/wp-content\/uploads\/2024\/09\/cha-Adan-Augusto-Lopez-e1727558355865-198x335.jpeg 198w, https:\/\/elcorreodeoaxaca.com\/wp-content\/uploads\/2024\/09\/cha-Adan-Augusto-Lopez-e1727558355865.jpeg 441w\" sizes=\"auto, (max-width: 177px) 100vw, 177px\" \/><\/a><figcaption id=\"caption-attachment-541\" class=\"wp-caption-text\">Ad\u00e1n Augusto L\u00f3pez<\/figcaption><\/figure>\n<p>Que tan grande es la riqueza de ese super sindicato, que basta recordar al anterior l\u00edder, Carlos Romero Deschamps, que tuvo que dejar, contra su voluntad, su larga permanencia a solicitud del que manda en Palacio nacional, o de lo contrario podr\u00eda encarcelar por los m\u00faltiples delitos de desv\u00edos econ\u00f3micos en su administraci\u00f3n. La buena vida que de ah\u00ed se permit\u00eda, era un atractivo que nadie en su sano juicio les gustar\u00eda dejar.<\/p>\n<p>&nbsp;<\/p>\n<p><strong>SE VA AMLO CON <\/strong><\/p>\n<p><strong>SUS REFORMAS\u00a0<\/strong><\/p>\n<p>&nbsp;<\/p>\n<p>En\u00a0<em>fast trak<\/em>\u00a0operaron los gobiernos de Morena\u00a0\u00a0para aprobar, sus Congresos locales, la reforma de la Guardia Nacional, una estrategia que se repiti\u00f3 como modelo anterior con la del Poder Judicial. La idea es que el Presidente L\u00f3pez Obrador pueda promulgarlas, tal vez el lunes que es la fecha de su \u00faltimo d\u00eda del sexenio.<\/p>\n<figure id=\"attachment_538\" aria-describedby=\"caption-attachment-538\" style=\"width: 161px\" class=\"wp-caption alignleft\"><a href=\"https:\/\/elcorreodeoaxaca.com\/wp-content\/uploads\/2024\/09\/cha-Miguel-Angel-Yunes-Linares.jpg\"><img loading=\"lazy\" decoding=\"async\" class=\"size-medium wp-image-538\" src=\"https:\/\/elcorreodeoaxaca.com\/wp-content\/uploads\/2024\/09\/cha-Miguel-Angel-Yunes-Linares-171x300.jpg\" alt=\"\" width=\"171\" height=\"300\" srcset=\"https:\/\/elcorreodeoaxaca.com\/wp-content\/uploads\/2024\/09\/cha-Miguel-Angel-Yunes-Linares-171x300.jpg 171w, https:\/\/elcorreodeoaxaca.com\/wp-content\/uploads\/2024\/09\/cha-Miguel-Angel-Yunes-Linares-191x335.jpg 191w, https:\/\/elcorreodeoaxaca.com\/wp-content\/uploads\/2024\/09\/cha-Miguel-Angel-Yunes-Linares.jpg 441w\" sizes=\"auto, (max-width: 171px) 100vw, 171px\" \/><\/a><figcaption id=\"caption-attachment-538\" class=\"wp-caption-text\">Miguel \u00c1ngel Yunes Linares<\/figcaption><\/figure>\n<p>Por lo pronto, el domingo los presidentes de la C\u00e1mara de Diputados, Ifigenia Mart\u00ednez y del Senado, Gerardo Fern\u00e1ndez Noro\u00f1a celebrar\u00e1n las sesiones para dar por confirmada su aprobaci\u00f3n en los Congresos locales, si bien se necesitan 16 m\u00e1s uno, ser\u00e1n 24 los que este viernes cerrar\u00e1n a favor.<\/p>\n<p>Podemos decir que ante la negativa de la oposici\u00f3n, que sostuvieron el voto en contra, los l\u00edderes del Congreso, Ricardo Monreal y Ad\u00e1n Augusto hicieron su tarea para entregar n\u00fameros negros al Presidente en su \u00faltimo d\u00eda, aunque la mayor\u00eda de dos tercios de senadores haya sido hechiza y no por voto popular, pues est\u00e1 la mancha de la compra y aceptaci\u00f3n forzada de los dos senadores del PRD,\u00a0\u00a0Araceli Saucedo y Jos\u00e9 Sabino, adem\u00e1s del panista o ex panista, Miguel Angel Yunes El Judas veracruzano, para sumar 86 de los 83 legales que les dio la ciudadan\u00eda.<\/p>\n<p>&nbsp;<\/p>\n<p><a href=\"mailto:Jachavez77@yahoo.com\">Jachavez77@yahoo.com<\/a><\/p>\n","protected":false},"excerpt":{"rendered":"<p>Jos\u00e9 Antonio Ch\u00e1vez La trifulca que se origin\u00f3 en el Sindicato de PEMEX por los disidentes que buscaban recuperar la sede y derribar al actual l\u00edder, Ricardo Aldana prendi\u00f3 focos rojos en Palacio Nacional a cuatro d\u00edas de su fin de sexenio. Los disidentes llegaron a la sede nacional de los petroleros para intentar tomar &#8230;<\/p>\n","protected":false},"author":1,"featured_media":543,"comment_status":"open","ping_status":"open","sticky":false,"template":"","format":"standard","meta":{"footnotes":""},"categories":[19],"tags":[],"class_list":["post-537","post","type-post","status-publish","format-standard","has-post-thumbnail","hentry","category-columna"],"_links":{"self":[{"href":"https:\/\/elcorreodeoaxaca.com\/index.php?rest_route=\/wp\/v2\/posts\/537","targetHints":{"allow":["GET"]}}],"collection":[{"href":"https:\/\/elcorreodeoaxaca.com\/index.php?rest_route=\/wp\/v2\/posts"}],"about":[{"href":"https:\/\/elcorreodeoaxaca.com\/index.php?rest_route=\/wp\/v2\/types\/post"}],"author":[{"embeddable":true,"href":"https:\/\/elcorreodeoaxaca.com\/index.php?rest_route=\/wp\/v2\/users\/1"}],"replies":[{"embeddable":true,"href":"https:\/\/elcorreodeoaxaca.com\/index.php?rest_route=%2Fwp%2Fv2%2Fcomments&post=537"}],"version-history":[{"count":1,"href":"https:\/\/elcorreodeoaxaca.com\/index.php?rest_route=\/wp\/v2\/posts\/537\/revisions"}],"predecessor-version":[{"id":545,"href":"https:\/\/elcorreodeoaxaca.com\/index.php?rest_route=\/wp\/v2\/posts\/537\/revisions\/545"}],"wp:featuredmedia":[{"embeddable":true,"href":"https:\/\/elcorreodeoaxaca.com\/index.php?rest_route=\/wp\/v2\/media\/543"}],"wp:attachment":[{"href":"https:\/\/elcorreodeoaxaca.com\/index.php?rest_route=%2Fwp%2Fv2%2Fmedia&parent=537"}],"wp:term":[{"taxonomy":"category","embeddable":true,"href":"https:\/\/elcorreodeoaxaca.com\/index.php?rest_route=%2Fwp%2Fv2%2Fcategories&post=537"},{"taxonomy":"post_tag","embeddable":true,"href":"https:\/\/elcorreodeoaxaca.com\/index.php?rest_route=%2Fwp%2Fv2%2Ftags&post=537"}],"curies":[{"name":"wp","href":"https:\/\/api.w.org\/{rel}","templated":true}]}}