{"id":515,"date":"2024-09-28T16:07:30","date_gmt":"2024-09-28T21:07:30","guid":{"rendered":"https:\/\/elcorreodeoaxaca.com\/?p=515"},"modified":"2024-09-28T16:07:30","modified_gmt":"2024-09-28T21:07:30","slug":"se-desmoronan-las-finanzas-del-vaticano","status":"publish","type":"post","link":"https:\/\/elcorreodeoaxaca.com\/?p=515","title":{"rendered":"Se desmoronan las finanzas del Vaticano"},"content":{"rendered":"<p style=\"text-align: center;\"><em><strong>Bernardo Barranco V.\/La Jornada<\/strong><\/em><\/p>\n<figure id=\"attachment_521\" aria-describedby=\"caption-attachment-521\" style=\"width: 198px\" class=\"wp-caption alignright\"><a href=\"https:\/\/elcorreodeoaxaca.com\/wp-content\/uploads\/2024\/09\/barra-Angelo-Becciu.jpeg\"><img loading=\"lazy\" decoding=\"async\" class=\"size-medium wp-image-521\" src=\"https:\/\/elcorreodeoaxaca.com\/wp-content\/uploads\/2024\/09\/barra-Angelo-Becciu-208x300.jpeg\" alt=\"\" width=\"208\" height=\"300\" srcset=\"https:\/\/elcorreodeoaxaca.com\/wp-content\/uploads\/2024\/09\/barra-Angelo-Becciu-208x300.jpeg 208w, https:\/\/elcorreodeoaxaca.com\/wp-content\/uploads\/2024\/09\/barra-Angelo-Becciu-232x335.jpeg 232w, https:\/\/elcorreodeoaxaca.com\/wp-content\/uploads\/2024\/09\/barra-Angelo-Becciu.jpeg 441w\" sizes=\"auto, (max-width: 208px) 100vw, 208px\" \/><\/a><figcaption id=\"caption-attachment-521\" class=\"wp-caption-text\">Angelo Becciu<\/figcaption><\/figure>\n<p>El papa Francisco\u00a0hizo p\u00fablica la crisis financiera del Vaticano. Tiene un d\u00e9ficit operativo en 2023 de 83 millones de euros. Este monto representa un incremento de 5 millones respecto al ejercicio de 2022. El Papa llama con urgencia solicitar el apoyo de los miembros del colegio cardenalicio para implementar iniciativas que eviten un quebranto mayor.<\/p>\n<p>Una primera explicaci\u00f3n es que el d\u00e9ficit se debe a la disminuci\u00f3n de las donaciones de los fieles y el aumento de los gastos operativos. En su exhorto a los cardenales, el Papa destac\u00f3 la necesidad de gestionar los recursos econ\u00f3micos de manera m\u00e1s rigurosa y eficiente.<\/p>\n<p>El Vaticano depende principalmente de las contribuciones de las iglesias m\u00e1s pudientes, como la alemana, la estadunidense, la espa\u00f1ola, la italiana. M\u00e9xico es una de las iglesias que aportan mayores recursos en Am\u00e9rica Latina. Adem\u00e1s, figuran las donaciones de los fieles de todo el mundo a trav\u00e9s del \u00d3bolo de San Pedro. En 2023, los ingresos ascendieron a 48.4 millones de euros, una leve mejora en comparaci\u00f3n con los 43.5 millones recaudados en 2022. Sin embargo, estos fondos no son suficientes para cubrir los gastos de la Curia Romana, que el Papa estima en 90 millones de euros anuales.<\/p>\n<figure id=\"attachment_519\" aria-describedby=\"caption-attachment-519\" style=\"width: 167px\" class=\"wp-caption alignleft\"><a href=\"https:\/\/elcorreodeoaxaca.com\/wp-content\/uploads\/2024\/09\/barra-Gianlugi-Nuzz.jpg\"><img loading=\"lazy\" decoding=\"async\" class=\"size-medium wp-image-519\" src=\"https:\/\/elcorreodeoaxaca.com\/wp-content\/uploads\/2024\/09\/barra-Gianlugi-Nuzz-177x300.jpg\" alt=\"\" width=\"177\" height=\"300\" srcset=\"https:\/\/elcorreodeoaxaca.com\/wp-content\/uploads\/2024\/09\/barra-Gianlugi-Nuzz-177x300.jpg 177w, https:\/\/elcorreodeoaxaca.com\/wp-content\/uploads\/2024\/09\/barra-Gianlugi-Nuzz-198x335.jpg 198w, https:\/\/elcorreodeoaxaca.com\/wp-content\/uploads\/2024\/09\/barra-Gianlugi-Nuzz.jpg 441w\" sizes=\"auto, (max-width: 177px) 100vw, 177px\" \/><\/a><figcaption id=\"caption-attachment-519\" class=\"wp-caption-text\">Gianlugi Nuzz<\/figcaption><\/figure>\n<p>El tema no es nuevo, desde hace m\u00e1s de 10 a\u00f1os los d\u00e9ficits son recurrentes. En este espacio desde 2017 hemos advertido el crecimiento de la crisis financiera, tampoco, hemos observado acciones o estrategias que reviertan las fr\u00e1giles finanzas de la Santa Sede. Desde hace lustros esta carga se viene arrastrando sin encontrar una soluci\u00f3n definitiva. Hay que reconocer que tampoco el tama\u00f1o del d\u00e9ficit es tan temible para un peque\u00f1o Estado-naci\u00f3n que cuenta en Roma cientos de inmuebles de una muy alta plusval\u00eda. El problema es m\u00e1s de fondo. Basta ver la deuda de una empresa como Televisa que alcanza 59 mil 276.4 millones de pesos, una p\u00e9rdida neta de 78 millones en el segundo trimestre de 2024. O el Grupo Salinas, cuya deuda solo con el SAT alcanza 63 mil millones, algo as\u00ed como 3 mil 500 millones de d\u00f3lares.<\/p>\n<figure id=\"attachment_516\" aria-describedby=\"caption-attachment-516\" style=\"width: 163px\" class=\"wp-caption alignright\"><a href=\"https:\/\/elcorreodeoaxaca.com\/wp-content\/uploads\/2024\/09\/barra-Paul-Marcinkus.jpeg\"><img loading=\"lazy\" decoding=\"async\" class=\"size-medium wp-image-516\" src=\"https:\/\/elcorreodeoaxaca.com\/wp-content\/uploads\/2024\/09\/barra-Paul-Marcinkus-173x300.jpeg\" alt=\"\" width=\"173\" height=\"300\" srcset=\"https:\/\/elcorreodeoaxaca.com\/wp-content\/uploads\/2024\/09\/barra-Paul-Marcinkus-173x300.jpeg 173w, https:\/\/elcorreodeoaxaca.com\/wp-content\/uploads\/2024\/09\/barra-Paul-Marcinkus-193x335.jpeg 193w, https:\/\/elcorreodeoaxaca.com\/wp-content\/uploads\/2024\/09\/barra-Paul-Marcinkus.jpeg 441w\" sizes=\"auto, (max-width: 173px) 100vw, 173px\" \/><\/a><figcaption id=\"caption-attachment-516\" class=\"wp-caption-text\">Paul Marcinkus<\/figcaption><\/figure>\n<p>La Santa Sede pasa por apuros financieros que remolca de tiempo atr\u00e1s. El Vaticano no escapa a la crisis econ\u00f3mica provocada por la pandemia mundial. A diferencia de los otros estados, s\u00f3lo puede mantenerse con las donaciones de los fieles, de actividades comerciales y tur\u00edsticas, y con inversiones fijas. A diferencia de los otros estados, tiene muy pocas opciones para operar en caso de una recesi\u00f3n econ\u00f3mica.<\/p>\n<p>Hay que remontarse a los a\u00f1os 80, con el asesinato del financiero Roberto Calvi, due\u00f1o del banco Ambrosiano, al banquero de Dios, monse\u00f1or Paul Marcinkus, ambos mafiosos que invirtieron fondos en para\u00edsos fiscales, en industrias de armamento, en preservativos y editoriales pornogr\u00e1ficas alemanas. Tambi\u00e9n hay que evocar la crisis del\u00a0<em>Vatileaks<\/em>, documentos filtrados que destaparon corrupci\u00f3n y manejos deshonestos de los recursos por altos miembros de la curia. Todo el esc\u00e1ndalo sali\u00f3 a la luz a finales de enero de 2012, durante la emisi\u00f3n de un programa de televisi\u00f3n en Italia llamado\u00a0<em>Gli intoccabili<\/em>\u00a0<em>(<\/em>\u00a0<em>Los intocables<\/em>\u00a0<em>)<\/em>. En el oto\u00f1o de 2019, se public\u00f3 el libro, del mismo periodista de la Tv Gianlugi Nuzz, titulado\u00a0<em>Giudizio universale <\/em><em>(Juicio universal)<\/em>, un texto minucioso sobre la econom\u00eda del Vaticano. Re\u00fane 3 mil p\u00e1ginas de documentos confidenciales en temas financieros y econ\u00f3micos de la Santa Sede, que afirm\u00f3 haber recopilado desde 2013.<\/p>\n<figure id=\"attachment_518\" aria-describedby=\"caption-attachment-518\" style=\"width: 290px\" class=\"wp-caption alignleft\"><a href=\"https:\/\/elcorreodeoaxaca.com\/wp-content\/uploads\/2024\/09\/barra-Giudizio-universale.jpg\"><img loading=\"lazy\" decoding=\"async\" class=\"size-medium wp-image-518\" src=\"https:\/\/elcorreodeoaxaca.com\/wp-content\/uploads\/2024\/09\/barra-Giudizio-universale-300x200.jpg\" alt=\"\" width=\"300\" height=\"200\" srcset=\"https:\/\/elcorreodeoaxaca.com\/wp-content\/uploads\/2024\/09\/barra-Giudizio-universale-300x200.jpg 300w, https:\/\/elcorreodeoaxaca.com\/wp-content\/uploads\/2024\/09\/barra-Giudizio-universale-335x224.jpg 335w, https:\/\/elcorreodeoaxaca.com\/wp-content\/uploads\/2024\/09\/barra-Giudizio-universale-272x182.jpg 272w, https:\/\/elcorreodeoaxaca.com\/wp-content\/uploads\/2024\/09\/barra-Giudizio-universale-720x480.jpg 720w, https:\/\/elcorreodeoaxaca.com\/wp-content\/uploads\/2024\/09\/barra-Giudizio-universale.jpg 756w\" sizes=\"auto, (max-width: 300px) 100vw, 300px\" \/><\/a><figcaption id=\"caption-attachment-518\" class=\"wp-caption-text\">Giudizio universale<\/figcaption><\/figure>\n<p>El libro establece que, debido a la crisis de abusos sexuales y esc\u00e1ndalos de poder, las donaciones enviadas al Vaticano se fueron reduciendo en 2018 a 51 millones de euros (56.9 millones de d\u00f3lares), en comparaci\u00f3n con 101 millones de euros (112.7 millones de d\u00f3lares) en 2006. La principal advertencia de Nuzzi, lanzada antes de la pandemia, es que las finanzas del Vaticano han sido inadecuadas; de seguir as\u00ed, estar\u00edan en quiebra financiera absoluta para 2023. Dicho pron\u00f3stico result\u00f3 parcialmente cierto. Ahora Bergoglio est\u00e1 en vilo, sin ideas claras para equilibrar las finanzas vaticanas.<\/p>\n<figure id=\"attachment_517\" aria-describedby=\"caption-attachment-517\" style=\"width: 290px\" class=\"wp-caption alignright\"><a href=\"https:\/\/elcorreodeoaxaca.com\/wp-content\/uploads\/2024\/09\/barra-Vatileaks.jpg\"><img loading=\"lazy\" decoding=\"async\" class=\"size-medium wp-image-517\" src=\"https:\/\/elcorreodeoaxaca.com\/wp-content\/uploads\/2024\/09\/barra-Vatileaks-300x150.jpg\" alt=\"\" width=\"300\" height=\"150\" srcset=\"https:\/\/elcorreodeoaxaca.com\/wp-content\/uploads\/2024\/09\/barra-Vatileaks-300x150.jpg 300w, https:\/\/elcorreodeoaxaca.com\/wp-content\/uploads\/2024\/09\/barra-Vatileaks-335x168.jpg 335w, https:\/\/elcorreodeoaxaca.com\/wp-content\/uploads\/2024\/09\/barra-Vatileaks.jpg 756w\" sizes=\"auto, (max-width: 300px) 100vw, 300px\" \/><\/a><figcaption id=\"caption-attachment-517\" class=\"wp-caption-text\">Vatileaks<\/figcaption><\/figure>\n<p>M\u00e1s all\u00e1 de la crisis econ\u00f3mica que ha padecido Europa. La actual crisis financiera vaticana es consecuencia de una crisis mayor de la Iglesia cat\u00f3lica. La debacle del Vaticano pasa por tres factores claros. Primero, la pandemia de covid-19 golpe\u00f3 severamente los donativos ya que las Iglesias estaban cerradas o vac\u00edas. Segundo, el decremento de los donativos o limosnas fueron reduci\u00e9ndose por los tr\u00e1gicos esc\u00e1ndalos de abusos sexuales a menores y el p\u00e9simo tratamiento que la instituci\u00f3n ha dado a las v\u00edctimas. Tercero, figuran las luchas palaciegas y los otros esc\u00e1ndalos de corrupci\u00f3n financiera y mal manejo de los recursos de altos miembros de la curia romana. El \u00faltimo caso, entre muchos, es la condena in\u00e9dita por cinco a\u00f1os de prisi\u00f3n al cardenal Angelo Becciu, ex asesor del papa Francisco, por delitos financieros inmobiliarios.<\/p>\n<p>Seamos francos. La crisis econ\u00f3mica del Vaticano no es s\u00f3lo financiera, es el reflejo de la crisis de la propia Iglesia. Pese a los esfuerzos del papa Francisco, el d\u00e9ficit financiero, refleja una relaci\u00f3n t\u00f3xica entre la Iglesia frente a la cultura de la modernidad contempor\u00e1nea.<\/p>\n","protected":false},"excerpt":{"rendered":"<p>Bernardo Barranco V.\/La Jornada El papa Francisco\u00a0hizo p\u00fablica la crisis financiera del Vaticano. Tiene un d\u00e9ficit operativo en 2023 de 83 millones de euros. Este monto representa un incremento de 5 millones respecto al ejercicio de 2022. El Papa llama con urgencia solicitar el apoyo de los miembros del colegio cardenalicio para implementar iniciativas que &#8230;<\/p>\n","protected":false},"author":1,"featured_media":520,"comment_status":"open","ping_status":"open","sticky":false,"template":"","format":"standard","meta":{"footnotes":""},"categories":[18],"tags":[],"class_list":["post-515","post","type-post","status-publish","format-standard","has-post-thumbnail","hentry","category-opinion"],"_links":{"self":[{"href":"https:\/\/elcorreodeoaxaca.com\/index.php?rest_route=\/wp\/v2\/posts\/515","targetHints":{"allow":["GET"]}}],"collection":[{"href":"https:\/\/elcorreodeoaxaca.com\/index.php?rest_route=\/wp\/v2\/posts"}],"about":[{"href":"https:\/\/elcorreodeoaxaca.com\/index.php?rest_route=\/wp\/v2\/types\/post"}],"author":[{"embeddable":true,"href":"https:\/\/elcorreodeoaxaca.com\/index.php?rest_route=\/wp\/v2\/users\/1"}],"replies":[{"embeddable":true,"href":"https:\/\/elcorreodeoaxaca.com\/index.php?rest_route=%2Fwp%2Fv2%2Fcomments&post=515"}],"version-history":[{"count":1,"href":"https:\/\/elcorreodeoaxaca.com\/index.php?rest_route=\/wp\/v2\/posts\/515\/revisions"}],"predecessor-version":[{"id":522,"href":"https:\/\/elcorreodeoaxaca.com\/index.php?rest_route=\/wp\/v2\/posts\/515\/revisions\/522"}],"wp:featuredmedia":[{"embeddable":true,"href":"https:\/\/elcorreodeoaxaca.com\/index.php?rest_route=\/wp\/v2\/media\/520"}],"wp:attachment":[{"href":"https:\/\/elcorreodeoaxaca.com\/index.php?rest_route=%2Fwp%2Fv2%2Fmedia&parent=515"}],"wp:term":[{"taxonomy":"category","embeddable":true,"href":"https:\/\/elcorreodeoaxaca.com\/index.php?rest_route=%2Fwp%2Fv2%2Fcategories&post=515"},{"taxonomy":"post_tag","embeddable":true,"href":"https:\/\/elcorreodeoaxaca.com\/index.php?rest_route=%2Fwp%2Fv2%2Ftags&post=515"}],"curies":[{"name":"wp","href":"https:\/\/api.w.org\/{rel}","templated":true}]}}