{"id":395,"date":"2024-08-31T17:39:30","date_gmt":"2024-08-31T22:39:30","guid":{"rendered":"https:\/\/elcorreodeoaxaca.com\/?p=87630"},"modified":"2024-08-31T17:39:30","modified_gmt":"2024-08-31T22:39:30","slug":"senales-financieras-esta-mas-cerca-el-1-de-octubre-para-la-toma-de-posesion","status":"publish","type":"post","link":"https:\/\/elcorreodeoaxaca.com\/?p=395","title":{"rendered":"Se\u00f1ales Financieras : Est\u00e1 m\u00e1s cerca el 1 de octubre para la Toma de Posesi\u00f3n"},"content":{"rendered":"<p style=\"text-align: center;\"><em><strong>Benjam\u00edn Bernal\/Reportajes Metropolitanos<\/strong><\/em><\/p>\n<figure id=\"attachment_87634\" aria-describedby=\"caption-attachment-87634\" style=\"width: 192px\" class=\"wp-caption alignright\"><a href=\"https:\/\/elcorreodeoaxaca.com\/wp-content\/uploads\/2024\/08\/SENA-Ken-Salazar.jpg\"><img loading=\"lazy\" decoding=\"async\" class=\"size-medium wp-image-87634\" src=\"https:\/\/elcorreodeoaxaca.com\/wp-content\/uploads\/2024\/08\/SENA-Ken-Salazar-202x300.jpg\" alt=\"\" width=\"202\" height=\"300\" \/><\/a><figcaption id=\"caption-attachment-87634\" class=\"wp-caption-text\">Ken Salazar<\/figcaption><\/figure>\n<p><strong>GPS FINANCIERO.<\/strong>\u00a0El \u00edndice de precios y cotizaciones de la BMV, abri\u00f3 la semana anterior en 54,083 y cierra el viernes sobre 53,490, nada fuera de lo corriente, en estos d\u00edas de sube y baja. Sigue como punto de referencia que en abril tuvo 57,833. El d\u00f3lar sigue nervioso y cierra de 19.36 a 20.00. El cete de 28 d\u00edas sigue en 10.75%. El euro cotiza en 21.39. el petr\u00f3leo wti 73.72 dpb Hay que esperar a que tome posesi\u00f3n la dra. Sheinbaum. Ser\u00e1 una nueva era.<\/p>\n<p><strong>\u00c1MBAR<\/strong>. Lo m\u00e1s relevante de la semana fueron las noticias sobre la Reforma Judicial que habla de la desaparici\u00f3n de Organismo Aut\u00f3nomos y la otra, de la sobre representaci\u00f3n de un partido en las c\u00e1maras y que da lugar a cambios constitucionales &lt;sobre pedido&gt; con la garant\u00eda de que pasen, porque no hay oposici\u00f3n (en verdad, no hay) Estas noticias tienen preocupados a la IP local y de nuestros socios comerciales, tanto as\u00ed, que varias calificadoras de deuda (Fitch Ratings y Morgan Stanley) as\u00ed como bancos (B. of Am\u00e9rica, Citibanamex, \u00a0entre ellos) han salido a expresar su opini\u00f3n en contra de este carro completo que se puede lograr. La Seguridad jur\u00eddica; econom\u00eda creciente y estable; tranquilidad social, as\u00ed como pol\u00edtica, son las bases fundamentales de una decisi\u00f3n para invertir en un pa\u00eds. Y los socios comerciales que ya est\u00e1n volver\u00e1n a pensarlo.<\/p>\n<figure id=\"attachment_87631\" aria-describedby=\"caption-attachment-87631\" style=\"width: 166px\" class=\"wp-caption alignleft\"><a href=\"https:\/\/elcorreodeoaxaca.com\/wp-content\/uploads\/2024\/08\/SENA-Carlos-Slim.gif\"><img loading=\"lazy\" decoding=\"async\" class=\"size-medium wp-image-87631\" src=\"https:\/\/elcorreodeoaxaca.com\/wp-content\/uploads\/2024\/08\/SENA-Carlos-Slim-176x300.gif\" alt=\"\" width=\"176\" height=\"300\" \/><\/a><figcaption id=\"caption-attachment-87631\" class=\"wp-caption-text\">Carlos Slim<\/figcaption><\/figure>\n<p>Interesante reflexionar sobre la declaraci\u00f3n de Ken Salazar, embajador de los Estados Unidos de Norteam\u00e9rica: \u201c(dijo que) pondr\u00eda en riesgo la democracia y a la econom\u00eda\u201d. Horas despu\u00e9s le contest\u00f3 el presidente de M\u00e9xico: \u201c(Fue) una falta de respeto a nuestra soberan\u00eda\u201d y contin\u00faa \u201cesta declaraci\u00f3n desafortunada e imprudente del embajador Ken Salazar de ayer: o acepta que ning\u00fan representante de ning\u00fan gobierno extranjero, intervenga en asuntos que solo le corresponde resolver a los mexicanos\u201d Pero el hecho concreto es que ya hizo la declaraci\u00f3n y fue escuchada o reproducida por todos los medios, locales y extranjeros. Un d\u00eda despu\u00e9s fue el extra\u00f1amiento.<\/p>\n<p>Ken Salazar ha sido un embajador muy amigo del presidente, ser\u00eda muy extra\u00f1o que pidiera su remoci\u00f3n al Gobierno de aquel pa\u00eds, no lo creemos.<\/p>\n<p>Ya que el presidente AMLO dijo que consultar\u00e1 la opini\u00f3n sobre los mencionados temas jur\u00eddicos, a las personas m\u00e1s ricas de M\u00e9xico. Aqu\u00ed le presento una lista de ellos: Carlos Slim Hel\u00fa, principalmente Grupo Carso. Germ\u00e1n Larrea Mota Velasco, Grupo minero M\u00e9xico. Ricardo Salinas Pliego, Grupo Salinas, TV Azteca, etc. Alberto Bailleres Gonz\u00e1lez, empresas mineras y financieras. Fallecido, su familia sigue adelante. Mar\u00eda Asunci\u00f3n Ar\u00e1mburuzabala, fue la due\u00f1a de una cervecera. Varios no contestaron, Salinas Pliego hizo una encuesta entre sus redes sociales y result\u00f3 en \u201cno\u201d rotundo, 79.4%<\/p>\n<figure id=\"attachment_87632\" aria-describedby=\"caption-attachment-87632\" style=\"width: 155px\" class=\"wp-caption alignright\"><a href=\"https:\/\/elcorreodeoaxaca.com\/wp-content\/uploads\/2024\/08\/SENA-Ricardo-Salinas-Pliego.jpeg\"><img loading=\"lazy\" decoding=\"async\" class=\"size-medium wp-image-87632\" src=\"https:\/\/elcorreodeoaxaca.com\/wp-content\/uploads\/2024\/08\/SENA-Ricardo-Salinas-Pliego-165x300.jpeg\" alt=\"\" width=\"165\" height=\"300\" \/><\/a><figcaption id=\"caption-attachment-87632\" class=\"wp-caption-text\">Ricardo Salinas Pliego<\/figcaption><\/figure>\n<p><strong>ROJO<\/strong>. Debiera preguntar tambi\u00e9n a quienes son parte del Nearshoring, aquellos que quieren traer sus recursos para instalar plantas maquiladoras, ensambladoras, con fines de &lt;importaci\u00f3n temporal&gt; para despu\u00e9s vender a otro destino. Ser\u00eda interesante conocer su punto de vista.<\/p>\n<p>La amenaza de Reforma Judicial, principalmente las que desaparecen a los Organismos aut\u00f3nomos y favorecen la sobre representaci\u00f3n, se dice, est\u00e1n haciendo bajar la Bolsa de Valores y tienen desconcertado al superpeso. Creemos que la pol\u00edtica y la econom\u00eda hacen corto circuito cuando se mezclan. As\u00ed parece estar pasando con la decisi\u00f3n del superpeso y la reducci\u00f3n de tasa de los cetes, cuando a\u00fan no est\u00e1 dominada la inflaci\u00f3n, pero ya veremos.<\/p>\n<p>Las reformas legislativas de las que hablamos son comentadas por los pa\u00edses con los que hay m\u00e1s comercio, por ejemplo, con Europa y Asia no hay eco, no hay comentarios, pues sus compras y ventas de productos y servicios no es relevante. Estados Unidos y Canad\u00e1 son los m\u00e1s interesados en que no haya modificaciones sustanciales a la ley a que permanezcan, que haya seguridad jur\u00eddica, no al contentillo de los funcionarios en turno.<\/p>\n<p><strong>LLANTA PONCHADA.<\/strong>\u00a0Los \u00fatiles escolares costaron del 20 al 35% m\u00e1s, la calidad de los mismos es parte del precio, o sea, que hay un menor aumento si compramos productos chinos. Mexicanos con m\u00e1s aumento. Y los productos mexicanos de mayor calidad: l\u00e1pices, juegos de geometr\u00eda, cuadernos, plumones, etc. Car\u00edsimos.<\/p>\n<figure id=\"attachment_87633\" aria-describedby=\"caption-attachment-87633\" style=\"width: 165px\" class=\"wp-caption alignleft\"><a href=\"https:\/\/elcorreodeoaxaca.com\/wp-content\/uploads\/2024\/08\/SENA-German-Larrea.jpg\"><img loading=\"lazy\" decoding=\"async\" class=\"size-medium wp-image-87633\" src=\"https:\/\/elcorreodeoaxaca.com\/wp-content\/uploads\/2024\/08\/SENA-German-Larrea-175x300.jpg\" alt=\"\" width=\"175\" height=\"300\" \/><\/a><figcaption id=\"caption-attachment-87633\" class=\"wp-caption-text\">Germ\u00e1n Larrea<\/figcaption><\/figure>\n<p>De 31,318 denuncias por huachicol, van tan s\u00f3lo 8 sentencias. Todos recordamos que se cerraron las gasolineras al inicio del sexenio para intentar frenar el robo de combustible. Se ha dicho en varias ocasiones \u201cEstamos acabando con los huachicoleros\u201d<\/p>\n<p><strong>A LOS PITS. El<\/strong>\u00a0presidente AMLO, habl\u00f3 de crear o inventar, los Jueces an\u00f3nimos o \u201csin rostro\u201d, lo que francamente me da miedo, porque siempre se tendr\u00e1 la duda de la objetividad, imparcialidad, conocimientos, tiempo que le dedica, tendencia ideol\u00f3gica y hasta la salud mental del Juez an\u00f3nimo. Me recuerda los pasajes que narran en los filmes y novelas sobre los informantes secretos que hab\u00eda en la era de las dictaduras. Si ten\u00eda usted un vecino al que le ca\u00eda mal, saz, lo denunciaba por qu\u00edtame estas pajas, falsamente. Da p\u00e1nico pensar esto.<\/p>\n<p>Se crea Secretar\u00eda del Agua y de la Mujer, en tiempos de ahorro, frugales, de pobreza franciscana, no ser\u00eda mejor que los funcionarios que ya tienen esa tarea asignada \u00bfla hagan bien? En lugar de liquidar a los que (se cree) no trabajaron con inteligencia y de nuevo contratar a los que si lo van a hacer. Y a empezar la curva de aprendizaje.<\/p>\n<p><strong>ROJO.<\/strong>\u00a0La ventas minoristas se redujeron: 2.8% Anual , al mes de \u00a0junio. Esto es raro, s\u00f3lo por la inercia del crecimiento poblacional y la disminuci\u00f3n de pobres de la que hablan: debieran haber crecido.<\/p>\n","protected":false},"excerpt":{"rendered":"<p>Benjam\u00edn Bernal\/Reportajes Metropolitanos GPS FINANCIERO.\u00a0El \u00edndice de precios y cotizaciones de la BMV, abri\u00f3 la semana anterior en 54,083 y cierra el viernes sobre 53,490, nada fuera de lo corriente, en estos d\u00edas de sube y baja. Sigue como punto de referencia que en abril tuvo 57,833. El d\u00f3lar sigue nervioso y cierra de 19.36 &#8230;<\/p>\n","protected":false},"author":1,"featured_media":396,"comment_status":"closed","ping_status":"open","sticky":false,"template":"","format":"standard","meta":{"footnotes":""},"categories":[19],"tags":[],"class_list":["post-395","post","type-post","status-publish","format-standard","has-post-thumbnail","hentry","category-columna"],"_links":{"self":[{"href":"https:\/\/elcorreodeoaxaca.com\/index.php?rest_route=\/wp\/v2\/posts\/395","targetHints":{"allow":["GET"]}}],"collection":[{"href":"https:\/\/elcorreodeoaxaca.com\/index.php?rest_route=\/wp\/v2\/posts"}],"about":[{"href":"https:\/\/elcorreodeoaxaca.com\/index.php?rest_route=\/wp\/v2\/types\/post"}],"author":[{"embeddable":true,"href":"https:\/\/elcorreodeoaxaca.com\/index.php?rest_route=\/wp\/v2\/users\/1"}],"replies":[{"embeddable":true,"href":"https:\/\/elcorreodeoaxaca.com\/index.php?rest_route=%2Fwp%2Fv2%2Fcomments&post=395"}],"version-history":[{"count":0,"href":"https:\/\/elcorreodeoaxaca.com\/index.php?rest_route=\/wp\/v2\/posts\/395\/revisions"}],"wp:featuredmedia":[{"embeddable":true,"href":"https:\/\/elcorreodeoaxaca.com\/index.php?rest_route=\/wp\/v2\/media\/396"}],"wp:attachment":[{"href":"https:\/\/elcorreodeoaxaca.com\/index.php?rest_route=%2Fwp%2Fv2%2Fmedia&parent=395"}],"wp:term":[{"taxonomy":"category","embeddable":true,"href":"https:\/\/elcorreodeoaxaca.com\/index.php?rest_route=%2Fwp%2Fv2%2Fcategories&post=395"},{"taxonomy":"post_tag","embeddable":true,"href":"https:\/\/elcorreodeoaxaca.com\/index.php?rest_route=%2Fwp%2Fv2%2Ftags&post=395"}],"curies":[{"name":"wp","href":"https:\/\/api.w.org\/{rel}","templated":true}]}}