{"id":387,"date":"2024-08-31T17:47:12","date_gmt":"2024-08-31T22:47:12","guid":{"rendered":"https:\/\/elcorreodeoaxaca.com\/?p=87637"},"modified":"2024-08-31T17:47:12","modified_gmt":"2024-08-31T22:47:12","slug":"los-bazucazos-deubaldo-diaz-el-senador-adan-augusto-dice-que-ya-tienen-mayoria-constitucional","status":"publish","type":"post","link":"https:\/\/elcorreodeoaxaca.com\/?p=387","title":{"rendered":"Los Bazucazos de\u2026Ubaldo D\u00edaz : El senador Ad\u00e1n Augusto dice que ya tienen Mayor\u00eda Constitucional"},"content":{"rendered":"<p style=\"text-align: center;\"><em><strong>Ubaldo D\u00edaz<\/strong><\/em><\/p>\n<figure id=\"attachment_87639\" aria-describedby=\"caption-attachment-87639\" style=\"width: 148px\" class=\"wp-caption alignright\"><a href=\"https:\/\/elcorreodeoaxaca.com\/wp-content\/uploads\/2024\/08\/bazu-javier-corral.jpeg\"><img loading=\"lazy\" decoding=\"async\" class=\"size-medium wp-image-87639\" src=\"https:\/\/elcorreodeoaxaca.com\/wp-content\/uploads\/2024\/08\/bazu-javier-corral-158x300.jpeg\" alt=\"\" width=\"158\" height=\"300\" \/><\/a><figcaption id=\"caption-attachment-87639\" class=\"wp-caption-text\">Javier Corral<\/figcaption><\/figure>\n<p>El senador tabasque\u00f1o Ad\u00e1n Augusto L\u00f3pez, presidente de la Junta de<\/p>\n<p>Coordinaci\u00f3n Pol\u00edtica del Senado asegura que no necesitan a un legislador m\u00e1s para tener la mayor\u00eda absoluta, porque hay quienes dicen que s\u00f3lo se requieren 85 y esos ya los tienen.<\/p>\n<p>Tambi\u00e9n se\u00f1al\u00f3 que no les han comunicado sobre la nueva orden de aprehensi\u00f3n en contra del senador de Morena Javier Corral. El nuevo presidente de la JUCOPO habl\u00f3 as\u00ed al t\u00e9rmino de la sesi\u00f3n de instalaci\u00f3n del Senado de la Rep\u00fablica, sali\u00f3 adelante pues la sesi\u00f3n de instalaci\u00f3n de la C\u00e1mara sali\u00f3 sin ning\u00fan incidente, los coordinadores de los dem\u00e1s partidos pol\u00edticos cumplieron correctamente.<\/p>\n<p>&nbsp;<\/p>\n<p><strong>HAY QUE DEFENDER LAS <\/strong><\/p>\n<p><strong>LIBERTADES: ALIT MORENO<\/strong><\/p>\n<figure id=\"attachment_87642\" aria-describedby=\"caption-attachment-87642\" style=\"width: 165px\" class=\"wp-caption alignleft\"><a href=\"https:\/\/elcorreodeoaxaca.com\/wp-content\/uploads\/2024\/08\/bazu-alejandro-moreno.jpg\"><img loading=\"lazy\" decoding=\"async\" class=\"size-medium wp-image-87642\" src=\"https:\/\/elcorreodeoaxaca.com\/wp-content\/uploads\/2024\/08\/bazu-alejandro-moreno-175x300.jpg\" alt=\"\" width=\"175\" height=\"300\" \/><\/a><figcaption id=\"caption-attachment-87642\" class=\"wp-caption-text\">Alejandro Moreno C\u00e1rdenas<\/figcaption><\/figure>\n<p>&nbsp;<\/p>\n<p>Y el l\u00edder del PRI, Alejandro Moreno, afirm\u00f3 que en su unidad, hay una gran fortaleza en los grupos parlamentarios del tricolor en la C\u00e1mara de Diputados y el Senado, con sus coordinadores Rub\u00e9n Moreira. y Manuel A\u00f1orve, y pidi\u00f3 a los legisladores asumir el compromiso de defender el mayor inter\u00e9s, que es M\u00e9xico, as\u00ed como el partido y las causas de la gente.<\/p>\n<p>En su mensaje en el cierre de la Reuni\u00f3n Plenaria conjunta de los diputados federales y senadores del partido, en la que particip\u00f3 el gobernador de Durango, Esteban Villegas, les dijo que, si bien es necesario construir acuerdos y consensos. , \u201chay que estar atentos\u201d, porque \u201cvan a venir presiones, y hay que demostrar de qu\u00e9 estamos hechos y hay que defender los derechos, las libertades en este pa\u00eds\u201d.<\/p>\n<p>&nbsp;<\/p>\n<p><strong>MISTERIOSO SILENCIO DE DANTE <\/strong><\/p>\n<p><strong>DELGADO ANTE DECISI\u00d3N DE TEPJF<\/strong><\/p>\n<p>&nbsp;<\/p>\n<figure id=\"attachment_87641\" aria-describedby=\"caption-attachment-87641\" style=\"width: 175px\" class=\"wp-caption alignright\"><a href=\"https:\/\/elcorreodeoaxaca.com\/wp-content\/uploads\/2024\/08\/bazu-Ruben-Moreira.jpg\"><img loading=\"lazy\" decoding=\"async\" class=\"size-medium wp-image-87641\" src=\"https:\/\/elcorreodeoaxaca.com\/wp-content\/uploads\/2024\/08\/bazu-Ruben-Moreira-185x300.jpg\" alt=\"\" width=\"185\" height=\"300\" \/><\/a><figcaption id=\"caption-attachment-87641\" class=\"wp-caption-text\">Rub\u00e9n Moreira<\/figcaption><\/figure>\n<p>El dirigente de Movimiento Ciudadano, Dante Delgado, ante la decisi\u00f3n del Tribunal Electoral del PJF, de quitarle un buen paquete de esca\u00f1os y curules, s\u00f3lo guarda silencio. El veracruzano guarda un silencio sospechoso. No quiere molestar en lo m\u00e1s m\u00ednimo al inquilino de Palacio Nacional. S\u00f3lo quiere mantener su estatus, aunque su partido se lo lleve el tren. Deber\u00eda, por dignidad pol\u00edtica, aliarse al PRI y a Marko Cort\u00e9s, del PAN, para impugnar la decisi\u00f3n INE guinda, de darle una sobrerrepresentaci\u00f3n de m\u00e1s del 75% a Morena y sus secuaces, cuando lograron el 55%. El silencio de los inocentes.<\/p>\n<p>&nbsp;<\/p>\n<p><strong>NOMBRA SHEINBAUM A BERTHA<\/strong><\/p>\n<p><strong>GOMEZ EN SUBSECRETAR\u00cdA<\/strong><\/p>\n<p>&nbsp;<\/p>\n<figure id=\"attachment_87643\" aria-describedby=\"caption-attachment-87643\" style=\"width: 201px\" class=\"wp-caption alignleft\"><a href=\"https:\/\/elcorreodeoaxaca.com\/wp-content\/uploads\/2024\/08\/bazu-manuel-anorve.jpeg\"><img loading=\"lazy\" decoding=\"async\" class=\"size-medium wp-image-87643\" src=\"https:\/\/elcorreodeoaxaca.com\/wp-content\/uploads\/2024\/08\/bazu-manuel-anorve-211x300.jpeg\" alt=\"\" width=\"211\" height=\"300\" \/><\/a><figcaption id=\"caption-attachment-87643\" class=\"wp-caption-text\">Manuel A\u00f1orve<\/figcaption><\/figure>\n<p>La economista Bertha G\u00f3mez Castro, ser\u00e1 subsecretar\u00eda de Egresos de la secretar\u00eda de Hacienda, nombramiento que la Presidenta Electa Claudia Sheiunbam hizo ayer. Por lo tanto hizo un enroque, pues Juan Pablo Botton pasa a la secretar\u00eda de Finanzas en el Gobierno de la Ciudad de M\u00e9xico<\/p>\n<p>&nbsp;<\/p>\n<p><strong>CIFRAS ALEGRES DE LA SECRETAR\u00cdA<\/strong><\/p>\n<p><strong>DE ECONOM\u00cdA; RETROCESO DE 3.2%<\/strong><\/p>\n<p>&nbsp;<\/p>\n<p>&nbsp;<\/p>\n<figure id=\"attachment_87640\" aria-describedby=\"caption-attachment-87640\" style=\"width: 126px\" class=\"wp-caption alignright\"><a href=\"https:\/\/elcorreodeoaxaca.com\/wp-content\/uploads\/2024\/08\/bazu-esteban-villegas.jpg\"><img loading=\"lazy\" decoding=\"async\" class=\"size-medium wp-image-87640\" src=\"https:\/\/elcorreodeoaxaca.com\/wp-content\/uploads\/2024\/08\/bazu-esteban-villegas-136x300.jpg\" alt=\"\" width=\"136\" height=\"300\" \/><\/a><figcaption id=\"caption-attachment-87640\" class=\"wp-caption-text\">Esteban Villegas<\/figcaption><\/figure>\n<p>La Secretar\u00eda de Econom\u00eda public\u00f3 las cifras de Inversi\u00f3n Extranjera Directa, en las que lanz\u00f3 las campanas al aire al mencionar que las cifras preliminares representaban un nuevo m\u00e1ximo hist\u00f3rico al ubicarse en 31,096 millones de d\u00f3lares. Esto representa un crecimiento espectacular de 7.08 por ciento respecto al mismo periodo del 2023. Pero, aqu\u00ed es el \u201cpero\u201d, al comparar los datos revisados del primer semestre del 2023, el panorama no es positivo, ya que muestra un retroceso del 3.2%<\/p>\n<p>Adem\u00e1s, no es inversi\u00f3n nueva que llega al pa\u00eds, sino que el 97.4% de la reinversi\u00f3n es de utilidades. \u00c9stas mostraron un aumento del 4.3% respecto al mismo periodo del 2023.<\/p>\n<p>S\u00f3lo el 2.92% del IED se explica por las nuevas inversiones que cayeron 57.42% respecto al mismo periodo, pero del 2023.<\/p>\n<figure id=\"attachment_87638\" aria-describedby=\"caption-attachment-87638\" style=\"width: 165px\" class=\"wp-caption alignleft\"><a href=\"https:\/\/elcorreodeoaxaca.com\/wp-content\/uploads\/2024\/08\/bazu-dante-delgado-e1725147994172.jpeg\"><img loading=\"lazy\" decoding=\"async\" class=\"size-medium wp-image-87638\" src=\"https:\/\/elcorreodeoaxaca.com\/wp-content\/uploads\/2024\/08\/bazu-dante-delgado-e1725147994172-175x300.jpeg\" alt=\"\" width=\"175\" height=\"300\" \/><\/a><figcaption id=\"caption-attachment-87638\" class=\"wp-caption-text\">Dante Delgado<\/figcaption><\/figure>\n<p>El otro dato dantesco es que la inversi\u00f3n extranjera registr\u00f3 una ca\u00edda del 102.35%, lo que implica una salida de 101 millones de d\u00f3lares.<\/p>\n<p>Al gobierno de L\u00f3pez Obrador no le preocupa la ca\u00edda de las nuevas inversiones.<\/p>\n<p>No se da cuenta que se sigue desaprovechando la oportunidad que ofrece el\u00a0nearshoring. Pero, lo peor de todo es la falta de confianza en la pol\u00edtica interna, los problemas de gobernanza y la falta de infraestructura de servicios b\u00e1sicos como agua, electricidad, ambiente sustentable, un Estado de derecho estable y la presencia de un gobierno que quiere tomar el control de sus instituciones aut\u00f3nomas.<\/p>\n<p>&nbsp;<\/p>\n","protected":false},"excerpt":{"rendered":"<p>Ubaldo D\u00edaz El senador tabasque\u00f1o Ad\u00e1n Augusto L\u00f3pez, presidente de la Junta de Coordinaci\u00f3n Pol\u00edtica del Senado asegura que no necesitan a un legislador m\u00e1s para tener la mayor\u00eda absoluta, porque hay quienes dicen que s\u00f3lo se requieren 85 y esos ya los tienen. Tambi\u00e9n se\u00f1al\u00f3 que no les han comunicado sobre la nueva orden &#8230;<\/p>\n","protected":false},"author":1,"featured_media":388,"comment_status":"closed","ping_status":"open","sticky":false,"template":"","format":"standard","meta":{"footnotes":""},"categories":[19],"tags":[],"class_list":["post-387","post","type-post","status-publish","format-standard","has-post-thumbnail","hentry","category-columna"],"_links":{"self":[{"href":"https:\/\/elcorreodeoaxaca.com\/index.php?rest_route=\/wp\/v2\/posts\/387","targetHints":{"allow":["GET"]}}],"collection":[{"href":"https:\/\/elcorreodeoaxaca.com\/index.php?rest_route=\/wp\/v2\/posts"}],"about":[{"href":"https:\/\/elcorreodeoaxaca.com\/index.php?rest_route=\/wp\/v2\/types\/post"}],"author":[{"embeddable":true,"href":"https:\/\/elcorreodeoaxaca.com\/index.php?rest_route=\/wp\/v2\/users\/1"}],"replies":[{"embeddable":true,"href":"https:\/\/elcorreodeoaxaca.com\/index.php?rest_route=%2Fwp%2Fv2%2Fcomments&post=387"}],"version-history":[{"count":0,"href":"https:\/\/elcorreodeoaxaca.com\/index.php?rest_route=\/wp\/v2\/posts\/387\/revisions"}],"wp:featuredmedia":[{"embeddable":true,"href":"https:\/\/elcorreodeoaxaca.com\/index.php?rest_route=\/wp\/v2\/media\/388"}],"wp:attachment":[{"href":"https:\/\/elcorreodeoaxaca.com\/index.php?rest_route=%2Fwp%2Fv2%2Fmedia&parent=387"}],"wp:term":[{"taxonomy":"category","embeddable":true,"href":"https:\/\/elcorreodeoaxaca.com\/index.php?rest_route=%2Fwp%2Fv2%2Fcategories&post=387"},{"taxonomy":"post_tag","embeddable":true,"href":"https:\/\/elcorreodeoaxaca.com\/index.php?rest_route=%2Fwp%2Fv2%2Ftags&post=387"}],"curies":[{"name":"wp","href":"https:\/\/api.w.org\/{rel}","templated":true}]}}