{"id":3180,"date":"2025-02-08T23:20:50","date_gmt":"2025-02-09T05:20:50","guid":{"rendered":"https:\/\/elcorreodeoaxaca.com\/?p=3180"},"modified":"2025-02-08T23:20:50","modified_gmt":"2025-02-09T05:20:50","slug":"gran-angular-una-incursion-militar-de-ee-uu-otra-espada-de-damocles","status":"publish","type":"post","link":"https:\/\/elcorreodeoaxaca.com\/?p=3180","title":{"rendered":"Gran Angular  : Una incursi\u00f3n militar de EE. UU.,  otra espada de Damocles"},"content":{"rendered":"<p style=\"text-align: center;\"><em><strong>Ra\u00fal Rodr\u00edguez Cort\u00e9s<\/strong><\/em><\/p>\n<figure id=\"attachment_3186\" aria-describedby=\"caption-attachment-3186\" style=\"width: 290px\" class=\"wp-caption alignright\"><a href=\"https:\/\/elcorreodeoaxaca.com\/wp-content\/uploads\/2025\/02\/gran-TRUMP.jpg\"><img loading=\"lazy\" decoding=\"async\" class=\"size-medium wp-image-3186\" src=\"https:\/\/elcorreodeoaxaca.com\/wp-content\/uploads\/2025\/02\/gran-TRUMP-300x169.jpg\" alt=\"\" width=\"300\" height=\"169\" srcset=\"https:\/\/elcorreodeoaxaca.com\/wp-content\/uploads\/2025\/02\/gran-TRUMP-300x169.jpg 300w, https:\/\/elcorreodeoaxaca.com\/wp-content\/uploads\/2025\/02\/gran-TRUMP-335x188.jpg 335w, https:\/\/elcorreodeoaxaca.com\/wp-content\/uploads\/2025\/02\/gran-TRUMP-700x394.jpg 700w, https:\/\/elcorreodeoaxaca.com\/wp-content\/uploads\/2025\/02\/gran-TRUMP.jpg 756w\" sizes=\"auto, (max-width: 300px) 100vw, 300px\" \/><\/a><figcaption id=\"caption-attachment-3186\" class=\"wp-caption-text\">Donald Trump<\/figcaption><\/figure>\n<p>Aunque el fin de semana anterior se vislumbraba muy poco probable, Claudia Sheinbaum consigui\u00f3 el lunes pasado que Donald Trump pausara por un mes la imposici\u00f3n de aranceles a las exportaciones mexicanas.<\/p>\n<p>No es cosa menor en el contexto rijoso e intransigente con que Trump ha amagado a nuestro pa\u00eds y ser\u00eda injusto regatearle a Sheinbaum un resultado con el que gan\u00f3 tiempo para apuntalar el camino de una buena negociaci\u00f3n.<\/p>\n<p>Quienes negocian deben ceder algo. Sheinbaum cedi\u00f3 el despliegue en la frontera de diez mil efectivos de la Guardia Nacional y acept\u00f3 la condici\u00f3n impuesta por Trump al pausar los aranceles: la obtenci\u00f3n de resultados concretos e inmediatos en la contenci\u00f3n de<\/p>\n<p>migrantes y de fentanilo.<\/p>\n<figure id=\"attachment_3190\" aria-describedby=\"caption-attachment-3190\" style=\"width: 290px\" class=\"wp-caption alignright\"><a href=\"https:\/\/elcorreodeoaxaca.com\/wp-content\/uploads\/2025\/02\/gran-Guardia-Nacional-en-frontera-Mexico-EU.jpg\"><img loading=\"lazy\" decoding=\"async\" class=\"size-medium wp-image-3190\" src=\"https:\/\/elcorreodeoaxaca.com\/wp-content\/uploads\/2025\/02\/gran-Guardia-Nacional-en-frontera-Mexico-EU-300x177.jpg\" alt=\"\" width=\"300\" height=\"177\" srcset=\"https:\/\/elcorreodeoaxaca.com\/wp-content\/uploads\/2025\/02\/gran-Guardia-Nacional-en-frontera-Mexico-EU-300x177.jpg 300w, https:\/\/elcorreodeoaxaca.com\/wp-content\/uploads\/2025\/02\/gran-Guardia-Nacional-en-frontera-Mexico-EU-335x198.jpg 335w, https:\/\/elcorreodeoaxaca.com\/wp-content\/uploads\/2025\/02\/gran-Guardia-Nacional-en-frontera-Mexico-EU.jpg 756w\" sizes=\"auto, (max-width: 300px) 100vw, 300px\" \/><\/a><figcaption id=\"caption-attachment-3190\" class=\"wp-caption-text\">Guardia Nacional en frontera M\u00e9xico-EU<\/figcaption><\/figure>\n<p>La prerrogativa de decidir si tales resultados son buenos para mantener en pausa los aranceles qued\u00f3, sin embargo, en manos del estadounidense y eso es como tener una espada de Damocles sobre nuestras cabezas.<\/p>\n<p>Para ser bien calificados \u00bfcu\u00e1ntas deportaciones debemos aceptar? \u00bfcu\u00e1ntos inmigrantes debemos repatriar? \u00bfcu\u00e1nto fentanilo debemos decomisar? \u00bfcu\u00e1ntos c\u00e1rteles de la droga debemos desmantelar? \u00bfcu\u00e1ntos capos debemos capturar o extraditar? \u00bfcu\u00e1ntas cabezas de narco pol\u00edticos deben rodar?<\/p>\n<p>Queda eso a criterio de Trump y, por lo ocurrido durante los d\u00edas m\u00e1s recientes, parece inapelable su decisi\u00f3n de escalar la amenaza de una intervenci\u00f3n militar para\u00a0obtener de M\u00e9xico m\u00e1s cesiones y finalmente destruir a las organizaciones criminales, con la justificaci\u00f3n plasmada en el comunicado de la Casa Blanca que acusa al gobierno de M\u00e9xico -sin m\u00e1s pruebas que su dicho y como nunca lo hab\u00eda hecho- de una \u201cintolerable\u00a0alianza\u201d con\u00a0el narco y la decisi\u00f3n ya tomada de clasificarlos como terroristas.<\/p>\n<figure id=\"attachment_3181\" aria-describedby=\"caption-attachment-3181\" style=\"width: 290px\" class=\"wp-caption alignright\"><a href=\"https:\/\/elcorreodeoaxaca.com\/wp-content\/uploads\/2025\/02\/gran-Deportacion-de-mexicanos.jpg\"><img loading=\"lazy\" decoding=\"async\" class=\"size-medium wp-image-3181\" src=\"https:\/\/elcorreodeoaxaca.com\/wp-content\/uploads\/2025\/02\/gran-Deportacion-de-mexicanos-300x182.jpg\" alt=\"\" width=\"300\" height=\"182\" srcset=\"https:\/\/elcorreodeoaxaca.com\/wp-content\/uploads\/2025\/02\/gran-Deportacion-de-mexicanos-300x182.jpg 300w, https:\/\/elcorreodeoaxaca.com\/wp-content\/uploads\/2025\/02\/gran-Deportacion-de-mexicanos-335x203.jpg 335w, https:\/\/elcorreodeoaxaca.com\/wp-content\/uploads\/2025\/02\/gran-Deportacion-de-mexicanos.jpg 756w\" sizes=\"auto, (max-width: 300px) 100vw, 300px\" \/><\/a><figcaption id=\"caption-attachment-3181\" class=\"wp-caption-text\">Deportaci\u00f3n de mexicanos<\/figcaption><\/figure>\n<p>Que ellos cooperen con M\u00e9xico para destruirlos y erradicarlos est\u00e1 bien, pero no es lo mismo que incursionen encubierta o abiertamente en nuestro territorio mediante la fuerza.<\/p>\n<p>Una cuenta verificada de X, que se identifica con el nombre US Homeland Security News (Noticias del Departamento de Seguridad Nacional de Estados Unidos), pero arrobada como @defense_civil25, inform\u00f3 el mi\u00e9rcoles pasado de un avi\u00f3n Boeing RC-135 Rivet Joit que sobrevolaba la pen\u00ednsula de Baja California (\u201ctodo territorio de los c\u00e1rteles\u201d, dice su post) para vigilar, levantar inteligencia y fijar blancos, \u201cen espera de ver ataques a\u00e9reos muy pronto\u201d, seg\u00fan advierte.<\/p>\n<p>La cuenta, que no es la oficial del Homeland Security (@DHsgov) tambi\u00e9n asegur\u00f3 que tres barcos de la Armada de los Estados Unidos navegaban en tareas de reconocimiento en aguas no territoriales del Mar de Cort\u00e9s a 65 kil\u00f3metros de Ensenada, \u201ccerca de territorio de los c\u00e1rteles\u201d, dice el post.<\/p>\n<figure id=\"attachment_3183\" aria-describedby=\"caption-attachment-3183\" style=\"width: 290px\" class=\"wp-caption alignright\"><a href=\"https:\/\/elcorreodeoaxaca.com\/wp-content\/uploads\/2025\/02\/GRAN-REGULARAN-PRECIOS-GASO.jpg\"><img loading=\"lazy\" decoding=\"async\" class=\"size-medium wp-image-3183\" src=\"https:\/\/elcorreodeoaxaca.com\/wp-content\/uploads\/2025\/02\/GRAN-REGULARAN-PRECIOS-GASO-300x169.jpg\" alt=\"\" width=\"300\" height=\"169\" srcset=\"https:\/\/elcorreodeoaxaca.com\/wp-content\/uploads\/2025\/02\/GRAN-REGULARAN-PRECIOS-GASO-300x169.jpg 300w, https:\/\/elcorreodeoaxaca.com\/wp-content\/uploads\/2025\/02\/GRAN-REGULARAN-PRECIOS-GASO-335x188.jpg 335w, https:\/\/elcorreodeoaxaca.com\/wp-content\/uploads\/2025\/02\/GRAN-REGULARAN-PRECIOS-GASO-700x394.jpg 700w, https:\/\/elcorreodeoaxaca.com\/wp-content\/uploads\/2025\/02\/GRAN-REGULARAN-PRECIOS-GASO.jpg 756w\" sizes=\"auto, (max-width: 300px) 100vw, 300px\" \/><\/a><figcaption id=\"caption-attachment-3183\" class=\"wp-caption-text\">\u00bfRegular\u00e1n precios de gasolinas?<\/figcaption><\/figure>\n<p>Sin embargo, una aclaraci\u00f3n tambi\u00e9n del mi\u00e9rcoles de la secretar\u00eda de Marina en el sentido de que los referidos barcos estadounidenses navegaban en mares internacionales, confirm\u00f3 un hecho que, de acuerdo con militares consultados, no es usual puesto que ese\u00a0tipo\u00a0de operaciones, tanto a\u00e9reas como navales, se han realizado en coordinaci\u00f3n y bajo el acompa\u00f1amiento y supervisi\u00f3n de las fuerzas armadas mexicanas.<\/p>\n<p><strong>Instant\u00e1neas:<\/strong><\/p>\n<ol>\n<li><strong> FAVORITISMO DE LA CRE.<\/strong> Ahora que el gobierno ha propuesto fijar precios m\u00e1ximos a la gasolina con utilidades razonables, cobra relevancia la preocupaci\u00f3n expresada por concesionarios de gasolineras del pa\u00eds por la actuaci\u00f3n de las autoridades de la Comisi\u00f3n\n<p><figure id=\"attachment_3182\" aria-describedby=\"caption-attachment-3182\" style=\"width: 176px\" class=\"wp-caption alignright\"><a href=\"https:\/\/elcorreodeoaxaca.com\/wp-content\/uploads\/2025\/02\/gran-Leopoldo-Vicente-Melchi-Garcia.jpg\"><img loading=\"lazy\" decoding=\"async\" class=\"size-medium wp-image-3182\" src=\"https:\/\/elcorreodeoaxaca.com\/wp-content\/uploads\/2025\/02\/gran-Leopoldo-Vicente-Melchi-Garcia-186x300.jpg\" alt=\"\" width=\"186\" height=\"300\" srcset=\"https:\/\/elcorreodeoaxaca.com\/wp-content\/uploads\/2025\/02\/gran-Leopoldo-Vicente-Melchi-Garcia-186x300.jpg 186w, https:\/\/elcorreodeoaxaca.com\/wp-content\/uploads\/2025\/02\/gran-Leopoldo-Vicente-Melchi-Garcia-207x335.jpg 207w, https:\/\/elcorreodeoaxaca.com\/wp-content\/uploads\/2025\/02\/gran-Leopoldo-Vicente-Melchi-Garcia.jpg 441w\" sizes=\"auto, (max-width: 186px) 100vw, 186px\" \/><\/a><figcaption id=\"caption-attachment-3182\" class=\"wp-caption-text\">Leopoldo Vicente Melchi Garc\u00eda<\/figcaption><\/figure><\/li>\n<\/ol>\n<p>Reguladora de Energ\u00eda (CRE) que encabeza Leopoldo Vicente Melchi Garc\u00eda, al permitir la expansi\u00f3n de franquiciatarios extranjeros en condiciones preferenciales frente a los de Pemex dirigida por V\u00edctor Rodr\u00edguez Padilla. Permisionarios afectados y gerentes de compras en volumen denuncian el favoritismo de la CRE hacia cadenas como Costco, cuya presencia se ha extendido en diecisiete estados del norte y centro del pa\u00eds. Un caso emblem\u00e1tico es el de la gasolinera con mayor capacidad y extensi\u00f3n del pa\u00eds, inaugurada en<\/p>\n<p>Torre\u00f3n, Coahuila y que ha asumido la dominancia en aquel mercado pues se le permite operar con m\u00e1s dispensadores de los autorizados y por lo tanto expandirse m\u00e1s all\u00e1 de las \u00e1reas permitidas. Casos como el de Costco y otros permisionarios extranjeros sobresalen en el contexto de la pol\u00edtica de precios m\u00e1ximos que busca establecer el gobierno de Claudia\u00a0Sheinbaum, frente a la necesidad de transparentar los contratos de compra y venta de hidrocarburos ante la CRE, para garantizar una competencia justa con empresarios nacionales. No es la primera vez que Costco enfrenta acusaciones. Ya tuvo otras como la de\u00a0despacho irregular de gasolina en Puebla (2022) o la venta de combustible adulterado en Atizap\u00e1n, Edomex (2024).<\/p>\n<figure id=\"attachment_3189\" aria-describedby=\"caption-attachment-3189\" style=\"width: 169px\" class=\"wp-caption alignright\"><a href=\"https:\/\/elcorreodeoaxaca.com\/wp-content\/uploads\/2025\/02\/GRAN-Marti-Batres.jpeg\"><img loading=\"lazy\" decoding=\"async\" class=\"size-medium wp-image-3189\" src=\"https:\/\/elcorreodeoaxaca.com\/wp-content\/uploads\/2025\/02\/GRAN-Marti-Batres-179x300.jpeg\" alt=\"\" width=\"179\" height=\"300\" srcset=\"https:\/\/elcorreodeoaxaca.com\/wp-content\/uploads\/2025\/02\/GRAN-Marti-Batres-179x300.jpeg 179w, https:\/\/elcorreodeoaxaca.com\/wp-content\/uploads\/2025\/02\/GRAN-Marti-Batres-200x335.jpeg 200w, https:\/\/elcorreodeoaxaca.com\/wp-content\/uploads\/2025\/02\/GRAN-Marti-Batres.jpeg 441w\" sizes=\"auto, (max-width: 179px) 100vw, 179px\" \/><\/a><figcaption id=\"caption-attachment-3189\" class=\"wp-caption-text\">Mart\u00ed Batres<\/figcaption><\/figure>\n<ol start=\"2\">\n<li><strong> EL CHOQUE DE PODERES<\/strong> por la reforma judicial parece no tener fin. El pleno de la Corte, en sesi\u00f3n privada en la que participaron ocho de sus actuales diez ministros integrantes, no alcanz\u00f3 la mayor\u00eda de ocho votos requerida para aprobar las 956 candidaturas para la elecci\u00f3n de jueces, magistrados y ministros que seleccion\u00f3 el Senado mediante insaculaci\u00f3n (t\u00f3mbola), luego de que el Comit\u00e9 de Evaluaci\u00f3n de ese poder de la Uni\u00f3n decidi\u00f3 suspender su tarea en acatamiento de una suspensi\u00f3n de amparo y renunci\u00f3.<\/li>\n<\/ol>\n<p>Hoy vence el plazo para que cada poder de la Uni\u00f3n entregue al INE sus listas de candidatos. El Senado dio a conocer en un comunicado que el Tribunal Electoral (TEPJF) previ\u00f3 el escenario de que la Corte rechazara las candidaturas y determin\u00f3 que, de ocurrir as\u00ed, la mesa directiva de la c\u00e1mara alta quedaba facultada para remitir la lista a la autoridad electoral. El Senado calific\u00f3 de \u201cmezquina e irresponsable\u201d la decisi\u00f3n de la Corte. Llam\u00f3 a sus ministros \u201cprofundamente hip\u00f3critas\u201d, pues soslayan que 651 de los candidatos del Poder Judicial (74%) tuvieron pase directo a las boletas.<\/p>\n<figure id=\"attachment_3185\" aria-describedby=\"caption-attachment-3185\" style=\"width: 290px\" class=\"wp-caption alignright\"><a href=\"https:\/\/elcorreodeoaxaca.com\/wp-content\/uploads\/2025\/02\/gran-avion-Boeing-RC-135-Rivet-Joit.jpg\"><img loading=\"lazy\" decoding=\"async\" class=\"size-medium wp-image-3185\" src=\"https:\/\/elcorreodeoaxaca.com\/wp-content\/uploads\/2025\/02\/gran-avion-Boeing-RC-135-Rivet-Joit-300x181.jpg\" alt=\"\" width=\"300\" height=\"181\" srcset=\"https:\/\/elcorreodeoaxaca.com\/wp-content\/uploads\/2025\/02\/gran-avion-Boeing-RC-135-Rivet-Joit-300x181.jpg 300w, https:\/\/elcorreodeoaxaca.com\/wp-content\/uploads\/2025\/02\/gran-avion-Boeing-RC-135-Rivet-Joit-335x202.jpg 335w, https:\/\/elcorreodeoaxaca.com\/wp-content\/uploads\/2025\/02\/gran-avion-Boeing-RC-135-Rivet-Joit.jpg 756w\" sizes=\"auto, (max-width: 300px) 100vw, 300px\" \/><\/a><figcaption id=\"caption-attachment-3185\" class=\"wp-caption-text\">Avi\u00f3n Boeing RC-135 Rivet Joit<\/figcaption><\/figure>\n<ol start=\"3\">\n<li><strong> LA TRANSICI\u00d3N EN EL INAI<\/strong> avanza en orden y de acuerdo con lo estipulado en las reuniones sostenidas entre el ya extinto organismo aut\u00f3nomo y la secretar\u00eda Anticorrupci\u00f3n y Buen Gobierno. De acuerdo con fuentes de ambas partes prevalece el orden y se espera\u00a0un buen resultado, pese a que hay fuerzas externas, y quiz\u00e1s algunas que no lo son, que quieren provocar que el final del INAI se convierta en un polvor\u00edn tipo Tultepec. Se trabaja en cinco mesas: asuntos administrativos, temas legales y jur\u00eddicos, tecnolog\u00edas de la informaci\u00f3n incluida la Plataforma Nacional de Transparencia, transparencia y acceso a la informaci\u00f3n y, por supuesto, el muy relevante asunto de la protecci\u00f3n de datos personales.<\/li>\n<\/ol>\n<p>Paralelamente a la transici\u00f3n se avanza en el trabajo legislativo que dar\u00e1 a luz las leyes secundarias que regular\u00e1n el futuro de los derechos humanos que tutela el INAI: acceso a la informaci\u00f3n y protecci\u00f3n de datos personales.<\/p>\n<figure id=\"attachment_3188\" aria-describedby=\"caption-attachment-3188\" style=\"width: 290px\" class=\"wp-caption alignright\"><a href=\"https:\/\/elcorreodeoaxaca.com\/wp-content\/uploads\/2025\/02\/GRAN-issste.png\"><img loading=\"lazy\" decoding=\"async\" class=\"size-medium wp-image-3188\" src=\"https:\/\/elcorreodeoaxaca.com\/wp-content\/uploads\/2025\/02\/GRAN-issste-300x183.png\" alt=\"\" width=\"300\" height=\"183\" srcset=\"https:\/\/elcorreodeoaxaca.com\/wp-content\/uploads\/2025\/02\/GRAN-issste-300x183.png 300w, https:\/\/elcorreodeoaxaca.com\/wp-content\/uploads\/2025\/02\/GRAN-issste-335x204.png 335w, https:\/\/elcorreodeoaxaca.com\/wp-content\/uploads\/2025\/02\/GRAN-issste.png 756w\" sizes=\"auto, (max-width: 300px) 100vw, 300px\" \/><\/a><figcaption id=\"caption-attachment-3188\" class=\"wp-caption-text\">\u00bfQu\u00e9 sucede en el ISSSTE?<\/figcaption><\/figure>\n<ol start=\"4\">\n<li><strong> \u00bfQU\u00c9 PASA EN EL ISSSTE?<\/strong> Pues nada, que siguen pasando cosas raras en los procesos de adquisici\u00f3n de servicios, donde su director Mart\u00ed Batres al parecer permite que una empresa evasora de cuotas del IMSS participe en la licitaci\u00f3n nacional electr\u00f3nica LA-\u00a051-GYN-051GYN005-N-33-2025 para limpieza de instalaciones de la dependencia. Se trata de Armot, Seguridad Privada y Servicios, de Jos\u00e9 Juan Reyes Dom\u00ednguez, quien tiene registrados en el Seguro Social mil 673 empleados para pagar sus cuotas correspondientes, cuando en realidad emplea a tres mil 156, el doble de personas para cumplir con sus\u00a0contratos p\u00fablicos. Qu\u00e9 cosas: una evasora del IMSS proveyendo al ISSSTE, su instituci\u00f3n hermana.\n<p><figure id=\"attachment_3184\" aria-describedby=\"caption-attachment-3184\" style=\"width: 290px\" class=\"wp-caption alignright\"><a href=\"https:\/\/elcorreodeoaxaca.com\/wp-content\/uploads\/2025\/02\/GRAN-Suprema-Corte-de-Justicia-de-la-Nacion.jpg\"><img loading=\"lazy\" decoding=\"async\" class=\"size-medium wp-image-3184\" src=\"https:\/\/elcorreodeoaxaca.com\/wp-content\/uploads\/2025\/02\/GRAN-Suprema-Corte-de-Justicia-de-la-Nacion-300x225.jpg\" alt=\"\" width=\"300\" height=\"225\" srcset=\"https:\/\/elcorreodeoaxaca.com\/wp-content\/uploads\/2025\/02\/GRAN-Suprema-Corte-de-Justicia-de-la-Nacion-300x225.jpg 300w, https:\/\/elcorreodeoaxaca.com\/wp-content\/uploads\/2025\/02\/GRAN-Suprema-Corte-de-Justicia-de-la-Nacion-335x252.jpg 335w, https:\/\/elcorreodeoaxaca.com\/wp-content\/uploads\/2025\/02\/GRAN-Suprema-Corte-de-Justicia-de-la-Nacion.jpg 756w\" sizes=\"auto, (max-width: 300px) 100vw, 300px\" \/><\/a><figcaption id=\"caption-attachment-3184\" class=\"wp-caption-text\">Suprema Corte de Justicia de la Naci\u00f3n<\/figcaption><\/figure><\/li>\n<li><strong> ACAPULCO NO BAJA<\/strong> los brazos en su campa\u00f1a permanente de promoci\u00f3n que busca remontar totalmente los efectos da\u00f1inos que dejaron al puerto los huracanes \u201cOtis\u201d y \u201cJohn\u201d. Est\u00e1 por venir a finales de este mes (24 de febrero) el Abierto Mexicano de Tenis, acaso el evento deportivo m\u00e1s importante y consolidado de Acapulco. En su edici\u00f3n 2025 se dar\u00e1n cita 32 jugadores de \u00e9lite del deporte blanco, ocho de ellos parte del top 20 de la clasificaci\u00f3n de la ATP. Estar\u00e1n, entre otros, Alexander Zverev, finalista del Abierto de Australia 2025 y campe\u00f3n del AMT 2021; Taylor Fritz, finalista de las Nitto ATP Finals; y\u00a0Casper Ruud, finalista en Los Cabos y Acapulco en 2024, entre otros. Para este evento se contar\u00e1 con alrededor de 14 mil 635 habitaciones, lo cual refleja una tendencia positiva en la reconstrucci\u00f3n de la infraestructura hotelera para su completa recuperaci\u00f3n como destino tur\u00edstico. (<a href=\"mailto:rrodriguezangular@hotmail.com\">rrodriguezangular@hotmail.com<\/a>, @RaulRodriguezC ,<\/li>\n<\/ol>\n<p><a href=\"https:\/\/na01.safelinks.protection.outlook.com\/?url=http%3A%2F%2Fraulrodriguezcortes.com.mx%2F&amp;data=05%7C02%7C%7Ce81a71057c38413aa9eb08dd4729d56b%7C84df9e7fe9f640afb435aaaaaaaaaaaa%7C1%7C0%7C638744967176381129%7CUnknown%7CTWFpbGZsb3d8eyJFbXB0eU1hcGkiOnRydWUsIlYiOiIwLjAuMDAwMCIsIlAiOiJXaW4zMiIsIkFOIjoiTWFpbCIsIldUIjoyfQ%3D%3D%7C0%7C%7C%7C&amp;sdata=mV45oHOqXu1QCBytpMIReLQvmaku20mFy8PyY8HKwgA%3D&amp;reserved=0\">raulrodriguezcortes.com.mx<\/a>\u00a0)<\/p>\n","protected":false},"excerpt":{"rendered":"<p>Ra\u00fal Rodr\u00edguez Cort\u00e9s Aunque el fin de semana anterior se vislumbraba muy poco probable, Claudia Sheinbaum consigui\u00f3 el lunes pasado que Donald Trump pausara por un mes la imposici\u00f3n de aranceles a las exportaciones mexicanas. No es cosa menor en el contexto rijoso e intransigente con que Trump ha amagado a nuestro pa\u00eds y ser\u00eda &#8230;<\/p>\n","protected":false},"author":1,"featured_media":3187,"comment_status":"open","ping_status":"open","sticky":false,"template":"","format":"standard","meta":{"footnotes":""},"categories":[19],"tags":[],"class_list":["post-3180","post","type-post","status-publish","format-standard","has-post-thumbnail","hentry","category-columna"],"_links":{"self":[{"href":"https:\/\/elcorreodeoaxaca.com\/index.php?rest_route=\/wp\/v2\/posts\/3180","targetHints":{"allow":["GET"]}}],"collection":[{"href":"https:\/\/elcorreodeoaxaca.com\/index.php?rest_route=\/wp\/v2\/posts"}],"about":[{"href":"https:\/\/elcorreodeoaxaca.com\/index.php?rest_route=\/wp\/v2\/types\/post"}],"author":[{"embeddable":true,"href":"https:\/\/elcorreodeoaxaca.com\/index.php?rest_route=\/wp\/v2\/users\/1"}],"replies":[{"embeddable":true,"href":"https:\/\/elcorreodeoaxaca.com\/index.php?rest_route=%2Fwp%2Fv2%2Fcomments&post=3180"}],"version-history":[{"count":1,"href":"https:\/\/elcorreodeoaxaca.com\/index.php?rest_route=\/wp\/v2\/posts\/3180\/revisions"}],"predecessor-version":[{"id":3191,"href":"https:\/\/elcorreodeoaxaca.com\/index.php?rest_route=\/wp\/v2\/posts\/3180\/revisions\/3191"}],"wp:featuredmedia":[{"embeddable":true,"href":"https:\/\/elcorreodeoaxaca.com\/index.php?rest_route=\/wp\/v2\/media\/3187"}],"wp:attachment":[{"href":"https:\/\/elcorreodeoaxaca.com\/index.php?rest_route=%2Fwp%2Fv2%2Fmedia&parent=3180"}],"wp:term":[{"taxonomy":"category","embeddable":true,"href":"https:\/\/elcorreodeoaxaca.com\/index.php?rest_route=%2Fwp%2Fv2%2Fcategories&post=3180"},{"taxonomy":"post_tag","embeddable":true,"href":"https:\/\/elcorreodeoaxaca.com\/index.php?rest_route=%2Fwp%2Fv2%2Ftags&post=3180"}],"curies":[{"name":"wp","href":"https:\/\/api.w.org\/{rel}","templated":true}]}}