{"id":3135,"date":"2025-02-08T22:45:41","date_gmt":"2025-02-09T04:45:41","guid":{"rendered":"https:\/\/elcorreodeoaxaca.com\/?p=3135"},"modified":"2025-02-08T22:45:41","modified_gmt":"2025-02-09T04:45:41","slug":"republica-restaurada","status":"publish","type":"post","link":"https:\/\/elcorreodeoaxaca.com\/?p=3135","title":{"rendered":"Rep\u00fablica restaurada"},"content":{"rendered":"<p style=\"text-align: center;\"><em><strong>Pedro Miguel\/La Jornada<\/strong><\/em><\/p>\n<figure id=\"attachment_3136\" aria-describedby=\"caption-attachment-3136\" style=\"width: 290px\" class=\"wp-caption alignright\"><a href=\"https:\/\/elcorreodeoaxaca.com\/wp-content\/uploads\/2025\/02\/pedro-sentimientos-de.jpg\"><img loading=\"lazy\" decoding=\"async\" class=\"size-medium wp-image-3136\" src=\"https:\/\/elcorreodeoaxaca.com\/wp-content\/uploads\/2025\/02\/pedro-sentimientos-de-300x167.jpg\" alt=\"\" width=\"300\" height=\"167\" srcset=\"https:\/\/elcorreodeoaxaca.com\/wp-content\/uploads\/2025\/02\/pedro-sentimientos-de-300x167.jpg 300w, https:\/\/elcorreodeoaxaca.com\/wp-content\/uploads\/2025\/02\/pedro-sentimientos-de-150x83.jpg 150w, https:\/\/elcorreodeoaxaca.com\/wp-content\/uploads\/2025\/02\/pedro-sentimientos-de-335x186.jpg 335w, https:\/\/elcorreodeoaxaca.com\/wp-content\/uploads\/2025\/02\/pedro-sentimientos-de-225x125.jpg 225w, https:\/\/elcorreodeoaxaca.com\/wp-content\/uploads\/2025\/02\/pedro-sentimientos-de.jpg 756w\" sizes=\"auto, (max-width: 300px) 100vw, 300px\" \/><\/a><figcaption id=\"caption-attachment-3136\" class=\"wp-caption-text\">Sentimientos de la Naci\u00f3n<\/figcaption><\/figure>\n<p>Algunos t\u00e9rminos cambian de sentido cuando cruzan el Atl\u00e1ntico. Es el caso del nacionalismo, que en el viejo continente suele estar asociado a corrientes conservadoras o reaccionarias, de las que el fascismo es el ejemplo extremo, y que en este lado se relacionan m\u00e1s con movimientos progresistas, impulsores de la soberan\u00eda y promotores de derechos humanos y sociales. Otro tanto ocurre con restauraci\u00f3n, que se acu\u00f1\u00f3 para referirse al regreso del absolutismo mon\u00e1rquico tras la descomposici\u00f3n de la revoluci\u00f3n y la derrota del imperio napole\u00f3nico.<\/p>\n<p>En M\u00e9xico, en cambio, rep\u00fablica restaurada designa el triunfo del pa\u00eds sobre los invasores franceses y sus aliados locales. La rep\u00fablica restaurada juarista signific\u00f3 el regreso a la Constituci\u00f3n de 1857, que se mantuvo suspendida, aunque no fuera formalmente derogada, durante la caricatura de imperio; a un pa\u00eds sin fueros ni privilegios de nacimiento, con el clero sometido a la autoridad del poder civil, con garant\u00eda individuales y, lo m\u00e1s importante, regida por los principios de que la soberan\u00eda nacional dimana del pueblo, que \u00e9ste tiene el derecho inalienable de alterar la forma del gobierno.<\/p>\n<figure id=\"attachment_3139\" aria-describedby=\"caption-attachment-3139\" style=\"width: 290px\" class=\"wp-caption alignright\"><a href=\"https:\/\/elcorreodeoaxaca.com\/wp-content\/uploads\/2025\/02\/PEDRO-MAGNO-FESTEJO-EN-MEXICO.jpg\"><img loading=\"lazy\" decoding=\"async\" class=\"size-medium wp-image-3139\" src=\"https:\/\/elcorreodeoaxaca.com\/wp-content\/uploads\/2025\/02\/PEDRO-MAGNO-FESTEJO-EN-MEXICO-300x200.jpg\" alt=\"\" width=\"300\" height=\"200\" srcset=\"https:\/\/elcorreodeoaxaca.com\/wp-content\/uploads\/2025\/02\/PEDRO-MAGNO-FESTEJO-EN-MEXICO-300x200.jpg 300w, https:\/\/elcorreodeoaxaca.com\/wp-content\/uploads\/2025\/02\/PEDRO-MAGNO-FESTEJO-EN-MEXICO-335x224.jpg 335w, https:\/\/elcorreodeoaxaca.com\/wp-content\/uploads\/2025\/02\/PEDRO-MAGNO-FESTEJO-EN-MEXICO-272x182.jpg 272w, https:\/\/elcorreodeoaxaca.com\/wp-content\/uploads\/2025\/02\/PEDRO-MAGNO-FESTEJO-EN-MEXICO-720x480.jpg 720w, https:\/\/elcorreodeoaxaca.com\/wp-content\/uploads\/2025\/02\/PEDRO-MAGNO-FESTEJO-EN-MEXICO.jpg 756w\" sizes=\"auto, (max-width: 300px) 100vw, 300px\" \/><\/a><figcaption id=\"caption-attachment-3139\" class=\"wp-caption-text\">Magno festejo en M\u00e9xico<\/figcaption><\/figure>\n<p>El texto constitucional de 1857 fue puesto de lado durante la dictadura porfirista; sin realizarle cambios mayores, el tirano gobern\u00f3 dando la espalda a la Carta Magna y su resistencia a reconocer el derecho del pueblo a cambiar de gobierno acab\u00f3 por provocar la insurrecci\u00f3n de 1910, la que a la postre desemboc\u00f3 en la demolici\u00f3n del orden social y pol\u00edtico porfirista y en la redacci\u00f3n de una nueva Carta Magna, la que no s\u00f3lo se preserv\u00f3 el art\u00edculo del principio citado \u2013incluso con su numeral, el 39\u2013 , sino que dio cuerpo a los principios de justicia social de los\u00a0<em>Sentimientos de la Naci\u00f3n<\/em>\u00a0y de la Constituci\u00f3n de Apatzing\u00e1n (1814); estableci\u00f3 derechos sociales y colectivos in\u00e9ditos en el mundo de entonces y estipul\u00f3 la primac\u00eda de la propiedad nacional y colectiva por sobre la individual.<\/p>\n<p>Esta Constituci\u00f3n fue severamente desfigurada y pervertida por los gobiernos del ciclo neoliberal (1982-2018), los cuales introdujeron en ella disposiciones entreguistas, antidemocr\u00e1ticas, solapadoras de la corrupci\u00f3n y garantes de la perpetuaci\u00f3n del saqueo tecnocr\u00e1tico.<\/p>\n<figure id=\"attachment_3140\" aria-describedby=\"caption-attachment-3140\" style=\"width: 290px\" class=\"wp-caption alignright\"><a href=\"https:\/\/elcorreodeoaxaca.com\/wp-content\/uploads\/2025\/02\/pedro-restauracion-de-la-r.jpg\"><img loading=\"lazy\" decoding=\"async\" class=\"size-medium wp-image-3140\" src=\"https:\/\/elcorreodeoaxaca.com\/wp-content\/uploads\/2025\/02\/pedro-restauracion-de-la-r-300x195.jpg\" alt=\"\" width=\"300\" height=\"195\" srcset=\"https:\/\/elcorreodeoaxaca.com\/wp-content\/uploads\/2025\/02\/pedro-restauracion-de-la-r-300x195.jpg 300w, https:\/\/elcorreodeoaxaca.com\/wp-content\/uploads\/2025\/02\/pedro-restauracion-de-la-r-335x218.jpg 335w, https:\/\/elcorreodeoaxaca.com\/wp-content\/uploads\/2025\/02\/pedro-restauracion-de-la-r.jpg 756w\" sizes=\"auto, (max-width: 300px) 100vw, 300px\" \/><\/a><figcaption id=\"caption-attachment-3140\" class=\"wp-caption-text\">Rep\u00fablica restaurada<\/figcaption><\/figure>\n<p>En 2018 empez\u00f3 una larga batalla por el control efectivo, m\u00e1s all\u00e1 de las formalidades representativas, del poder pol\u00edtico, que estaba, en los hechos en manos de una camarilla pol\u00edtico-delictiva-empresarial; en estos a\u00f1os la disputa se ha librado tambi\u00e9n en el escenario del texto constitucional: por el lado de la reacci\u00f3n, la defensa de un Carta Magna adulterada y falsificada, y por el de la 4T, la lucha por restituir los principios fundacionales del documento \u2013que, como se ha dicho, se remontan a 1857 y aun a 1814\u2013, por limpiarlo de las incrustaciones neoliberales y por adecuarlo al proyecto del pa\u00eds igualitario, democr\u00e1tico, justo y soberano que ha propugnado el movimiento.<\/p>\n<p>La disputa lleg\u00f3 a un\u00a0<em>impasse<\/em>\u00a0en 2021, cuando las oposiciones olig\u00e1rquicas decretaron un boicot legislativo y usaron su minor\u00eda para bloquear cualquier reforma constitucional. Hubo que esperar a las elecciones del a\u00f1o pasado para disponer de la mayor\u00eda calificada en ambas c\u00e1maras para emprender las reformas requeridas, empezando por la judicial. No exager\u00f3 la presidenta Claudia Sheinbaum al afirmar que la actual legislatura, por el volumen y el calado de las reformas en curso, equivale a un congreso constituyente.<\/p>\n<p>Redactar una nueva Carta Magna es un proceso lento, complicado y plagado de incertidumbres. Basta con ver el anticl\u00edmax en que desemboc\u00f3 la esperanza chilena de una constituci\u00f3n que dejara atr\u00e1s la heredada por la dictadura piochetista.<\/p>\n<figure id=\"attachment_3138\" aria-describedby=\"caption-attachment-3138\" style=\"width: 290px\" class=\"wp-caption alignright\"><a href=\"https:\/\/elcorreodeoaxaca.com\/wp-content\/uploads\/2025\/02\/PEDRO-iMPERIO-DE-MAX.jpg\"><img loading=\"lazy\" decoding=\"async\" class=\"size-medium wp-image-3138\" src=\"https:\/\/elcorreodeoaxaca.com\/wp-content\/uploads\/2025\/02\/PEDRO-iMPERIO-DE-MAX-300x200.jpg\" alt=\"\" width=\"300\" height=\"200\" srcset=\"https:\/\/elcorreodeoaxaca.com\/wp-content\/uploads\/2025\/02\/PEDRO-iMPERIO-DE-MAX-300x200.jpg 300w, https:\/\/elcorreodeoaxaca.com\/wp-content\/uploads\/2025\/02\/PEDRO-iMPERIO-DE-MAX-335x223.jpg 335w, https:\/\/elcorreodeoaxaca.com\/wp-content\/uploads\/2025\/02\/PEDRO-iMPERIO-DE-MAX-272x182.jpg 272w, https:\/\/elcorreodeoaxaca.com\/wp-content\/uploads\/2025\/02\/PEDRO-iMPERIO-DE-MAX-720x480.jpg 720w, https:\/\/elcorreodeoaxaca.com\/wp-content\/uploads\/2025\/02\/PEDRO-iMPERIO-DE-MAX.jpg 756w\" sizes=\"auto, (max-width: 300px) 100vw, 300px\" \/><\/a><figcaption id=\"caption-attachment-3138\" class=\"wp-caption-text\">Imperio de Maximiliano en M\u00e9xico<\/figcaption><\/figure>\n<p>Aunque la 4T se propuso regenerar la vida p\u00fablica de M\u00e9xico, y por m\u00e1s que en un escenario ideal la transformaci\u00f3n habr\u00eda debido contar con un nuevo marco constitucional, el de 1917 era y es susceptible de una redignificaci\u00f3n como la que se est\u00e1 llevando a cabo. No menos importante, la Constituci\u00f3n de Quer\u00e9taro ha sido durante d\u00e9cadas, e incluso a pesar de las adulteraciones, un instrumento inapreciable de luchas sociales y populares, un \u00faltimo refugio frente a los desmanes y atropellos de los gobernantes y, se le vea por donde se le vea, el documento m\u00e1s subversivo en la vida del pa\u00eds, porque de acuerdo con \u00e9l, el pueblo tiene en todo tiempo el inalienable derecho de alterar o modificar la forma de su gobierno.<\/p>\n<p>Hoy, la Constituci\u00f3n es adem\u00e1s una salvaguarda de la soberan\u00eda ante la desquiciada y rabiosa decadencia que experimenta el poder p\u00fablico en Estados Unidos, nuestro vecino poderoso.<\/p>\n<p>Por todas esas razones, existe en el sentir popular un apego hist\u00f3rico y hasta afectivo a nuestra vieja Carta Magna que, renovada, merec\u00eda la restauraci\u00f3n de su dignidad primigenia y una celebraci\u00f3n de cumplea\u00f1os como la realizada el mi\u00e9rcoles pasado en Quer\u00e9taro. La Rep\u00fablica ha sido de nuevo restaurada.<\/p>\n<p><em><a href=\"mailto:navegaciones@yahoo.com\">navegaciones@yahoo.com<\/a><\/em><\/p>\n","protected":false},"excerpt":{"rendered":"<p>Pedro Miguel\/La Jornada Algunos t\u00e9rminos cambian de sentido cuando cruzan el Atl\u00e1ntico. Es el caso del nacionalismo, que en el viejo continente suele estar asociado a corrientes conservadoras o reaccionarias, de las que el fascismo es el ejemplo extremo, y que en este lado se relacionan m\u00e1s con movimientos progresistas, impulsores de la soberan\u00eda y &#8230;<\/p>\n","protected":false},"author":1,"featured_media":3137,"comment_status":"open","ping_status":"open","sticky":false,"template":"","format":"standard","meta":{"footnotes":""},"categories":[18],"tags":[],"class_list":["post-3135","post","type-post","status-publish","format-standard","has-post-thumbnail","hentry","category-opinion"],"_links":{"self":[{"href":"https:\/\/elcorreodeoaxaca.com\/index.php?rest_route=\/wp\/v2\/posts\/3135","targetHints":{"allow":["GET"]}}],"collection":[{"href":"https:\/\/elcorreodeoaxaca.com\/index.php?rest_route=\/wp\/v2\/posts"}],"about":[{"href":"https:\/\/elcorreodeoaxaca.com\/index.php?rest_route=\/wp\/v2\/types\/post"}],"author":[{"embeddable":true,"href":"https:\/\/elcorreodeoaxaca.com\/index.php?rest_route=\/wp\/v2\/users\/1"}],"replies":[{"embeddable":true,"href":"https:\/\/elcorreodeoaxaca.com\/index.php?rest_route=%2Fwp%2Fv2%2Fcomments&post=3135"}],"version-history":[{"count":1,"href":"https:\/\/elcorreodeoaxaca.com\/index.php?rest_route=\/wp\/v2\/posts\/3135\/revisions"}],"predecessor-version":[{"id":3141,"href":"https:\/\/elcorreodeoaxaca.com\/index.php?rest_route=\/wp\/v2\/posts\/3135\/revisions\/3141"}],"wp:featuredmedia":[{"embeddable":true,"href":"https:\/\/elcorreodeoaxaca.com\/index.php?rest_route=\/wp\/v2\/media\/3137"}],"wp:attachment":[{"href":"https:\/\/elcorreodeoaxaca.com\/index.php?rest_route=%2Fwp%2Fv2%2Fmedia&parent=3135"}],"wp:term":[{"taxonomy":"category","embeddable":true,"href":"https:\/\/elcorreodeoaxaca.com\/index.php?rest_route=%2Fwp%2Fv2%2Fcategories&post=3135"},{"taxonomy":"post_tag","embeddable":true,"href":"https:\/\/elcorreodeoaxaca.com\/index.php?rest_route=%2Fwp%2Fv2%2Ftags&post=3135"}],"curies":[{"name":"wp","href":"https:\/\/api.w.org\/{rel}","templated":true}]}}