{"id":3116,"date":"2025-02-08T22:33:38","date_gmt":"2025-02-09T04:33:38","guid":{"rendered":"https:\/\/elcorreodeoaxaca.com\/?p=3116"},"modified":"2025-02-08T22:33:38","modified_gmt":"2025-02-09T04:33:38","slug":"ciudad-toxica-inhospita-cruel-y-fea","status":"publish","type":"post","link":"https:\/\/elcorreodeoaxaca.com\/?p=3116","title":{"rendered":"Ciudad t\u00f3xica, inh\u00f3spita, cruel y fea"},"content":{"rendered":"<p style=\"text-align: center;\"><em><strong>Abraham Nuncio\/La Jornada<\/strong><\/em><\/p>\n<figure id=\"attachment_3120\" aria-describedby=\"caption-attachment-3120\" style=\"width: 187px\" class=\"wp-caption alignright\"><a href=\"https:\/\/elcorreodeoaxaca.com\/wp-content\/uploads\/2025\/02\/nun-bernardo-reyes.jpg\"><img loading=\"lazy\" decoding=\"async\" class=\"size-medium wp-image-3120\" src=\"https:\/\/elcorreodeoaxaca.com\/wp-content\/uploads\/2025\/02\/nun-bernardo-reyes-197x300.jpg\" alt=\"\" width=\"197\" height=\"300\" srcset=\"https:\/\/elcorreodeoaxaca.com\/wp-content\/uploads\/2025\/02\/nun-bernardo-reyes-197x300.jpg 197w, https:\/\/elcorreodeoaxaca.com\/wp-content\/uploads\/2025\/02\/nun-bernardo-reyes-221x335.jpg 221w, https:\/\/elcorreodeoaxaca.com\/wp-content\/uploads\/2025\/02\/nun-bernardo-reyes.jpg 441w\" sizes=\"auto, (max-width: 197px) 100vw, 197px\" \/><\/a><figcaption id=\"caption-attachment-3120\" class=\"wp-caption-text\">Bernardo Reyes<\/figcaption><\/figure>\n<p>Cronistas y otros agentes difund\u00edan la idea de Monterrey como una ciudad alhajada por un paisaje natural y urbano al que ce\u00f1\u00edan sus monta\u00f1as y le aportaban frescura y salud sus bosques y cursos de agua por doquier. As\u00ed se mantuvo desde mediados del siglo XIX hasta un siglo despu\u00e9s.<\/p>\n<p>Los primeros cambios citadinos se empezaron a notar con los inicios de su industrializaci\u00f3n (asentamientos de campesinos trasterrados en n\u00facleos de poblaci\u00f3n cerca de las f\u00e1bricas, pero socialmente lejos de sus due\u00f1os). Pronto Monterrey ganar\u00eda el sobrenombre de la \u201cChicago\u201d de M\u00e9xico o el \u201cPittsburgh\u201d del pa\u00eds. Gracias al porfiriato y su prolongaci\u00f3n paralela en el gobierno de Bernardo Reyes, \u201clos miembros de la \u00e9lite regiomontana mantuvieron una influencia econ\u00f3mica determinante en los capitales de la ciudad\u201d, dir\u00e1 Alex Saragoza (<em>The Monterrey Elite and the Mexican State<\/em>).<\/p>\n<p>Esa influencia se tradujo en el imprim\u00e1tur a las caracter\u00edsticas urbanas, sociales y culturales de la capital de Nuevo Le\u00f3n bajo el sello y los intereses de la \u00e9lite empresarial en un considerable periodo que abarca casi siglo y medio.<\/p>\n<p>Por tanto, esa \u00e9lite es la responsable de que sus industrias intoxiquen a la poblaci\u00f3n del \u00e1rea metropolitana de Monterrey (AMM); de que el crecimiento urbano sea acromeg\u00e1lico y desordenado; de que los recursos naturales, como el agua y la tierra, falten a la gran mayor\u00eda de la poblaci\u00f3n, mientras a ellos les sobra. Responsables tambi\u00e9n de que la salud, la educaci\u00f3n, la vivienda y la transportaci\u00f3n sean precarias por la insuficiencia y mal funcionamiento de los servicios que los prestan y las pol\u00edticas estatales que los dise\u00f1an.<\/p>\n<figure id=\"attachment_3118\" aria-describedby=\"caption-attachment-3118\" style=\"width: 290px\" class=\"wp-caption alignright\"><a href=\"https:\/\/elcorreodeoaxaca.com\/wp-content\/uploads\/2025\/02\/nun-innegable-contaminacion.jpg\"><img loading=\"lazy\" decoding=\"async\" class=\"size-medium wp-image-3118\" src=\"https:\/\/elcorreodeoaxaca.com\/wp-content\/uploads\/2025\/02\/nun-innegable-contaminacion-300x169.jpg\" alt=\"\" width=\"300\" height=\"169\" srcset=\"https:\/\/elcorreodeoaxaca.com\/wp-content\/uploads\/2025\/02\/nun-innegable-contaminacion-300x169.jpg 300w, https:\/\/elcorreodeoaxaca.com\/wp-content\/uploads\/2025\/02\/nun-innegable-contaminacion-335x188.jpg 335w, https:\/\/elcorreodeoaxaca.com\/wp-content\/uploads\/2025\/02\/nun-innegable-contaminacion-700x394.jpg 700w, https:\/\/elcorreodeoaxaca.com\/wp-content\/uploads\/2025\/02\/nun-innegable-contaminacion.jpg 756w\" sizes=\"auto, (max-width: 300px) 100vw, 300px\" \/><\/a><figcaption id=\"caption-attachment-3118\" class=\"wp-caption-text\">Innegable contaminaci\u00f3n<\/figcaption><\/figure>\n<p>Tal responsabilidad se deriva de que no hay gobierno estatal ni municipal de las ciudades m\u00e1s importantes, hoy conurbadas en torno al eje Monterrey-San Pedro, que no haya dependido de su voluntad o de la capacidad determinante con el gobierno federal o con los partidos dominantes (antes PRI o PAN y ahora Movimiento Ciudadano) para negociar candidaturas y cargos de \u201celecci\u00f3n popular\u201d.<\/p>\n<p>La gran mayor\u00eda social es la que padece sus imposiciones en favor de la acumulaci\u00f3n de riqueza, que es la que les sirve a los industriales, comerciantes, constructores, especuladores financieros e inmobiliarios para comprar candidaturas y puestos p\u00fablicos o bien para imponer a los individuos que representan a los poderes constituidos y pol\u00edticas que respondan a sus proyectos de negocios. Aunque, para ser m\u00e1s objetivos, su hegemon\u00eda es introyectada por quienes toman las decisiones de gobierno y act\u00faan como empleados que se atropellan por servirles.<\/p>\n<figure id=\"attachment_3117\" aria-describedby=\"caption-attachment-3117\" style=\"width: 290px\" class=\"wp-caption alignright\"><a href=\"https:\/\/elcorreodeoaxaca.com\/wp-content\/uploads\/2025\/02\/nun-caos-vial-en-el-centro-de-la-capital-neoleonesa.jpeg\"><img loading=\"lazy\" decoding=\"async\" class=\"size-medium wp-image-3117\" src=\"https:\/\/elcorreodeoaxaca.com\/wp-content\/uploads\/2025\/02\/nun-caos-vial-en-el-centro-de-la-capital-neoleonesa-300x200.jpeg\" alt=\"\" width=\"300\" height=\"200\" srcset=\"https:\/\/elcorreodeoaxaca.com\/wp-content\/uploads\/2025\/02\/nun-caos-vial-en-el-centro-de-la-capital-neoleonesa-300x200.jpeg 300w, https:\/\/elcorreodeoaxaca.com\/wp-content\/uploads\/2025\/02\/nun-caos-vial-en-el-centro-de-la-capital-neoleonesa-335x223.jpeg 335w, https:\/\/elcorreodeoaxaca.com\/wp-content\/uploads\/2025\/02\/nun-caos-vial-en-el-centro-de-la-capital-neoleonesa-272x182.jpeg 272w, https:\/\/elcorreodeoaxaca.com\/wp-content\/uploads\/2025\/02\/nun-caos-vial-en-el-centro-de-la-capital-neoleonesa-720x480.jpeg 720w, https:\/\/elcorreodeoaxaca.com\/wp-content\/uploads\/2025\/02\/nun-caos-vial-en-el-centro-de-la-capital-neoleonesa.jpeg 756w\" sizes=\"auto, (max-width: 300px) 100vw, 300px\" \/><\/a><figcaption id=\"caption-attachment-3117\" class=\"wp-caption-text\">Caos vial en el centro de la capital neoleonesa<\/figcaption><\/figure>\n<p>Es por ello que el Monterrey metropolitano est\u00e1 convertido en una c\u00e1mara de gas que produce enfermedades. La atm\u00f3sfera se ve cotidianamente cargada de micropart\u00edculas (PM10, PM5 y hasta PM1) de metales, de desechos qu\u00edmicos y gases provenientes de combustiones que generan emisiones t\u00f3xicas. El caso reciente de Zinc Nacional (EU nos env\u00eda basura peligrosa y se niega a recibir riqueza humana en quienes pretenden trabajar en su territorio) es s\u00f3lo uno entre muchos. Hay fraccionamientos cuyo suelo est\u00e1 forrado de ars\u00e9nico donde se ha permitido la construcci\u00f3n de viviendas. Hay f\u00e1bricas enclavadas en densas \u00e1reas citadinas cuyos desechos industriales son incontrolables. Hay pedreras en las mismas condiciones.<\/p>\n<p>Ninguna autoridad, a pesar de m\u00faltiples estudios y reclamos ciudadanos, ha sido capaz de resituar a las industrias contaminantes fuera del \u00e1rea urbana del AMM ni de controlar las emisiones peligrosas para la salud y ni siquiera, como el actual gobierno, de medir la poluci\u00f3n para emitir las alarmas correspondientes, pues su acci\u00f3n para monitorear la calidad del aire ha sido suspender el mecanismo correspondiente. Es como si en la Ciudad de M\u00e9xico se suspendiera la alarma s\u00edsmica para erradicar los temblores.<\/p>\n<p>En el AMM gran parte de la fuerza laboral emplea entre cuatro y hasta seis horas para transportarse de su vivienda al trabajo y regresar. Con muy altas o bajas temperaturas debe esperar a la intemperie un autob\u00fas con cupo suficiente. Carece de tiempo libre y de una posible reflexi\u00f3n sobre sus condiciones de vida, de reparaci\u00f3n f\u00edsica y an\u00edmica o de hacer hogar con su familia. El transporte colectivo es, adem\u00e1s de insuficiente y malo, tan caro que ya se pide al gobierno que lo estatice.<\/p>\n<p>Resultado de la incuria e irresponsabilidad de su \u00e9lite, la fealdad y asimetr\u00eda social de Monterrey se puede medir compar\u00e1ndola con el municipio aleda\u00f1o, San Pedro Garza Garc\u00eda. Aqu\u00ed se han concentrado las c\u00fapulas econ\u00f3mica y pol\u00edtica del estado. Su perfil es el de una ciudad pr\u00f3spera de EU, mientras la capital del estado es una urbe descuidada, ca\u00f3tica, inc\u00f3moda e impaseable.<\/p>\n<p>Otras ciudades del pa\u00eds pueden verse en el reverbero de la antigua Sultana del Norte. Tendr\u00eda que haber un cambio dr\u00e1stico, profundo, de las condiciones econ\u00f3micas, pol\u00edticas y sociales para que pudiera esperarse un horizonte urbano distinto en las \u00e1reas citadinas con mayores concentraciones poblacionales del pa\u00eds.<\/p>\n<p>Nada que pueda calcularse a corto o mediano plazos, y qui\u00e9n sabe si en el largo, largo plazo.<\/p>\n","protected":false},"excerpt":{"rendered":"<p>Abraham Nuncio\/La Jornada Cronistas y otros agentes difund\u00edan la idea de Monterrey como una ciudad alhajada por un paisaje natural y urbano al que ce\u00f1\u00edan sus monta\u00f1as y le aportaban frescura y salud sus bosques y cursos de agua por doquier. As\u00ed se mantuvo desde mediados del siglo XIX hasta un siglo despu\u00e9s. Los primeros &#8230;<\/p>\n","protected":false},"author":1,"featured_media":3119,"comment_status":"open","ping_status":"open","sticky":false,"template":"","format":"standard","meta":{"footnotes":""},"categories":[18],"tags":[],"class_list":["post-3116","post","type-post","status-publish","format-standard","has-post-thumbnail","hentry","category-opinion"],"_links":{"self":[{"href":"https:\/\/elcorreodeoaxaca.com\/index.php?rest_route=\/wp\/v2\/posts\/3116","targetHints":{"allow":["GET"]}}],"collection":[{"href":"https:\/\/elcorreodeoaxaca.com\/index.php?rest_route=\/wp\/v2\/posts"}],"about":[{"href":"https:\/\/elcorreodeoaxaca.com\/index.php?rest_route=\/wp\/v2\/types\/post"}],"author":[{"embeddable":true,"href":"https:\/\/elcorreodeoaxaca.com\/index.php?rest_route=\/wp\/v2\/users\/1"}],"replies":[{"embeddable":true,"href":"https:\/\/elcorreodeoaxaca.com\/index.php?rest_route=%2Fwp%2Fv2%2Fcomments&post=3116"}],"version-history":[{"count":1,"href":"https:\/\/elcorreodeoaxaca.com\/index.php?rest_route=\/wp\/v2\/posts\/3116\/revisions"}],"predecessor-version":[{"id":3121,"href":"https:\/\/elcorreodeoaxaca.com\/index.php?rest_route=\/wp\/v2\/posts\/3116\/revisions\/3121"}],"wp:featuredmedia":[{"embeddable":true,"href":"https:\/\/elcorreodeoaxaca.com\/index.php?rest_route=\/wp\/v2\/media\/3119"}],"wp:attachment":[{"href":"https:\/\/elcorreodeoaxaca.com\/index.php?rest_route=%2Fwp%2Fv2%2Fmedia&parent=3116"}],"wp:term":[{"taxonomy":"category","embeddable":true,"href":"https:\/\/elcorreodeoaxaca.com\/index.php?rest_route=%2Fwp%2Fv2%2Fcategories&post=3116"},{"taxonomy":"post_tag","embeddable":true,"href":"https:\/\/elcorreodeoaxaca.com\/index.php?rest_route=%2Fwp%2Fv2%2Ftags&post=3116"}],"curies":[{"name":"wp","href":"https:\/\/api.w.org\/{rel}","templated":true}]}}