{"id":306,"date":"2024-09-01T12:52:24","date_gmt":"2024-09-01T17:52:24","guid":{"rendered":"https:\/\/elcorreodeoaxaca.com\/?p=87740"},"modified":"2024-09-01T12:52:24","modified_gmt":"2024-09-01T17:52:24","slug":"ante-un-zocalo-pletorico-ofrece-amlo-su-ultimo-informe-de-gobierno","status":"publish","type":"post","link":"https:\/\/elcorreodeoaxaca.com\/?p=306","title":{"rendered":"Ante un Z\u00f3calo plet\u00f3rico, ofrece AMLO su \u00faltimo Informe de gobierno"},"content":{"rendered":"<div class=\"nota-datos\">\n<div class=\"nota-autor font-small color-secundario flama-bold\">\n<div>Alma E. Mu\u00f1oz, Iv\u00e1n Salda\u00f1a, Emir Olivares, C\u00e9sar Arellano y Alonso Urrutia \/ La Jornada<\/div>\n<\/div>\n<div class=\"font-small color-secundario border-bottom-2\"><span class=\"nota-fecha\">01 de septiembre de 2024 10:51<\/span><\/div>\n<\/div>\n<div id=\"article-content-tts\" class=\"nota-contenido mb-5\">\n<div id=\"content_nitf\">\n<p><em>Ciudad de M\u00e9xico<\/em>. Entre gritos de \u00a1presidente, presidente! y es \u00a1es un honor estar con Obrador!, el presidente Andr\u00e9s Manuel L\u00f3pez Obrador inici\u00f3 su sexto y \u00faltimo Informe de Gobierno en el Z\u00f3calo capitalino. \u201cCon el pueblo todo, sin el pueblo nada\u201d, subray\u00f3.<\/p>\n<p>\u201cHoy rindo ante ustedes y ante el pueblo y la naci\u00f3n, mi \u00faltimo informe de Gobierno y lo hago m\u00e1s convencido que nunca de que lo mejor de M\u00e9xico es su pueblo, heredero de civilizaciones que florecieron desde mucho antes de la llegada de los invasores europeos\u201d.<\/p>\n<p>Gracias a la ra\u00edz de esas culturas prehisp\u00e1nicas, de ese M\u00e9xico profundo, \u201clas mexicanas y los mexicanos de hoy son en su inmensa mayor\u00eda trabajadores solidarios y honestos. El legado de principios buenos que se transmitieron de generaci\u00f3n en generaci\u00f3n y que no han desaparecido a pesar de la opresi\u00f3n, el clasismo y el racismo es lo que nos distingue. Sin duda como un pa\u00eds de tradiciones y de grandeza\u201d.<\/p>\n<p>De esa ra\u00edz viene tambi\u00e9n la singular historia de M\u00e9xico. \u201cNo olvidemos que los padres de nuestra patria, Hidalgo y Morelos, no solo lucharon por la Independencia, sino tambi\u00e9n contra la opresi\u00f3n, la esclavitud y contra la desigualdad\u201d.<\/p>\n<p>Record\u00f3 que Benito Ju\u00e1rez estableci\u00f3 el Estado Laico e hizo un recuento de las transformaciones en el pa\u00eds, enalteciendo a quienes las encabezaron, como los hermanos Flores Mag\u00f3n, Emiliano Zapata.<\/p>\n<p>\u201cCu\u00e1ntos dem\u00f3cratas en el mundo sinceros han existido como Francisco I. Madero; cuantos presidentes han profesado amor al pueblo pobre, como el general L\u00e1zaro C\u00e1rdenas del R\u00edo. De eso estamos hechos los mexicanos. Somos herederos d eun pasado grandioso y de una historia excepcional y fecunda\u201d.<\/p>\n<p>Ello explica, abund\u00f3, \u201cen buena medida porque no nos tom\u00f3 mucho tiempo revertir la decadencia que se produjo con la pol\u00edtica neoliberal y c\u00f3mo pudimos relativamente pronto fincar las bases para iniciar una etapa nueva, que ya se conoce e identifica como la cuarta transformaci\u00f3n de la vida p\u00fablica de M\u00e9xico\u201d.<\/p>\n<p>En la plancha se colocaron 25 mil sillas para escuchar el mensaje del mandatario. Est\u00e1n presentes la presidenta electa, Claudia Sheinbaum Pardo, integrantes del gabinete actual y de quienes formar\u00e1n parte del pr\u00f3ximo gobierno, as\u00ed como gobernadores del movimiento.<\/p>\n<p><strong>\u00abSalieron de la pobreza 5 millones de personas\u00bb<\/strong><\/p>\n<p>De 2018 a 2022, seg\u00fan INEGI, salieron de la pobreza 5 millones 100 mil personas, es decir, el 5.6 por ciento. Algo que no suced\u00eda en m\u00e1s de 30 a\u00f1os. Inclusive, resalt\u00f3 AMLO, el Banco de M\u00e9xico dio a conocer que de 2018 a 2023 la pobreza pas\u00f3 de 34.3 millones de personas a 24.7, es decir, en cinco a\u00f1os, 9.5 millones de mexicanos salieron de la pobreza.<\/p>\n<p>Despu\u00e9s de hacer un recuento hist\u00f3rico de los grandes h\u00e9roes del pa\u00eds, y de destacar que en poco tiempo se han podido sentar las bases de la transformaci\u00f3n, el Presidente da un informe en cifras del apoyo a adultos mayores, del aumento de salarios, de la disminuci\u00f3n de la pobreza y acciones en materia educativa. Manifiesta el mandatario que el apoyo en becas ha significado una importante reducci\u00f3n en la deserci\u00f3n escolar, en los diferentes niveles educativos.<\/p>\n<\/div>\n<\/div>\n","protected":false},"excerpt":{"rendered":"<p>Alma E. Mu\u00f1oz, Iv\u00e1n Salda\u00f1a, Emir Olivares, C\u00e9sar Arellano y Alonso Urrutia \/ La Jornada 01 de septiembre de 2024 10:51 Ciudad de M\u00e9xico. Entre gritos de \u00a1presidente, presidente! y es \u00a1es un honor estar con Obrador!, el presidente Andr\u00e9s Manuel L\u00f3pez Obrador inici\u00f3 su sexto y \u00faltimo Informe de Gobierno en el Z\u00f3calo capitalino. &#8230;<\/p>\n","protected":false},"author":1,"featured_media":307,"comment_status":"closed","ping_status":"open","sticky":false,"template":"","format":"standard","meta":{"footnotes":""},"categories":[13],"tags":[],"class_list":["post-306","post","type-post","status-publish","format-standard","has-post-thumbnail","hentry","category-sin-categoria"],"_links":{"self":[{"href":"https:\/\/elcorreodeoaxaca.com\/index.php?rest_route=\/wp\/v2\/posts\/306","targetHints":{"allow":["GET"]}}],"collection":[{"href":"https:\/\/elcorreodeoaxaca.com\/index.php?rest_route=\/wp\/v2\/posts"}],"about":[{"href":"https:\/\/elcorreodeoaxaca.com\/index.php?rest_route=\/wp\/v2\/types\/post"}],"author":[{"embeddable":true,"href":"https:\/\/elcorreodeoaxaca.com\/index.php?rest_route=\/wp\/v2\/users\/1"}],"replies":[{"embeddable":true,"href":"https:\/\/elcorreodeoaxaca.com\/index.php?rest_route=%2Fwp%2Fv2%2Fcomments&post=306"}],"version-history":[{"count":0,"href":"https:\/\/elcorreodeoaxaca.com\/index.php?rest_route=\/wp\/v2\/posts\/306\/revisions"}],"wp:featuredmedia":[{"embeddable":true,"href":"https:\/\/elcorreodeoaxaca.com\/index.php?rest_route=\/wp\/v2\/media\/307"}],"wp:attachment":[{"href":"https:\/\/elcorreodeoaxaca.com\/index.php?rest_route=%2Fwp%2Fv2%2Fmedia&parent=306"}],"wp:term":[{"taxonomy":"category","embeddable":true,"href":"https:\/\/elcorreodeoaxaca.com\/index.php?rest_route=%2Fwp%2Fv2%2Fcategories&post=306"},{"taxonomy":"post_tag","embeddable":true,"href":"https:\/\/elcorreodeoaxaca.com\/index.php?rest_route=%2Fwp%2Fv2%2Ftags&post=306"}],"curies":[{"name":"wp","href":"https:\/\/api.w.org\/{rel}","templated":true}]}}