{"id":304,"date":"2024-09-01T12:55:15","date_gmt":"2024-09-01T17:55:15","guid":{"rendered":"https:\/\/elcorreodeoaxaca.com\/?p=87743"},"modified":"2024-09-01T12:55:15","modified_gmt":"2024-09-01T17:55:15","slug":"presume-amlo-que-9-5-millones-de-personas-salieron-de-la-pobreza-en-su-gobierno","status":"publish","type":"post","link":"https:\/\/elcorreodeoaxaca.com\/?p=304","title":{"rendered":"Presume AMLO que 9.5 millones de personas salieron de la pobreza en su gobierno"},"content":{"rendered":"<div class=\"nota-datos\">\n<div class=\"nota-autor font-small color-secundario flama-bold\">\n<div style=\"text-align: center;\"><strong><em>Iv\u00e1n Evair Salda\u00f1a, Alma Mu\u00f1oz, Emir Olivares,<br \/>\nAlonso Urrutia y C\u00e9sar Arellano \/ La Jornada<\/em><\/strong><\/div>\n<\/div>\n<div class=\"font-small color-secundario border-bottom-2\"><span class=\"nota-fecha\">01 de septiembre de 2024 11:08<\/span><\/div>\n<\/div>\n<div id=\"article-content-tts\" class=\"nota-contenido mb-5\">\n<div id=\"content_nitf\">\n<p><em>Ciudad de M\u00e9xico<\/em>. Al presentar su sexto y \u00faltimo Informe de Gobierno, el presidente Andr\u00e9s Manuel L\u00f3pez Obrador afirm\u00f3 que durante su administraci\u00f3n salieron de la pobreza 9.5 millones de mexicanos, contrario a la tendencia de gobiernos pasados neoliberales en los que la cifra iba en aumento.<\/p>\n<p>Frente al z\u00f3calo lleno de ciudadanos, gobernadores, su gabinete presidencial y su pr\u00f3xima sucesora, Claudia Sheinbaum Pardo, el tabasque\u00f1o tambi\u00e9n afirm\u00f3 que el paquete de 20 iniciativas de reformas que present\u00f3 el 5 de febrero de este a\u00f1o ser\u00e1n pieza fundamental para revertir el marco legal del \u201cnefasto periodo neoliberal\u201d, cuyos cambios a la constituci\u00f3n beneficiaron a una minor\u00eda privilegiada.<\/p>\n<p>\u201cTodav\u00eda el 5 de febrero el 5 de febrero de este a\u00f1o presentamos al congreso 20 reformas constitucionales para restituirle a la carta magna el sentido revolucionario y popular que tuvo desde su redacci\u00f3n original en 1917 estas iniciativas son a todas luces distintas y contrapuestas a las reformas que se aprobaron durante los 36 a\u00f1os del nefasto periodo neoliberal cuando no se pensaba en beneficiar al pueblo sino en ajustar el marco legal para facilitar el despojo y la entrega de bienes del pueblo y de la naci\u00f3n a una minor\u00eda rapaz\u201d, dijo.<\/p>\n<p>Destac\u00f3 que hoy, afortunadamente, el pa\u00eds atraviesa \u201caut\u00e9ntica democracia, construyendo una patria nueva, enaltecida, fraterna\u201d, con el trabajo de todos, sociedad y gobierno. En ese sentido, resalt\u00f3 que millones de mexicanos han salido de la pobreza.<\/p>\n<p>\u201cEn los sexenios de Calder\u00f3n y Pe\u00f1a Nieto cada mes se empobrec\u00edan 100 mil personas. En nuestro gobierno, por el contrario, cada mes salen de la pobreza 100 mil mexicanos de 2018 a 2022, seg\u00fan el INEGI, salieron de la pobreza\u201d; dijo.<\/p>\n<p>Resalt\u00f3 que lo anterior no suced\u00eda en m\u00e1s de 30 a\u00f1os, e inclusive hace unos meses el Banco Mundial dio a conocer que del 2018 al 2023 la pobreza en M\u00e9xico pas\u00f3 de 34.3 millones de personas a 24.7, es decir, en 5 a\u00f1os 9.5 millones de mexicanos salieron de la pobreza.<\/p>\n<p>\u201cEn tiempos de Calder\u00f3n seg\u00fan cifras oficiales un rico ganaba en promedio 35 veces m\u00e1s que un pobre ahora la diferencia ha disminuido a 15 veces el salario m\u00ednimo ha aumentado m\u00e1s del 100% en t\u00e9rminos reales como no hab\u00eda ocurrido en los \u00faltimos 40 a\u00f1os\u201d.<\/p>\n<p>Destac\u00f3 acciones como la restituci\u00f3n de tierras y aguas a los pueblos originarios, como lo hicimos con los pueblos yaquis, a quienes les devolvieron 45 mil hect\u00e1reas, y les construyeron un acueducto y un distrito de riego.<\/p>\n<p>Tambi\u00e9n destac\u00f3 el establecimiento de las pensiones para adultos mayores, personas con discapacidad y becas para estudiantes.<\/p>\n<\/div>\n<\/div>\n","protected":false},"excerpt":{"rendered":"<p>Iv\u00e1n Evair Salda\u00f1a, Alma Mu\u00f1oz, Emir Olivares, Alonso Urrutia y C\u00e9sar Arellano \/ La Jornada 01 de septiembre de 2024 11:08 Ciudad de M\u00e9xico. Al presentar su sexto y \u00faltimo Informe de Gobierno, el presidente Andr\u00e9s Manuel L\u00f3pez Obrador afirm\u00f3 que durante su administraci\u00f3n salieron de la pobreza 9.5 millones de mexicanos, contrario a la &#8230;<\/p>\n","protected":false},"author":1,"featured_media":305,"comment_status":"closed","ping_status":"open","sticky":false,"template":"","format":"standard","meta":{"footnotes":""},"categories":[14],"tags":[],"class_list":["post-304","post","type-post","status-publish","format-standard","has-post-thumbnail","hentry","category-relevantes"],"_links":{"self":[{"href":"https:\/\/elcorreodeoaxaca.com\/index.php?rest_route=\/wp\/v2\/posts\/304","targetHints":{"allow":["GET"]}}],"collection":[{"href":"https:\/\/elcorreodeoaxaca.com\/index.php?rest_route=\/wp\/v2\/posts"}],"about":[{"href":"https:\/\/elcorreodeoaxaca.com\/index.php?rest_route=\/wp\/v2\/types\/post"}],"author":[{"embeddable":true,"href":"https:\/\/elcorreodeoaxaca.com\/index.php?rest_route=\/wp\/v2\/users\/1"}],"replies":[{"embeddable":true,"href":"https:\/\/elcorreodeoaxaca.com\/index.php?rest_route=%2Fwp%2Fv2%2Fcomments&post=304"}],"version-history":[{"count":0,"href":"https:\/\/elcorreodeoaxaca.com\/index.php?rest_route=\/wp\/v2\/posts\/304\/revisions"}],"wp:featuredmedia":[{"embeddable":true,"href":"https:\/\/elcorreodeoaxaca.com\/index.php?rest_route=\/wp\/v2\/media\/305"}],"wp:attachment":[{"href":"https:\/\/elcorreodeoaxaca.com\/index.php?rest_route=%2Fwp%2Fv2%2Fmedia&parent=304"}],"wp:term":[{"taxonomy":"category","embeddable":true,"href":"https:\/\/elcorreodeoaxaca.com\/index.php?rest_route=%2Fwp%2Fv2%2Fcategories&post=304"},{"taxonomy":"post_tag","embeddable":true,"href":"https:\/\/elcorreodeoaxaca.com\/index.php?rest_route=%2Fwp%2Fv2%2Ftags&post=304"}],"curies":[{"name":"wp","href":"https:\/\/api.w.org\/{rel}","templated":true}]}}