{"id":3028,"date":"2025-02-01T21:13:00","date_gmt":"2025-02-02T03:13:00","guid":{"rendered":"https:\/\/elcorreodeoaxaca.com\/?p=3028"},"modified":"2025-02-01T21:13:00","modified_gmt":"2025-02-02T03:13:00","slug":"oaxaca-ingobernable-por-balacera-suspenden-clases-en-el-cobao-07-de-tuxtepec","status":"publish","type":"post","link":"https:\/\/elcorreodeoaxaca.com\/?p=3028","title":{"rendered":"Oaxaca Ingobernable : Por balacera suspenden clases en el COBAO 07 de Tuxtepec"},"content":{"rendered":"<ul>\n<li>En Salina Cruz asesinan a un hombre y su hijo de a\u00f1o y medio se encuentra herido de gravedad<\/li>\n<li>En Santiago Matatl\u00e1n hallan sin vida a taxista desaparecido el mi\u00e9rcoles en la ciudad de Oaxaca<\/li>\n<li>En Mazatl\u00e1n Villa de Flores, una mujer trat\u00f3 de vender a su hija de 13 a\u00f1os para saldar sus deudas<\/li>\n<li>El Centro Estatal de Transfusi\u00f3n Sangu\u00ednea suspender\u00e1 actividades el 1 de febrero; no hay insumos<\/li>\n<li>El Centro de Salud de El Rosario deja de funcionar por falta de recursos; deja sin atenci\u00f3n a pacientes<\/li>\n<li>Paro y bloqueos de dos d\u00edas de la CNTE por falta de atenci\u00f3n del IEEPO;<\/li>\n<li>Llega Mario Delgado a dialogar<\/li>\n<li>Chedraui de calzada Madero fue asaltado por dos sujetos que huyeron en un taxi; hubo un muerto<\/li>\n<li>Vecinos de la colonia Libertad de apoderan de una calle, la privatizan y llegaron las protestas por el abuso<\/li>\n<\/ul>\n<p style=\"text-align: center;\"><em><strong>Quadrat\u00edn\/Marca<\/strong><\/em><\/p>\n<figure id=\"attachment_3033\" aria-describedby=\"caption-attachment-3033\" style=\"width: 290px\" class=\"wp-caption alignright\"><a href=\"https:\/\/elcorreodeoaxaca.com\/wp-content\/uploads\/2025\/02\/INGO-COBAO-07-suspendieron-clases.jpg\"><img loading=\"lazy\" decoding=\"async\" class=\"size-medium wp-image-3033\" src=\"https:\/\/elcorreodeoaxaca.com\/wp-content\/uploads\/2025\/02\/INGO-COBAO-07-suspendieron-clases-300x185.jpg\" alt=\"\" width=\"300\" height=\"185\" srcset=\"https:\/\/elcorreodeoaxaca.com\/wp-content\/uploads\/2025\/02\/INGO-COBAO-07-suspendieron-clases-300x185.jpg 300w, https:\/\/elcorreodeoaxaca.com\/wp-content\/uploads\/2025\/02\/INGO-COBAO-07-suspendieron-clases-335x206.jpg 335w, https:\/\/elcorreodeoaxaca.com\/wp-content\/uploads\/2025\/02\/INGO-COBAO-07-suspendieron-clases.jpg 756w\" sizes=\"auto, (max-width: 300px) 100vw, 300px\" \/><\/a><figcaption id=\"caption-attachment-3033\" class=\"wp-caption-text\">Suspendieron clases en el Cobao 07<\/figcaption><\/figure>\n<p>Enero 28.- El Colegio de Bachilleres de Oaxaca (Cobao) inform\u00f3 a la comunidad estudiantil, docente, madres y padres de familia que las clases en el Plantel 07 de Tuxtepec quedan suspendidas hasta nuevo aviso, debido a los hechos ocurridos en la ma\u00f1ana de este martes en las inmediaciones de estas instalaciones.<\/p>\n<p>Este martes se suscit\u00f3 una balacera en la que murieron 4 polic\u00edas municipales y 3 m\u00e1s resultaron heridos, en un sitio cercano al Cobao 07 de Tuxtepec.<\/p>\n<p>La dependencia dio a conocer en un comunicado que es prioridad garantizar un entorno seguro para el estudiantado, personal docente y administrativo.<\/p>\n<p>Por ello, se toman las medidas necesarias para evaluar la situaci\u00f3n y actuar en colaboraci\u00f3n con las autoridades competentes.<\/p>\n<p>La Fiscal\u00eda de Oaxaca despleg\u00f3 un operativo en la zona.<\/p>\n<p>Las y los alumnos se encuentran resguardados en el plantel hasta que sus responsables acudan a recogerlos.<\/p>\n<p>La dependencia solicita a la poblaci\u00f3n mantenerse atenta a los canales oficiales de comunicaci\u00f3n, en los que se brindar\u00e1 informaci\u00f3n actualizada sobre el reinicio de actividades.<\/p>\n<figure id=\"attachment_3037\" aria-describedby=\"caption-attachment-3037\" style=\"width: 229px\" class=\"wp-caption alignright\"><a href=\"https:\/\/elcorreodeoaxaca.com\/wp-content\/uploads\/2025\/02\/INGO-TAXISTA-DESAPARECIDO.jpg\"><img loading=\"lazy\" decoding=\"async\" class=\"size-medium wp-image-3037\" src=\"https:\/\/elcorreodeoaxaca.com\/wp-content\/uploads\/2025\/02\/INGO-TAXISTA-DESAPARECIDO-239x300.jpg\" alt=\"\" width=\"239\" height=\"300\" srcset=\"https:\/\/elcorreodeoaxaca.com\/wp-content\/uploads\/2025\/02\/INGO-TAXISTA-DESAPARECIDO-239x300.jpg 239w, https:\/\/elcorreodeoaxaca.com\/wp-content\/uploads\/2025\/02\/INGO-TAXISTA-DESAPARECIDO-267x335.jpg 267w, https:\/\/elcorreodeoaxaca.com\/wp-content\/uploads\/2025\/02\/INGO-TAXISTA-DESAPARECIDO.jpg 756w\" sizes=\"auto, (max-width: 239px) 100vw, 239px\" \/><\/a><figcaption id=\"caption-attachment-3037\" class=\"wp-caption-text\">Taxista desaparecido fue hallado muerto en Santiago, Matatl\u00e1n<\/figcaption><\/figure>\n<p>Asimismo, reitera su compromiso con el bienestar y seguridad de las y los miembros de la comunidad educativa.<\/p>\n<p>GARC\u00cdA HARFUCH CONFIRMA 4 MUERTOS<\/p>\n<p>EN OPERATIVO ENTRE OAXACA Y VERACRUZ<\/p>\n<p>Enero 29.- El Secretario de Seguridad y Protecci\u00f3n Ciudadana de M\u00e9xico, Omar Garc\u00eda Harfuch, inform\u00f3 que cuatro personas murieron durante un operativo, relacionado con la desaparici\u00f3n de la activista Sandra Dom\u00ednguez y su esposo Alexander.<\/p>\n<p>A trav\u00e9s de sus redes, el funcionario dijo que se daba cumplimiento a una orden de aprehensi\u00f3n en Veracruz.<\/p>\n<p>En el enfrentamiento perdieron la vida 3 agresores, incluyendo el l\u00edder de la c\u00e9lula delictiva y un agente de investigaci\u00f3n.<\/p>\n<p>El mensaje fue publicado a las 11:27. En Oaxaca trascendi\u00f3 que el operativo fue en Mar\u00eda Lombardo, en territorio de Oaxaca.<\/p>\n<p>Sin embargo, el secretario de seguridad, Iv\u00e1n Garc\u00eda, dijo que la informaci\u00f3n surgir\u00eda de la Fiscal\u00eda de Oaxaca, instancia que no ha emitido el reporte oficial.<\/p>\n<p>La activista Sandra Dom\u00ednguez y su esposo Alexander desaparecieron el 4 de octubre de 2024 en una carretera de Oaxaca, cerca de Mar\u00eda Lombardo.<\/p>\n<p>Su veh\u00edculo fue hallado despu\u00e9s y hubo un detenido que ten\u00eda en posesi\u00f3n el tel\u00e9fono de la activista, de quien han pedido su aparici\u00f3n con vida.<\/p>\n<p>Los detalles del enfrentamiento no informan si hay alg\u00fan indicio de la localizaci\u00f3n de las dos personas reportadas como desaparecidas.<\/p>\n<p>EL PARTE DEL OPERATIVO<\/p>\n<p>EN MAR\u00cdA LOMBARDO<\/p>\n<p>Enero 29.- Este es el comunicado que la Fiscal\u00eda General de Oaxaca emiti\u00f3 sobre el operativo en Mar\u00eda Lombardo:<\/p>\n<p>Fiscal\u00eda de Oaxaca y SSPC Federal realizan operativo por desaparici\u00f3n de la activista Sandra Dom\u00ednguez, sufren agresi\u00f3n con disparos de arma de fuego: tres agresores abatidos y un elemento federal fallecido<\/p>\n<figure id=\"attachment_3035\" aria-describedby=\"caption-attachment-3035\" style=\"width: 290px\" class=\"wp-caption alignright\"><a href=\"https:\/\/elcorreodeoaxaca.com\/wp-content\/uploads\/2025\/02\/INGO-ENFRENTAMIENTO-EN-MARIA-LOMBARDO.jpg\"><img loading=\"lazy\" decoding=\"async\" class=\"size-medium wp-image-3035\" src=\"https:\/\/elcorreodeoaxaca.com\/wp-content\/uploads\/2025\/02\/INGO-ENFRENTAMIENTO-EN-MARIA-LOMBARDO-300x225.jpg\" alt=\"\" width=\"300\" height=\"225\" srcset=\"https:\/\/elcorreodeoaxaca.com\/wp-content\/uploads\/2025\/02\/INGO-ENFRENTAMIENTO-EN-MARIA-LOMBARDO-300x225.jpg 300w, https:\/\/elcorreodeoaxaca.com\/wp-content\/uploads\/2025\/02\/INGO-ENFRENTAMIENTO-EN-MARIA-LOMBARDO-335x251.jpg 335w, https:\/\/elcorreodeoaxaca.com\/wp-content\/uploads\/2025\/02\/INGO-ENFRENTAMIENTO-EN-MARIA-LOMBARDO.jpg 756w\" sizes=\"auto, (max-width: 300px) 100vw, 300px\" \/><\/a><figcaption id=\"caption-attachment-3035\" class=\"wp-caption-text\">Enfrentamiento en Mar\u00eda Lombardo deja cuatro muertos<\/figcaption><\/figure>\n<p>En el lugar de los hechos aseguraron armas largas de grueso calibre, las cuales fueron usadas para agredir a los elementos de seguridad durante el despliegue para dar cumplimiento a una orden de aprehensi\u00f3n<\/p>\n<p>Derivado de un despliegue t\u00e1ctico coordinado entre la Fiscal\u00eda General del Estado de Oaxaca (FGEO) y Secretar\u00eda de Seguridad y Protecci\u00f3n Ciudadana federal (SSPC), realizado con el objetivo de dar cumplimiento a una orden de aprehensi\u00f3n, los elementos operativos que participaron fueron agredidos con disparos de arma de fuego, por lo que un elemento federal perdi\u00f3 la vida y otro m\u00e1s result\u00f3 herido, mientras que tres de los agresores fueron abatidos.<\/p>\n<p>El operativo es parte de las acciones conjuntas para dar cumplimiento a una orden de aprehensi\u00f3n por un caso de desaparici\u00f3n de personas, entre ellas la activista Sandra Estefana Dom\u00ednguez Mart\u00ednez, cometido en los l\u00edmites entre Oaxaca y el estado de Veracruz. El grupo t\u00e1ctico se despleg\u00f3 en inmediaciones de la Carretera Federal 147, en el tramo Palomares-Tuxtepec.<\/p>\n<p>Al momento en que ejecutaban la orden de aprehensi\u00f3n, el imputado y las personas que le acompa\u00f1aban realizaron disparos de arma de fuego contra las autoridades, logrando lesionar a un elemento federal identificado por las iniciales B. A. A., quien perdi\u00f3 la vida cuando recib\u00eda atenci\u00f3n m\u00e9dica.<\/p>\n<p>En tanto que, tres de los agresores fueron abatidos, quienes fueron identificados como A. G. T., C. R. V. as\u00ed como A. G. M., adem\u00e1s que fueron aseguradas diferentes armas largas de grueso calibre, las cuales fueron usadas para cometer la agresi\u00f3n por parte de una c\u00e9lula delictiva de la zona.<\/p>\n<p>La Fiscal\u00eda General del Estado de Oaxaca realiza investigaciones multidisciplinarias y en colaboraci\u00f3n con los diferentes niveles de gobierno con el objetivo de dar resultados m\u00e1s efectivos en materia de procuraci\u00f3n de justicia.<\/p>\n<p>ASESINAN A UN HOMBRE Y SU HIJO<\/p>\n<p>DE A\u00d1O Y MEDIO RESULTA HERIDA<\/p>\n<p>Enero 31.- Un hombre fue asesinado en Salina Cruz y su hijo, de a\u00f1o y medio, sobrevivi\u00f3, pero est\u00e1 gravemente herido.<\/p>\n<figure id=\"attachment_3031\" aria-describedby=\"caption-attachment-3031\" style=\"width: 160px\" class=\"wp-caption alignright\"><a href=\"https:\/\/elcorreodeoaxaca.com\/wp-content\/uploads\/2025\/02\/Bernardo-Rodriguez-Alamilla-copia.jpg\"><img loading=\"lazy\" decoding=\"async\" class=\"size-medium wp-image-3031\" src=\"https:\/\/elcorreodeoaxaca.com\/wp-content\/uploads\/2025\/02\/Bernardo-Rodriguez-Alamilla-copia-170x300.jpg\" alt=\"\" width=\"170\" height=\"300\" srcset=\"https:\/\/elcorreodeoaxaca.com\/wp-content\/uploads\/2025\/02\/Bernardo-Rodriguez-Alamilla-copia-170x300.jpg 170w, https:\/\/elcorreodeoaxaca.com\/wp-content\/uploads\/2025\/02\/Bernardo-Rodriguez-Alamilla-copia-189x335.jpg 189w, https:\/\/elcorreodeoaxaca.com\/wp-content\/uploads\/2025\/02\/Bernardo-Rodriguez-Alamilla-copia.jpg 441w\" sizes=\"auto, (max-width: 170px) 100vw, 170px\" \/><\/a><figcaption id=\"caption-attachment-3031\" class=\"wp-caption-text\">Bernardo Rodr\u00edguez Alamilla<\/figcaption><\/figure>\n<p>El ataque armado ocurri\u00f3 la noche de este jueves 30 de enero en la Bah\u00eda La Ventosa, de Salina Cruz.<\/p>\n<p>El menor, identificado como Uriel R.M, fue trasladado para recibir atenci\u00f3n m\u00e9dica y los reportan grave por los balazos recibidos.<\/p>\n<p>Su padre fue identificado como Ra\u00fal R.V., de 40 a\u00f1os, muri\u00f3 en el sitio.<\/p>\n<p>La Fiscal\u00eda y otras corporaciones intervinieron pero no identificaron a ninguna persona presunta responsable.<\/p>\n<p>HALLAN SIN VIDA A TAXISTA REPORTADO<\/p>\n<p>COMO DESAPARECIDO EN OAXACA<\/p>\n<p>Enero 29.- Sixto Mart\u00ednez M\u00e9ndez, de 72 a\u00f1os de edad, fue localizado sin vida en un paraje del municipio de Santiago Matatl\u00e1n.<\/p>\n<p>Su familia inici\u00f3 la b\u00fasqueda la ma\u00f1ana de este mi\u00e9rcoles.<\/p>\n<p>En un comunicado, la Fiscal\u00eda confirm\u00f3 que la persona fue hallada en el paraje conocido como Nueva Puntas.<\/p>\n<p>Sixto fue visto por \u00faltima vez en el fraccionamiento Villas Monte Alb\u00e1n, en Oaxaca de Ju\u00e1rez, este 28 de enero.<\/p>\n<p>ASALTAN CHEDRAUI A POCAS<\/p>\n<p>CUADRAS DE PALACIO DE GOBIERNO<\/p>\n<p>Enero 31.- Personal de la Fiscal\u00eda ubic\u00f3 al conductor del taxi 15-700 del Sitio Aldama para investigar el presunto asalto ocurrido este viernes en Chedrahui Madero, en la ciudad de Oaxaca.<\/p>\n<figure id=\"attachment_3036\" aria-describedby=\"caption-attachment-3036\" style=\"width: 290px\" class=\"wp-caption alignright\"><a href=\"https:\/\/elcorreodeoaxaca.com\/wp-content\/uploads\/2025\/02\/ingo-sandra-dominguez-y-su-esposo.jpg\"><img loading=\"lazy\" decoding=\"async\" class=\"size-medium wp-image-3036\" src=\"https:\/\/elcorreodeoaxaca.com\/wp-content\/uploads\/2025\/02\/ingo-sandra-dominguez-y-su-esposo-300x181.jpg\" alt=\"\" width=\"300\" height=\"181\" srcset=\"https:\/\/elcorreodeoaxaca.com\/wp-content\/uploads\/2025\/02\/ingo-sandra-dominguez-y-su-esposo-300x181.jpg 300w, https:\/\/elcorreodeoaxaca.com\/wp-content\/uploads\/2025\/02\/ingo-sandra-dominguez-y-su-esposo-335x202.jpg 335w, https:\/\/elcorreodeoaxaca.com\/wp-content\/uploads\/2025\/02\/ingo-sandra-dominguez-y-su-esposo.jpg 756w\" sizes=\"auto, (max-width: 300px) 100vw, 300px\" \/><\/a><figcaption id=\"caption-attachment-3036\" class=\"wp-caption-text\">Sandra Dom\u00ednguez y su esposo Alexander<\/figcaption><\/figure>\n<p>El hombre fue ubicado cuando subi\u00f3 en su unidad a dos de los presuntos responsables del hecho delictivo.<\/p>\n<p>En un comunicado, la Fiscal\u00eda General del Estado de Oaxaca (FGEO) inform\u00f3 que despleg\u00f3 a un equipo multidisciplinario, coordinado por la Vicefiscal\u00eda Regional de Valles Centrales, para iniciar con las indagatorias luego de tener intervenci\u00f3n por un incidente en el que una persona perdi\u00f3 la vida a consecuencia de una agresi\u00f3n con disparo de arma de fuego.<\/p>\n<p>A partir de que la FGEO tom\u00f3 conocimiento del caso, se realizan los trabajos periciales en diferentes especialidades de ciencias forenses, as\u00ed como las entrevistas ministeriales y recolecci\u00f3n de diferentes indicios los cuales permitieron establecer l\u00edneas de investigaci\u00f3n bien definidas sobre el m\u00f3vil y la identidad de los posibles responsables.<\/p>\n<p>Adem\u00e1s que la FGEO activ\u00f3 los protocolos de coordinaci\u00f3n correspondientes con la Polic\u00eda Municipal de Oaxaca, para robustecer las investigaciones en torno al caso.<\/p>\n<p>La Fiscal\u00eda de Oaxaca inici\u00f3 la carpeta de investigaci\u00f3n correspondiente por estos hechos que ocurrieron el mediod\u00eda de este viernes 31 de enero de 2025, en el estacionamiento de un supermercado localizado en la Calzada Francisco I. Madero, en la ciudad de Oaxaca de Ju\u00e1rez.<\/p>\n<p>QUER\u00cdA CASAR A SU HIJA DE 13<\/p>\n<p>A\u00d1OS PARA PAGAR DEUDAS<\/p>\n<p>Enero 28.- Autoridades estatales lograron detener a una mujer en la Sierra de Flores Mag\u00f3n, quien trat\u00f3 de forzar el matrimonio de su hija de 13 a\u00f1os con un hombre de 50, a cambio de dinero en efectivo para pagar sus deudas.<\/p>\n<figure id=\"attachment_3032\" aria-describedby=\"caption-attachment-3032\" style=\"width: 165px\" class=\"wp-caption alignright\"><a href=\"https:\/\/elcorreodeoaxaca.com\/wp-content\/uploads\/2025\/02\/ingo-alma-bautista-ramos.jpg\"><img loading=\"lazy\" decoding=\"async\" class=\"size-medium wp-image-3032\" src=\"https:\/\/elcorreodeoaxaca.com\/wp-content\/uploads\/2025\/02\/ingo-alma-bautista-ramos-175x300.jpg\" alt=\"\" width=\"175\" height=\"300\" srcset=\"https:\/\/elcorreodeoaxaca.com\/wp-content\/uploads\/2025\/02\/ingo-alma-bautista-ramos-175x300.jpg 175w, https:\/\/elcorreodeoaxaca.com\/wp-content\/uploads\/2025\/02\/ingo-alma-bautista-ramos-196x335.jpg 196w, https:\/\/elcorreodeoaxaca.com\/wp-content\/uploads\/2025\/02\/ingo-alma-bautista-ramos.jpg 441w\" sizes=\"auto, (max-width: 175px) 100vw, 175px\" \/><\/a><figcaption id=\"caption-attachment-3032\" class=\"wp-caption-text\">Alma Bautista Ramos<\/figcaption><\/figure>\n<p>En este caso fueron aplicados protocolos de g\u00e9nero por parte de la Fiscal\u00eda General del Estado, por lo que la madre, identificada como E.M.R., fue vinculada a proceso por el delito de trata de personas en grado de tentativa, en la modalidad de matrimonio forzoso o servil agravado.<\/p>\n<p>De acuerdo con la denuncia asentada en el expediente penal del caso, los hechos ocurrieron en la comunidad de Mazatl\u00e1n Villa de Flores, donde la madre de la v\u00edctima, una menor de 13 a\u00f1os de edad cuya identidad fue reservada, la trat\u00f3 de entregar a un hombre para contraer matrimonio. Esta situaci\u00f3n se hab\u00eda repetido en m\u00e1s de una ocasi\u00f3n, a cambio de dinero en efectivo que utilizaba para pagar sus deudas.<\/p>\n<p>La investigaci\u00f3n revel\u00f3 que los acontecimientos m\u00e1s recientes ocurrieron el 8 de junio del 2024, cuando una persona dio aviso a las autoridades de una nueva uni\u00f3n forzada; por lo que ayudaron a rescatar a la v\u00edctima.<\/p>\n<p>La Fiscal\u00eda atrajo el caso mediante la Fiscal\u00eda Especializada para la Atenci\u00f3n a Delitos de Alto Impacto, e inici\u00f3 las investigaciones correspondientes, gracias a las cuales se obtuvo una orden de aprehensi\u00f3n contra la imputada, quien fue detenida.<\/p>\n<p>Posteriormente, el Juez que atiende el caso determin\u00f3 dictar la vinculaci\u00f3n a proceso en contra de la madre por el delito de trata de personas en grado de tentativa en la modalidad de matrimonio forzoso o servil agravado; y le impuso prisi\u00f3n preventiva justificada, otorgando un plazo de cinco meses para el cierre de la investigaci\u00f3n complementaria.<\/p>\n<p>Por su parte, el fiscal General Bernardo Rodr\u00edguez Alamilla dijo que podr\u00eda haber m\u00e1s detenidos, ya que hay m\u00faltiples personas que aceptaron el trato de la uni\u00f3n matrimonial infantil a cambio de dar dinero o propiedades.<\/p>\n<p>PROHIBICI\u00d3N DEL MATRIMONIO INFANTIL<\/p>\n<p>En septiembre del 2023 se logr\u00f3 por parte de la C\u00e1mara de Diputados una reforma de tipo penal y constitucional para prohibir los matrimonios infantiles y para quien los cometa. De esta manera, ahora se podr\u00e1 aplicar una condena de 20 a 40 a\u00f1os de c\u00e1rcel sin derecho de fianza.<\/p>\n<figure id=\"attachment_3030\" aria-describedby=\"caption-attachment-3030\" style=\"width: 290px\" class=\"wp-caption alignright\"><a href=\"https:\/\/elcorreodeoaxaca.com\/wp-content\/uploads\/2025\/02\/INGO-CERRADO-CENTRO-SALUD.jpeg\"><img loading=\"lazy\" decoding=\"async\" class=\"size-medium wp-image-3030\" src=\"https:\/\/elcorreodeoaxaca.com\/wp-content\/uploads\/2025\/02\/INGO-CERRADO-CENTRO-SALUD-300x169.jpeg\" alt=\"\" width=\"300\" height=\"169\" srcset=\"https:\/\/elcorreodeoaxaca.com\/wp-content\/uploads\/2025\/02\/INGO-CERRADO-CENTRO-SALUD-300x169.jpeg 300w, https:\/\/elcorreodeoaxaca.com\/wp-content\/uploads\/2025\/02\/INGO-CERRADO-CENTRO-SALUD-335x189.jpeg 335w, https:\/\/elcorreodeoaxaca.com\/wp-content\/uploads\/2025\/02\/INGO-CERRADO-CENTRO-SALUD-700x394.jpeg 700w, https:\/\/elcorreodeoaxaca.com\/wp-content\/uploads\/2025\/02\/INGO-CERRADO-CENTRO-SALUD.jpeg 756w\" sizes=\"auto, (max-width: 300px) 100vw, 300px\" \/><\/a><figcaption id=\"caption-attachment-3030\" class=\"wp-caption-text\">Cerrado Centro de Salud del Rosario<\/figcaption><\/figure>\n<p>En Oaxaca siguen existiendo los matrimonios infantiles forzados, y aunque no son legales, ocurren de forma ilegal y clandestina, como acept\u00f3 la titular del Sistema Local Protecci\u00f3n Integral de los Derechos de Ni\u00f1as, Ni\u00f1os y Adolescentes (SE-Sipinna), Alma Bautista Ramos.<\/p>\n<p>\u201cDerivado de la restricci\u00f3n que se hizo a los c\u00f3digos civiles, donde ya est\u00e1 prohibida cualquier tipo de uni\u00f3n que incluya a un ni\u00f1o, ni\u00f1a o a un adolescente, quiero informarles que Oaxaca, dentro de estas estad\u00edsticas que nos lanza Inegi, no ocupa alguno de los primeros lugares en matrimonio infantil\u201d, se\u00f1al\u00f3.<\/p>\n<p>FALTA DE INSUMOS PROVOCA SUSPENSI\u00d3N<\/p>\n<p>DEL CENTRO ESTATAL DE TRANSFUSI\u00d3N SANGU\u00cdNEA<\/p>\n<p>Enero 30.- Derivado de la falta de insumos, el Centro Estatal de Transfusi\u00f3n Sangu\u00ednea (CETS) anunci\u00f3 la suspensi\u00f3n de los estudios para la detecci\u00f3n de enfermedades en unidades de sangre a partir del 1 de febrero, debido a la falta de insumos esenciales para el procesamiento de muestras.<\/p>\n<p>A trav\u00e9s de un comunicado oficial, la instituci\u00f3n inform\u00f3 que las dificultades en la adquisici\u00f3n de materiales de laboratorio han imposibilitado la realizaci\u00f3n de estudios de virolog\u00eda, por lo que solicitaron a los hospitales y unidades m\u00e9dicas abstenerse de enviar muestras para an\u00e1lisis hasta nuevo aviso.<\/p>\n<p>El documento tambi\u00e9n se\u00f1ala que, tras la transferencia de hospitales al programa IMSS-Bienestar a partir de 2024, se est\u00e1 trabajando en la reestructuraci\u00f3n del servicio, y una vez resuelto el problema de suministro se informar\u00e1 sobre la nueva modalidad de atenci\u00f3n.<\/p>\n<p>Las autoridades del CETS indicaron que permanecer\u00e1n atentas a la situaci\u00f3n de cada unidad m\u00e9dica y reiteraron su compromiso con la reanudaci\u00f3n de los servicios tan pronto como sea posible.<\/p>\n<p>CENTRO DE SALUD DE EL ROSARIO<\/p>\n<p>CIERRA POR FALTA DE RECURSOS<\/p>\n<p>Enero 29.- El Centro de Salud del Fraccionamiento El Rosario, perteneciente al municipio de San Sebasti\u00e1n Tutla anunci\u00f3 el cierre temporal de sus instalaciones.<\/p>\n<figure id=\"attachment_3029\" aria-describedby=\"caption-attachment-3029\" style=\"width: 290px\" class=\"wp-caption alignright\"><a href=\"https:\/\/elcorreodeoaxaca.com\/wp-content\/uploads\/2025\/02\/ingo-asesina-a-hombre-en-sc.jpeg\"><img loading=\"lazy\" decoding=\"async\" class=\"size-medium wp-image-3029\" src=\"https:\/\/elcorreodeoaxaca.com\/wp-content\/uploads\/2025\/02\/ingo-asesina-a-hombre-en-sc-300x181.jpeg\" alt=\"\" width=\"300\" height=\"181\" srcset=\"https:\/\/elcorreodeoaxaca.com\/wp-content\/uploads\/2025\/02\/ingo-asesina-a-hombre-en-sc-300x181.jpeg 300w, https:\/\/elcorreodeoaxaca.com\/wp-content\/uploads\/2025\/02\/ingo-asesina-a-hombre-en-sc-335x202.jpeg 335w, https:\/\/elcorreodeoaxaca.com\/wp-content\/uploads\/2025\/02\/ingo-asesina-a-hombre-en-sc.jpeg 756w\" sizes=\"auto, (max-width: 300px) 100vw, 300px\" \/><\/a><figcaption id=\"caption-attachment-3029\" class=\"wp-caption-text\">Asesinan a hombre en Salina Cruz<\/figcaption><\/figure>\n<p>Con esta decisi\u00f3n se estar\u00eda dejando a decenas de\u00a0 pacientes sin atenci\u00f3n m\u00e9dica debido a la falta de agua potable y otros recursos esenciales.<\/p>\n<p>El personal del centro manifest\u00f3 su indignaci\u00f3n ante la falta de respuesta por parte de los Servicios de Salud de Oaxaca y del programa IMSS-Bienestar, quienes han ignorado reiteradas solicitudes para abastecer con pipas de agua la unidad m\u00e9dica, as\u00ed como proveer medicamentos e insumos b\u00e1sicos para la atenci\u00f3n y la higiene del personal y los usuarios.<\/p>\n<p>\u201cNos vemos obligados a restringir los servicios que ofrecemos en esta unidad, ya que no contamos con las condiciones m\u00ednimas para operar. Urge que las autoridades atiendan nuestra petici\u00f3n para garantizar un servicio digno y seguro\u201d, se\u00f1alaron los trabajadores de la unidad.<\/p>\n<p>El cierre del centro ha generado preocupaci\u00f3n entre los habitantes de la zona, quienes dependen de este espacio para recibir atenci\u00f3n m\u00e9dica.<\/p>\n<p>La comunidad ha exigido a las autoridades estatales una soluci\u00f3n inmediata para garantizar el acceso a la salud, catalogado como un derecho humano fundamental.<\/p>\n<p>Por el momento, se desconoce cu\u00e1nto tiempo permanecer\u00e1 cerrada la unidad m\u00e9dica, mientras persisten las demandas de los trabajadores para resolver esta situaci\u00f3n cr\u00edtica.<\/p>\n<p>INICIAN MAESTROS JORNADA<\/p>\n<p>DE 2 D\u00cdAS DE PROTESTAS<\/p>\n<p>Enero 27.- El magisterio de Oaxaca iniciar\u00e1 este lunes una jornada de protestas de dos d\u00edas.<\/p>\n<p>Esto incluye la suspensi\u00f3n de clases en escuelas de educaci\u00f3n b\u00e1sica, la instalaci\u00f3n de un plant\u00f3n en el \u00e1rea que circunda el Palacio de Gobierno y posibles bloqueos.<\/p>\n<p>Seg\u00fan informaci\u00f3n de la Secretar\u00eda General de Gobierno, ser\u00e1n dos puntos donde estar\u00e1 afectado el tr\u00e1nsito: el crucero de Cinco Se\u00f1ores y el bulevar Eduardo Vasconcelos, a la altura del crucero de Camino Nacional.<\/p>\n<p>INFORMA POLIC\u00cdA VIAL RUTAS<\/p>\n<p>ALTERNAS POR BLOQUEOS EN LA CAPITAL<\/p>\n<p>Enero 27.- La polic\u00eda vial en Oaxaca inform\u00f3 las rutas alternas que pueden utilizar los automovilistas en la ciudad de Oaxaca para evitar los bloqueos.<\/p>\n<p>Hasta las 10:00 horas de la ma\u00f1ana hab\u00eda manifestantes en dos puntos de la ciudad por parte del magisterio y un bloqueo m\u00e1s por parte de vecinos.<\/p>\n<p>El magisterio est\u00e1 bloqueando el crucero de Fonapas y el crucero de Cinco Se\u00f1ores.<\/p>\n<p>Tambi\u00e9n se report\u00f3 la afectaci\u00f3n a la vialidad por manifestantes en la calle Guadalupe Victoria y en la segunda privada de la misma calle en la colonia Libertad de la ciudad de Oaxaca.<\/p>\n<p>CNTE RETIRA BLOQUEOS DESPU\u00c9S DE<\/p>\n<p>9 HORAS DE CAOS EN OAXACA CAPITAL<\/p>\n<p>Enero 27.- Durante casi nueve horas, el caos que produjeron los bloqueos del magisterio termin\u00f3 en la ciudad de Oaxaca.<\/p>\n<p>Sin un reporte sobre los avances en las negociaciones, los manifestantes se retiraron del crucero de Fonapas, del estadio de b\u00e9isbol y del crucero de Cinco Se\u00f1ores.<\/p>\n<p>Quienes participan en la movilizaci\u00f3n se retiraron pero se concentraron en el Z\u00f3calo de la ciudad donde pernoctar\u00e1n esta noche de lunes.<\/p>\n<p>Este martes tambi\u00e9n suspender\u00e1n actividades y realizar\u00e1n protestas callejeras.<\/p>\n<p>Las protestas de este lunes sitiaron pr\u00e1cticamente la ciudad, y redujeron el transporte p\u00fablico, algunos de los cuales utilizaron para sus bloqueos.<\/p>\n<p>PROTESTARON VECINOS PARA<\/p>\n<p>PEDIR APERTURA DE CALLE<\/p>\n<p>Enero 28.- Vecinas y Vecinos de la colonia Libertad, instalaron este lunes 27 de enero un bloqueo para pedir la reapertura a la circulaci\u00f3n vehicular sobre la Tercera Privada de Guadalupe Victoria y la calle Magnolias, en la capital oaxaque\u00f1a. Tras la protesta, los obst\u00e1culos que hab\u00edan sido colocados por otro grupo de vecinos, fueron retirados.<\/p>\n<p>Las y los vecinos inconformes indicaron que debido a la suspensi\u00f3n a la circulaci\u00f3n de veh\u00edculos por presuntas obras en referida privada, las calles adyacentes fueron adaptadas al tr\u00e1nsito en ambos sentidos, lo que ha generado un congestionamiento vial importante, adem\u00e1s de que representa un peligro constante para los habitantes.<\/p>\n<p>\u00abEsa calle estuvo cerrada por una obra, ya tiene tiempo que concluy\u00f3, en promedio mes y medio, no se ha podido (abrir) o los vecinos no han querido ser accesibles en ese punto y abrir su calle, ya est\u00e1 en condiciones para poder circular\u00bb, expusieron.<\/p>\n<p>Por esta raz\u00f3n, pidieron a las autoridades del Municipio de Oaxaca de Ju\u00e1rez hacer valer la circulaci\u00f3n original y abrir la tercera privada de Guadalupe Victoria para que exista el desahogo vehicular de riberas del Atoyac hacia Perif\u00e9rico.<\/p>\n<p>\u201cEstas calles son p\u00fablicas y no deber\u00edan permanecer cerradas. Esto no solo afecta a nuestra colonia, sino a toda la movilidad en los alrededores, los vecinos fueron quienes cerraron la vialidad\u201d, coment\u00f3 uno de los manifestantes.<\/p>\n<p>Por su parte, los vecinos de la Tercera Privada de Guadalupe Victoria justificaron el cierre para evitar la circulaci\u00f3n de taxis for\u00e1neos, argumentando que el tr\u00e1nsito pesado impacta negativamente en la zona.<\/p>\n<p>Tras la protesta, trabajadores del municipio capitalino acudieron al punto donde hab\u00eda sido colocada una cadena para impedir el tr\u00e1nsito de veh\u00edculos, misma que fue retirada para reabrir la circulaci\u00f3n vial.<\/p>\n","protected":false},"excerpt":{"rendered":"<p>En Salina Cruz asesinan a un hombre y su hijo de a\u00f1o y medio se encuentra herido de gravedad En Santiago Matatl\u00e1n hallan sin vida a taxista desaparecido el mi\u00e9rcoles en la ciudad de Oaxaca En Mazatl\u00e1n Villa de Flores, una mujer trat\u00f3 de vender a su hija de 13 a\u00f1os para saldar sus deudas &#8230;<\/p>\n","protected":false},"author":1,"featured_media":3034,"comment_status":"open","ping_status":"open","sticky":false,"template":"","format":"standard","meta":{"footnotes":""},"categories":[19],"tags":[],"class_list":["post-3028","post","type-post","status-publish","format-standard","has-post-thumbnail","hentry","category-columna"],"_links":{"self":[{"href":"https:\/\/elcorreodeoaxaca.com\/index.php?rest_route=\/wp\/v2\/posts\/3028","targetHints":{"allow":["GET"]}}],"collection":[{"href":"https:\/\/elcorreodeoaxaca.com\/index.php?rest_route=\/wp\/v2\/posts"}],"about":[{"href":"https:\/\/elcorreodeoaxaca.com\/index.php?rest_route=\/wp\/v2\/types\/post"}],"author":[{"embeddable":true,"href":"https:\/\/elcorreodeoaxaca.com\/index.php?rest_route=\/wp\/v2\/users\/1"}],"replies":[{"embeddable":true,"href":"https:\/\/elcorreodeoaxaca.com\/index.php?rest_route=%2Fwp%2Fv2%2Fcomments&post=3028"}],"version-history":[{"count":1,"href":"https:\/\/elcorreodeoaxaca.com\/index.php?rest_route=\/wp\/v2\/posts\/3028\/revisions"}],"predecessor-version":[{"id":3038,"href":"https:\/\/elcorreodeoaxaca.com\/index.php?rest_route=\/wp\/v2\/posts\/3028\/revisions\/3038"}],"wp:featuredmedia":[{"embeddable":true,"href":"https:\/\/elcorreodeoaxaca.com\/index.php?rest_route=\/wp\/v2\/media\/3034"}],"wp:attachment":[{"href":"https:\/\/elcorreodeoaxaca.com\/index.php?rest_route=%2Fwp%2Fv2%2Fmedia&parent=3028"}],"wp:term":[{"taxonomy":"category","embeddable":true,"href":"https:\/\/elcorreodeoaxaca.com\/index.php?rest_route=%2Fwp%2Fv2%2Fcategories&post=3028"},{"taxonomy":"post_tag","embeddable":true,"href":"https:\/\/elcorreodeoaxaca.com\/index.php?rest_route=%2Fwp%2Fv2%2Ftags&post=3028"}],"curies":[{"name":"wp","href":"https:\/\/api.w.org\/{rel}","templated":true}]}}