{"id":2897,"date":"2025-01-25T22:18:33","date_gmt":"2025-01-26T04:18:33","guid":{"rendered":"https:\/\/elcorreodeoaxaca.com\/?p=2897"},"modified":"2025-01-25T22:18:33","modified_gmt":"2025-01-26T04:18:33","slug":"gran-angular-alcance-de-las-amenazas-de-trump-y-la-negociacion-en-marcha","status":"publish","type":"post","link":"https:\/\/elcorreodeoaxaca.com\/?p=2897","title":{"rendered":"Gran Angular : Alcance de las amenazas de Trump  y la negociaci\u00f3n en marcha"},"content":{"rendered":"<p style=\"text-align: center;\"><em><strong>Ra\u00fal Rodr\u00edguez Cort\u00e9s<\/strong><\/em><\/p>\n<figure id=\"attachment_2901\" aria-describedby=\"caption-attachment-2901\" style=\"width: 155px\" class=\"wp-caption alignright\"><a href=\"https:\/\/elcorreodeoaxaca.com\/wp-content\/uploads\/2025\/01\/gran-claudia.jpg\"><img loading=\"lazy\" decoding=\"async\" class=\"size-medium wp-image-2901\" src=\"https:\/\/elcorreodeoaxaca.com\/wp-content\/uploads\/2025\/01\/gran-claudia-165x300.jpg\" alt=\"\" width=\"165\" height=\"300\" srcset=\"https:\/\/elcorreodeoaxaca.com\/wp-content\/uploads\/2025\/01\/gran-claudia-165x300.jpg 165w, https:\/\/elcorreodeoaxaca.com\/wp-content\/uploads\/2025\/01\/gran-claudia-184x335.jpg 184w, https:\/\/elcorreodeoaxaca.com\/wp-content\/uploads\/2025\/01\/gran-claudia.jpg 441w\" sizes=\"auto, (max-width: 165px) 100vw, 165px\" \/><\/a><figcaption id=\"caption-attachment-2901\" class=\"wp-caption-text\">Claudia Sheinbaum<\/figcaption><\/figure>\n<p>Que burdos y limitados se exhiben algunos pol\u00edticos y analistas al sugerir que las agresivas pol\u00edticas contra M\u00e9xico puestas en marcha por Donald Trump al iniciar su segundo mandato son resultado de la incompetencia de los gobiernos de L\u00f3pez Obrador y Claudia Sheinbaum y su presunta complicidad con el narcotr\u00e1fico.<\/p>\n<p>Sugieren, perturbadora y peligrosamente, que Trump lleg\u00f3 a la Casa Blanca para remediar\u00a0tales omisiones y culpas, cuando la raz\u00f3n de fondo de esas pol\u00edticas -sin caer en la negaci\u00f3n\u00a0de las tensiones de seguridad fronteriza, narcotr\u00e1fico, migraci\u00f3n y comercio que hay entre\u00a0ambos pa\u00edses- es el proyecto pol\u00edtico-ideol\u00f3gico con que Estados Unidos pretende recuperar la su extraviada hegemon\u00eda global.<\/p>\n<figure id=\"attachment_2903\" aria-describedby=\"caption-attachment-2903\" style=\"width: 235px\" class=\"wp-caption alignleft\"><a href=\"https:\/\/elcorreodeoaxaca.com\/wp-content\/uploads\/2025\/01\/gran-marco-rubio.jpeg\"><img loading=\"lazy\" decoding=\"async\" class=\"size-medium wp-image-2903\" src=\"https:\/\/elcorreodeoaxaca.com\/wp-content\/uploads\/2025\/01\/gran-marco-rubio-245x300.jpeg\" alt=\"\" width=\"245\" height=\"300\" srcset=\"https:\/\/elcorreodeoaxaca.com\/wp-content\/uploads\/2025\/01\/gran-marco-rubio-245x300.jpeg 245w, https:\/\/elcorreodeoaxaca.com\/wp-content\/uploads\/2025\/01\/gran-marco-rubio-274x335.jpeg 274w, https:\/\/elcorreodeoaxaca.com\/wp-content\/uploads\/2025\/01\/gran-marco-rubio.jpeg 441w\" sizes=\"auto, (max-width: 245px) 100vw, 245px\" \/><\/a><figcaption id=\"caption-attachment-2903\" class=\"wp-caption-text\">Marco Rubio<\/figcaption><\/figure>\n<p>As\u00ed, Trump no oculta las amenazas militaristas, intervencionistas y anexionistas disparadas contra M\u00e9xico, Canad\u00e1, Panam\u00e1 o Groenlandia -seg\u00fan su propio dicho- y sustentadas en teor\u00edas neofascista como la de la supremac\u00eda racial, lideradas como en su momento ocurri\u00f3 en la Alemania nazi, por una personalidad inocultablemente megal\u00f3mana que el cuadrag\u00e9simo s\u00e9ptimo presidente de Estados Unidos evidenci\u00f3 en su discurso inaugural al decir que Dios lo salv\u00f3 para volver a hacer a Am\u00e9rica grande, reconocimiento impl\u00edcito de que ya no lo es.<\/p>\n<p>No olvidar nunca que Trump se cree un elegido de Dios y entender el fondo de su proyecto de recuperaci\u00f3n de la hegemon\u00eda mundial al que se alinean potencias como Alemania y Francia donde el votante se ha corrido dram\u00e1ticamente hacia la ultraderecha, son dos elementos que no deber\u00e1n perderse de vista en la inevitable y crucial negociaci\u00f3n que el gobierno de Sheinbaum deber\u00e1 afrontar y que formalmente inici\u00f3 el martes pasado &#8211; un d\u00eda despu\u00e9s de la investidura- con la llamada telef\u00f3nica que el secretario de Estado\u00a0estadounidense Marco Rubio le hizo al secretario mexicano de Relaciones Exteriores, Juan\u00a0Ram\u00f3n de la Fuente.<\/p>\n<figure id=\"attachment_2909\" aria-describedby=\"caption-attachment-2909\" style=\"width: 147px\" class=\"wp-caption alignright\"><a href=\"https:\/\/elcorreodeoaxaca.com\/wp-content\/uploads\/2025\/01\/gran-Juan-Ramon-de-la-Fuente.jpg\"><img loading=\"lazy\" decoding=\"async\" class=\"size-medium wp-image-2909\" src=\"https:\/\/elcorreodeoaxaca.com\/wp-content\/uploads\/2025\/01\/gran-Juan-Ramon-de-la-Fuente-157x300.jpg\" alt=\"\" width=\"157\" height=\"300\" srcset=\"https:\/\/elcorreodeoaxaca.com\/wp-content\/uploads\/2025\/01\/gran-Juan-Ramon-de-la-Fuente-157x300.jpg 157w, https:\/\/elcorreodeoaxaca.com\/wp-content\/uploads\/2025\/01\/gran-Juan-Ramon-de-la-Fuente-176x335.jpg 176w, https:\/\/elcorreodeoaxaca.com\/wp-content\/uploads\/2025\/01\/gran-Juan-Ramon-de-la-Fuente.jpg 441w\" sizes=\"auto, (max-width: 157px) 100vw, 157px\" \/><\/a><figcaption id=\"caption-attachment-2909\" class=\"wp-caption-text\">Juan Ram\u00f3n de la Fuente<\/figcaption><\/figure>\n<p>Trump ya cerr\u00f3 la frontera al cancelar cualquier ingreso de ilegales y despleg\u00f3 m\u00e1s tropas a lo largo de ellas. Las deportaciones diarias de indocumentados mexicanos, del martes al jueves pasados, han estado por debajo de las registradas en d\u00edas previos al inicio del nuevo gobierno estadounidense. Por supuesto que van a aumentar, pero \u00bfllegar\u00e1n a ser masivas?<\/p>\n<p>Para que puedan alcanzar ese car\u00e1cter, la Casa Blanca debe invocar una ley llamada de Agentes y Enemigos Extranjeros que data de 1798. Queda claro en ella que, trat\u00e1ndose de un conflicto de car\u00e1cter militar, la invocaci\u00f3n de la norma deber\u00eda ir acompa\u00f1ada del aval del Congreso junto con la correspondiente declaraci\u00f3n de guerra, requisito \u00e9ste que no aplica cuando se trate de una \u201cinvasi\u00f3n\u201d o \u201cincursi\u00f3n depredadora\u201d. Esto es lo que la ideolog\u00eda Trump ve en los migrantes y es el fundamento de la orden ejecutiva que al respecto firm\u00f3 el lunes pasado.<\/p>\n<figure id=\"attachment_2902\" aria-describedby=\"caption-attachment-2902\" style=\"width: 177px\" class=\"wp-caption alignleft\"><a href=\"https:\/\/elcorreodeoaxaca.com\/wp-content\/uploads\/2025\/01\/gran-.-Ismael-mayo-Zambada.png\"><img loading=\"lazy\" decoding=\"async\" class=\"size-medium wp-image-2902\" src=\"https:\/\/elcorreodeoaxaca.com\/wp-content\/uploads\/2025\/01\/gran-.-Ismael-mayo-Zambada-187x300.png\" alt=\"\" width=\"187\" height=\"300\" srcset=\"https:\/\/elcorreodeoaxaca.com\/wp-content\/uploads\/2025\/01\/gran-.-Ismael-mayo-Zambada-187x300.png 187w, https:\/\/elcorreodeoaxaca.com\/wp-content\/uploads\/2025\/01\/gran-.-Ismael-mayo-Zambada-209x335.png 209w, https:\/\/elcorreodeoaxaca.com\/wp-content\/uploads\/2025\/01\/gran-.-Ismael-mayo-Zambada.png 441w\" sizes=\"auto, (max-width: 187px) 100vw, 187px\" \/><\/a><figcaption id=\"caption-attachment-2902\" class=\"wp-caption-text\">Ismael \u00abmayo\u00bb Zambada<\/figcaption><\/figure>\n<p>En el caso de ya anunciada designaci\u00f3n de los c\u00e1rteles mexicanos de la droga como organizaciones terroristas internacionales para enfrentarlos integralmente, se ha interpretado como la justificaci\u00f3n requerida por Estados Unidos para incursionar militarmente en M\u00e9xico.<\/p>\n<p>Nada justifica legalmente una incursi\u00f3n armada a territorio mexicano, aunque no se descartan maniobras como la que deriv\u00f3 en la captura y traslado al vecino del norte del narcotraficante Ismael \u201cEl Mayo\u201d Zambada.<\/p>\n<figure id=\"attachment_2907\" aria-describedby=\"caption-attachment-2907\" style=\"width: 165px\" class=\"wp-caption alignright\"><a href=\"https:\/\/elcorreodeoaxaca.com\/wp-content\/uploads\/2025\/01\/gran-hector-melesio-cuen-ojeda.jpg\"><img loading=\"lazy\" decoding=\"async\" class=\"size-medium wp-image-2907\" src=\"https:\/\/elcorreodeoaxaca.com\/wp-content\/uploads\/2025\/01\/gran-hector-melesio-cuen-ojeda-175x300.jpg\" alt=\"\" width=\"175\" height=\"300\" srcset=\"https:\/\/elcorreodeoaxaca.com\/wp-content\/uploads\/2025\/01\/gran-hector-melesio-cuen-ojeda-175x300.jpg 175w, https:\/\/elcorreodeoaxaca.com\/wp-content\/uploads\/2025\/01\/gran-hector-melesio-cuen-ojeda-196x335.jpg 196w, https:\/\/elcorreodeoaxaca.com\/wp-content\/uploads\/2025\/01\/gran-hector-melesio-cuen-ojeda.jpg 441w\" sizes=\"auto, (max-width: 175px) 100vw, 175px\" \/><\/a><figcaption id=\"caption-attachment-2907\" class=\"wp-caption-text\">H\u00e9ctor Melesio Cuen Ojeda<\/figcaption><\/figure>\n<p>Trump, hasta el momento, no ha firmado ninguna orden ejecutiva para la imposici\u00f3n de aranceles de 25% a M\u00e9xico y Canad\u00e1. Dijo, tras su investidura, que piensa aplicarlos a partir del primero de febrero. No parece que ser\u00e1 as\u00ed, ya que el mandatario estadounidense tiene la obligaci\u00f3n de solicitar una investigaci\u00f3n sobre posibles impactos y recomendaciones relacionadas con el T-MEC. Eso alargar\u00eda el asunto por lo menos hasta\u00a0abril pr\u00f3ximo.<\/p>\n<p>Negociaci\u00f3n, pues, es lo que viene. Ya dijo ayer Trump desde Davos, Suiza, donde particip\u00f3 en el Foro Econ\u00f3mico Mundial que la relaci\u00f3n con M\u00e9xico \u201cva muy bien\u201d y que con Canad\u00e1 \u201cha sido muy dif\u00edcil negociar\u201d.<\/p>\n<figure id=\"attachment_2906\" aria-describedby=\"caption-attachment-2906\" style=\"width: 157px\" class=\"wp-caption alignleft\"><a href=\"https:\/\/elcorreodeoaxaca.com\/wp-content\/uploads\/2025\/01\/gran-Guadalupe-Acosta-Naranjo.jpg\"><img loading=\"lazy\" decoding=\"async\" class=\"size-medium wp-image-2906\" src=\"https:\/\/elcorreodeoaxaca.com\/wp-content\/uploads\/2025\/01\/gran-Guadalupe-Acosta-Naranjo-167x300.jpg\" alt=\"\" width=\"167\" height=\"300\" srcset=\"https:\/\/elcorreodeoaxaca.com\/wp-content\/uploads\/2025\/01\/gran-Guadalupe-Acosta-Naranjo-167x300.jpg 167w, https:\/\/elcorreodeoaxaca.com\/wp-content\/uploads\/2025\/01\/gran-Guadalupe-Acosta-Naranjo-186x335.jpg 186w, https:\/\/elcorreodeoaxaca.com\/wp-content\/uploads\/2025\/01\/gran-Guadalupe-Acosta-Naranjo.jpg 441w\" sizes=\"auto, (max-width: 167px) 100vw, 167px\" \/><\/a><figcaption id=\"caption-attachment-2906\" class=\"wp-caption-text\">Guadalupe Acosta Naranjo<\/figcaption><\/figure>\n<p>O sea, ya se negocia, ya hacen su tarea el canciller De la Fuente y el secretario de Econom\u00eda Ebrard, pese a quienes ponen en entredicho sus capacidades diplom\u00e1ticas en ese\u00a0muy mexicano af\u00e1n de auto\u00a0denigrarnos\u00a0frente al poderoso.<\/p>\n<p>La presidenta Sheinbaum, por su parte, parece haber afianzado el picaporte con Trump a trav\u00e9s de las gestiones informales del copresidente de Univisi\u00f3n-Televisa, Bernardo G\u00f3mez, quien, junto con el otro copresidente de la televisora, Alfonso de Angoitia y el exsecretario de Hacienda y ex canciller, Luis Videgaray, fueron los \u00fanicos mexicanos que estuvieron dentro del Capitolio como invitados personales de Trump su ceremonia de investidura.<\/p>\n<figure id=\"attachment_2904\" aria-describedby=\"caption-attachment-2904\" style=\"width: 163px\" class=\"wp-caption alignright\"><a href=\"https:\/\/elcorreodeoaxaca.com\/wp-content\/uploads\/2025\/01\/gran-Marcelo-Ebrard.jpg\"><img loading=\"lazy\" decoding=\"async\" class=\"size-medium wp-image-2904\" src=\"https:\/\/elcorreodeoaxaca.com\/wp-content\/uploads\/2025\/01\/gran-Marcelo-Ebrard-173x300.jpg\" alt=\"\" width=\"173\" height=\"300\" srcset=\"https:\/\/elcorreodeoaxaca.com\/wp-content\/uploads\/2025\/01\/gran-Marcelo-Ebrard-173x300.jpg 173w, https:\/\/elcorreodeoaxaca.com\/wp-content\/uploads\/2025\/01\/gran-Marcelo-Ebrard-194x335.jpg 194w, https:\/\/elcorreodeoaxaca.com\/wp-content\/uploads\/2025\/01\/gran-Marcelo-Ebrard.jpg 441w\" sizes=\"auto, (max-width: 173px) 100vw, 173px\" \/><\/a><figcaption id=\"caption-attachment-2904\" class=\"wp-caption-text\">Marcelo Ebrard<\/figcaption><\/figure>\n<p><strong>Instant\u00e1neas:<\/strong><\/p>\n<ol>\n<li><strong> ULTRADERECHA, LA OLA QUE VIENE.<\/strong> La nueva ola Trump, o sea la del triunfo de la ultraderecha, parece que alcanzar\u00e1 tambi\u00e9n a Alemania en sus elecciones del pr\u00f3ximo 23 de febrero. La socialdemocracia, esa versi\u00f3n moderna y moderada de socialismo cuya locomotora ideol\u00f3gica fuera su canciller Willy Brandt, atestigua como se viene abajo su esfuerzo de construir en Europa un Estado de bienestar.\n<figure id=\"attachment_2900\" aria-describedby=\"caption-attachment-2900\" style=\"width: 148px\" class=\"wp-caption alignleft\"><a href=\"https:\/\/elcorreodeoaxaca.com\/wp-content\/uploads\/2025\/01\/gran-adrian-alcala.jpg\"><img loading=\"lazy\" decoding=\"async\" class=\"size-medium wp-image-2900\" src=\"https:\/\/elcorreodeoaxaca.com\/wp-content\/uploads\/2025\/01\/gran-adrian-alcala-158x300.jpg\" alt=\"\" width=\"158\" height=\"300\" srcset=\"https:\/\/elcorreodeoaxaca.com\/wp-content\/uploads\/2025\/01\/gran-adrian-alcala-158x300.jpg 158w, https:\/\/elcorreodeoaxaca.com\/wp-content\/uploads\/2025\/01\/gran-adrian-alcala-176x335.jpg 176w, https:\/\/elcorreodeoaxaca.com\/wp-content\/uploads\/2025\/01\/gran-adrian-alcala.jpg 441w\" sizes=\"auto, (max-width: 158px) 100vw, 158px\" \/><\/a><figcaption id=\"caption-attachment-2900\" class=\"wp-caption-text\">Adri\u00e1n Alcal\u00e1<\/figcaption><\/figure>\n<p>Los votantes alemanes est\u00e1n cansados de la recesi\u00f3n econ\u00f3mica y ven en el nuevo modelo de capitalismo estadounidense el modelo a seguir. Las encuestas dan, por primera vez en la historia tras la posguerra, una gran ventaja no a la derecha tradicional de la democracia cristiana de Helmut Kohl o Angela Merkel, sino a una nueva ultraderecha cercana, por sus principios, a las ideas econ\u00f3micas y pol\u00edticas que dieron origen al nazismo. De manera que, en las pr\u00f3ximas elecciones germanas, los socialdem\u00f3cratas podr\u00edan caer hasta el tercer sitio y dejar enterrada de manera formal la llamada \u201ctercera v\u00eda\u201d. Esto es lo que se dice en las mesas y reuniones de expertos que se realizan en M\u00fanich y donde est\u00e1 presente el exvocero presidencial Carlos Salom\u00f3n, a quien se le ha visto por aquellas tierras. En su participaci\u00f3n record\u00f3 que \u201ccuando las f\u00f3rmulas se agotan, la gente se cansa\u201d.<\/p>\n<p><figure id=\"attachment_2910\" aria-describedby=\"caption-attachment-2910\" style=\"width: 215px\" class=\"wp-caption alignright\"><a href=\"https:\/\/elcorreodeoaxaca.com\/wp-content\/uploads\/2025\/01\/gran-Willy-Brandt.jpg\"><img loading=\"lazy\" decoding=\"async\" class=\"size-medium wp-image-2910\" src=\"https:\/\/elcorreodeoaxaca.com\/wp-content\/uploads\/2025\/01\/gran-Willy-Brandt-225x300.jpg\" alt=\"\" width=\"225\" height=\"300\" srcset=\"https:\/\/elcorreodeoaxaca.com\/wp-content\/uploads\/2025\/01\/gran-Willy-Brandt-225x300.jpg 225w, https:\/\/elcorreodeoaxaca.com\/wp-content\/uploads\/2025\/01\/gran-Willy-Brandt-251x335.jpg 251w, https:\/\/elcorreodeoaxaca.com\/wp-content\/uploads\/2025\/01\/gran-Willy-Brandt.jpg 441w\" sizes=\"auto, (max-width: 225px) 100vw, 225px\" \/><\/a><figcaption id=\"caption-attachment-2910\" class=\"wp-caption-text\">Willy Brandt<\/figcaption><\/figure><\/li>\n<li><strong> PACIENCIA AGOTADA<\/strong>. Donde tambi\u00e9n ya se agot\u00f3 la paciencia de la gente es en Sinaloa. Cientos de culiacanense marcharon para exigir la renuncia del gobernador morenista Rub\u00e9n Rocha y exigir justicia por la muerte de dos hermanos de 9 y 12 a\u00f1os baleados junto con su padre la madrugada del domingo pasado. La manifestaci\u00f3n lleg\u00f3 hasta el Palacio de Gobierno al que irrumpieron violentamente para exigir hablar con el mandatario estatal cuya gesti\u00f3n se ha visto envuelta en presuntas complicidades con los\u00a0c\u00e1rteles de la droga y la muerte violenta de uno de sus principales adversarios pol\u00edticos, el ex rector de la Universidad de Sinaloa, H\u00e9ctor Melesio Cu\u00e9n Ojeda, el mismo d\u00eda y en el mismo lugar en que fue levantado Ismael \u201cEl Mayo\u201d Zambada para ser entregado en Estados Unidos. S\u00ed, la gente se cansa. Hoy es Sinaloa y ma\u00f1ana\u2026\n<p><figure id=\"attachment_2899\" aria-describedby=\"caption-attachment-2899\" style=\"width: 290px\" class=\"wp-caption alignleft\"><a href=\"https:\/\/elcorreodeoaxaca.com\/wp-content\/uploads\/2025\/01\/gran-.-Mexico-te-abraza.jpg\"><img loading=\"lazy\" decoding=\"async\" class=\"size-medium wp-image-2899\" src=\"https:\/\/elcorreodeoaxaca.com\/wp-content\/uploads\/2025\/01\/gran-.-Mexico-te-abraza-300x200.jpg\" alt=\"\" width=\"300\" height=\"200\" srcset=\"https:\/\/elcorreodeoaxaca.com\/wp-content\/uploads\/2025\/01\/gran-.-Mexico-te-abraza-300x200.jpg 300w, https:\/\/elcorreodeoaxaca.com\/wp-content\/uploads\/2025\/01\/gran-.-Mexico-te-abraza-335x223.jpg 335w, https:\/\/elcorreodeoaxaca.com\/wp-content\/uploads\/2025\/01\/gran-.-Mexico-te-abraza-272x182.jpg 272w, https:\/\/elcorreodeoaxaca.com\/wp-content\/uploads\/2025\/01\/gran-.-Mexico-te-abraza-720x480.jpg 720w, https:\/\/elcorreodeoaxaca.com\/wp-content\/uploads\/2025\/01\/gran-.-Mexico-te-abraza.jpg 756w\" sizes=\"auto, (max-width: 300px) 100vw, 300px\" \/><\/a><figcaption id=\"caption-attachment-2899\" class=\"wp-caption-text\">\u00abM\u00e9xico te abraza<\/figcaption><\/figure><\/li>\n<li><strong> INAI: INTERESES PERVERSOS.<\/strong> Que no se aceleren los interesados en ver al INAI\u00a0saltar en pedazos. La Auditor\u00eda Superior de la Federaci\u00f3n (ASF) dar\u00e1 a conocer hasta los\u00a0\u00faltimos d\u00edas de febrero pr\u00f3ximo los resultados finales de la auditor\u00eda 2023 practicada al\u00a0Instituto. Hay intereses que quieren enlodar al presidente Adri\u00e1n Alcal\u00e1, pero la realidad es\u00a0que su gesti\u00f3n de trece meses al frente del INAI no es investigada por nadie. Los promotores de esa versi\u00f3n se van a quedar con las ganas de verlo se\u00f1alado en los resultados de la ASF. Solo es ruido.\n<p><figure id=\"attachment_2908\" aria-describedby=\"caption-attachment-2908\" style=\"width: 290px\" class=\"wp-caption alignright\"><a href=\"https:\/\/elcorreodeoaxaca.com\/wp-content\/uploads\/2025\/01\/gran-INAI.jpg\"><img loading=\"lazy\" decoding=\"async\" class=\"size-medium wp-image-2908\" src=\"https:\/\/elcorreodeoaxaca.com\/wp-content\/uploads\/2025\/01\/gran-INAI-300x187.jpg\" alt=\"\" width=\"300\" height=\"187\" srcset=\"https:\/\/elcorreodeoaxaca.com\/wp-content\/uploads\/2025\/01\/gran-INAI-300x187.jpg 300w, https:\/\/elcorreodeoaxaca.com\/wp-content\/uploads\/2025\/01\/gran-INAI-335x209.jpg 335w, https:\/\/elcorreodeoaxaca.com\/wp-content\/uploads\/2025\/01\/gran-INAI.jpg 756w\" sizes=\"auto, (max-width: 300px) 100vw, 300px\" \/><\/a><figcaption id=\"caption-attachment-2908\" class=\"wp-caption-text\">INAI<\/figcaption><\/figure><\/li>\n<li><strong> FRENTE C\u00cdVICO. Guadalupe Acosta Naranjo, <\/strong>expresidente de la c\u00e1mara de Diputados\u00a0y expresidente del PRD entreg\u00f3 al INE el martes pasado la solicitud para constituir como\u00a0partido pol\u00edtico nacional a la organizaci\u00f3n \u201cSomos M\u00e9xico\u201d, emanada de lo que fue la llamada \u201cmarea rosa\u201d y del Frente C\u00edvico Nacional. Para conseguir un registro provisional que se ratificar\u00e1 si obtiene tres por ciento del total de votos que se emitan en la pr\u00f3xima elecci\u00f3n federal, deber\u00e1 afiliar -al igual que los otros solicitantes- a 256 mil 30 personas, el equivalente a 0.26% del padr\u00f3n electoral federal de la elecci\u00f3n anterior. Adem\u00e1s, deber\u00e1 realizar y acreditar veinte asambleas estatales\u00a0con al menos\u00a0tres mil asistentes\u00a0en cada una o\u00a0doscientas asambleas distritales\u00a0con una asistencia m\u00ednima de\u00a0300 personas.\u00a0El per\u00edodo de afiliaciones y asambleas vence en febrero de 2026, pero Acosta Naranjo estim\u00f3 que tendr\u00e1n cumplidos los requisitos en diciembre de ese mismo a\u00f1o. El Frente C\u00edvico Nacional se\u00a0present\u00f3 como una de las organizaciones ciudadanas que se aliaron con PAN, PRI y PRD\u00a0en la coalici\u00f3n Fuerza y Coraz\u00f3n por M\u00e9xico para postular a X\u00f3chitl G\u00e1lvez en la elecci\u00f3n presidencial del a\u00f1o pasado. Entre sus cuadros hay ex panistas como Gustavo Madero, experredistas como el propio Acosta Naranjo y Fernando Belaunzaran e independientes\u00a0como Emilio \u00c1lvarez Icaza.\n<p><figure id=\"attachment_2898\" aria-describedby=\"caption-attachment-2898\" style=\"width: 290px\" class=\"wp-caption alignright\"><a href=\"https:\/\/elcorreodeoaxaca.com\/wp-content\/uploads\/2025\/01\/gran-protestas-en-Culiacan.jpg\"><img loading=\"lazy\" decoding=\"async\" class=\"size-medium wp-image-2898\" src=\"https:\/\/elcorreodeoaxaca.com\/wp-content\/uploads\/2025\/01\/gran-protestas-en-Culiacan-300x169.jpg\" alt=\"\" width=\"300\" height=\"169\" srcset=\"https:\/\/elcorreodeoaxaca.com\/wp-content\/uploads\/2025\/01\/gran-protestas-en-Culiacan-300x169.jpg 300w, https:\/\/elcorreodeoaxaca.com\/wp-content\/uploads\/2025\/01\/gran-protestas-en-Culiacan-335x188.jpg 335w, https:\/\/elcorreodeoaxaca.com\/wp-content\/uploads\/2025\/01\/gran-protestas-en-Culiacan-700x394.jpg 700w, https:\/\/elcorreodeoaxaca.com\/wp-content\/uploads\/2025\/01\/gran-protestas-en-Culiacan.jpg 756w\" sizes=\"auto, (max-width: 300px) 100vw, 300px\" \/><\/a><figcaption id=\"caption-attachment-2898\" class=\"wp-caption-text\">Protestas en Culiac\u00e1n<\/figcaption><\/figure><\/li>\n<li><strong> \u201cREGRESO A CASA\u201d. <\/strong>Adem\u00e1s del programa \u201cM\u00e9xico te abraza\u201d que ha puesto en marcha el gobierno federal ante la deportaci\u00f3n masiva de migrantes que se anuncia en Estados Unidos, el gobierno de Guerrero, uno de los estados del pa\u00eds con m\u00e1s expulsi\u00f3n de trabajadores indocumentados, inici\u00f3 su propio programa de apoyo a paisanos. Se trata de \u201cRegreso a casa\u201d dise\u00f1ado para ofrecer asistencia a deportados que carecen de recursos para regresar a sus lugares de origen. (<a href=\"mailto:rrodriguezangular@hotmail.com\">rrodriguezangular@hotmail.com<\/a>,<\/li>\n<\/ol>\n<p>@RaulRodriguezC ,\u00a0<a href=\"http:\/\/raulrodriguezcortes.com.mx\/\">raulrodriguezcortes.com.mx<\/a>\u00a0)<\/p>\n","protected":false},"excerpt":{"rendered":"<p>Ra\u00fal Rodr\u00edguez Cort\u00e9s Que burdos y limitados se exhiben algunos pol\u00edticos y analistas al sugerir que las agresivas pol\u00edticas contra M\u00e9xico puestas en marcha por Donald Trump al iniciar su segundo mandato son resultado de la incompetencia de los gobiernos de L\u00f3pez Obrador y Claudia Sheinbaum y su presunta complicidad con el narcotr\u00e1fico. Sugieren, perturbadora &#8230;<\/p>\n","protected":false},"author":1,"featured_media":2905,"comment_status":"open","ping_status":"open","sticky":false,"template":"","format":"standard","meta":{"footnotes":""},"categories":[19],"tags":[],"class_list":["post-2897","post","type-post","status-publish","format-standard","has-post-thumbnail","hentry","category-columna"],"_links":{"self":[{"href":"https:\/\/elcorreodeoaxaca.com\/index.php?rest_route=\/wp\/v2\/posts\/2897","targetHints":{"allow":["GET"]}}],"collection":[{"href":"https:\/\/elcorreodeoaxaca.com\/index.php?rest_route=\/wp\/v2\/posts"}],"about":[{"href":"https:\/\/elcorreodeoaxaca.com\/index.php?rest_route=\/wp\/v2\/types\/post"}],"author":[{"embeddable":true,"href":"https:\/\/elcorreodeoaxaca.com\/index.php?rest_route=\/wp\/v2\/users\/1"}],"replies":[{"embeddable":true,"href":"https:\/\/elcorreodeoaxaca.com\/index.php?rest_route=%2Fwp%2Fv2%2Fcomments&post=2897"}],"version-history":[{"count":1,"href":"https:\/\/elcorreodeoaxaca.com\/index.php?rest_route=\/wp\/v2\/posts\/2897\/revisions"}],"predecessor-version":[{"id":2911,"href":"https:\/\/elcorreodeoaxaca.com\/index.php?rest_route=\/wp\/v2\/posts\/2897\/revisions\/2911"}],"wp:featuredmedia":[{"embeddable":true,"href":"https:\/\/elcorreodeoaxaca.com\/index.php?rest_route=\/wp\/v2\/media\/2905"}],"wp:attachment":[{"href":"https:\/\/elcorreodeoaxaca.com\/index.php?rest_route=%2Fwp%2Fv2%2Fmedia&parent=2897"}],"wp:term":[{"taxonomy":"category","embeddable":true,"href":"https:\/\/elcorreodeoaxaca.com\/index.php?rest_route=%2Fwp%2Fv2%2Fcategories&post=2897"},{"taxonomy":"post_tag","embeddable":true,"href":"https:\/\/elcorreodeoaxaca.com\/index.php?rest_route=%2Fwp%2Fv2%2Ftags&post=2897"}],"curies":[{"name":"wp","href":"https:\/\/api.w.org\/{rel}","templated":true}]}}