{"id":2653,"date":"2025-01-18T20:53:47","date_gmt":"2025-01-19T02:53:47","guid":{"rendered":"https:\/\/elcorreodeoaxaca.com\/?p=2653"},"modified":"2025-01-18T20:54:24","modified_gmt":"2025-01-19T02:54:24","slug":"david-lopez-roberto-calleja-mario-sanchez-los-hombres-del-25-de-comision-17","status":"publish","type":"post","link":"https:\/\/elcorreodeoaxaca.com\/?p=2653","title":{"rendered":"David L\u00f3pez, Roberto calleja, Mario S\u00e1nchez : Los hombres del 25% de comisi\u00f3n"},"content":{"rendered":"<p><a href=\"https:\/\/elcorreodeoaxaca.com\/wp-content\/uploads\/2025\/01\/35-scaled.jpg\"><img loading=\"lazy\" decoding=\"async\" class=\"aligncenter wp-image-2654 size-large\" src=\"https:\/\/elcorreodeoaxaca.com\/wp-content\/uploads\/2025\/01\/35-800x1024.jpg\" alt=\"\" width=\"800\" height=\"1024\" srcset=\"https:\/\/elcorreodeoaxaca.com\/wp-content\/uploads\/2025\/01\/35-800x1024.jpg 800w, https:\/\/elcorreodeoaxaca.com\/wp-content\/uploads\/2025\/01\/35-234x300.jpg 234w, https:\/\/elcorreodeoaxaca.com\/wp-content\/uploads\/2025\/01\/35-768x983.jpg 768w, https:\/\/elcorreodeoaxaca.com\/wp-content\/uploads\/2025\/01\/35-1199x1536.jpg 1199w, https:\/\/elcorreodeoaxaca.com\/wp-content\/uploads\/2025\/01\/35-1599x2048.jpg 1599w, https:\/\/elcorreodeoaxaca.com\/wp-content\/uploads\/2025\/01\/35-262x335.jpg 262w, https:\/\/elcorreodeoaxaca.com\/wp-content\/uploads\/2025\/01\/35-scaled.jpg 1999w\" sizes=\"auto, (max-width: 800px) 100vw, 800px\" \/><\/a><\/p>\n","protected":false},"excerpt":{"rendered":"","protected":false},"author":1,"featured_media":2654,"comment_status":"open","ping_status":"open","sticky":false,"template":"","format":"standard","meta":{"footnotes":""},"categories":[220],"tags":[],"class_list":["post-2653","post","type-post","status-publish","format-standard","has-post-thumbnail","hentry","category-la-foto"],"_links":{"self":[{"href":"https:\/\/elcorreodeoaxaca.com\/index.php?rest_route=\/wp\/v2\/posts\/2653","targetHints":{"allow":["GET"]}}],"collection":[{"href":"https:\/\/elcorreodeoaxaca.com\/index.php?rest_route=\/wp\/v2\/posts"}],"about":[{"href":"https:\/\/elcorreodeoaxaca.com\/index.php?rest_route=\/wp\/v2\/types\/post"}],"author":[{"embeddable":true,"href":"https:\/\/elcorreodeoaxaca.com\/index.php?rest_route=\/wp\/v2\/users\/1"}],"replies":[{"embeddable":true,"href":"https:\/\/elcorreodeoaxaca.com\/index.php?rest_route=%2Fwp%2Fv2%2Fcomments&post=2653"}],"version-history":[{"count":1,"href":"https:\/\/elcorreodeoaxaca.com\/index.php?rest_route=\/wp\/v2\/posts\/2653\/revisions"}],"predecessor-version":[{"id":2655,"href":"https:\/\/elcorreodeoaxaca.com\/index.php?rest_route=\/wp\/v2\/posts\/2653\/revisions\/2655"}],"wp:featuredmedia":[{"embeddable":true,"href":"https:\/\/elcorreodeoaxaca.com\/index.php?rest_route=\/wp\/v2\/media\/2654"}],"wp:attachment":[{"href":"https:\/\/elcorreodeoaxaca.com\/index.php?rest_route=%2Fwp%2Fv2%2Fmedia&parent=2653"}],"wp:term":[{"taxonomy":"category","embeddable":true,"href":"https:\/\/elcorreodeoaxaca.com\/index.php?rest_route=%2Fwp%2Fv2%2Fcategories&post=2653"},{"taxonomy":"post_tag","embeddable":true,"href":"https:\/\/elcorreodeoaxaca.com\/index.php?rest_route=%2Fwp%2Fv2%2Ftags&post=2653"}],"curies":[{"name":"wp","href":"https:\/\/api.w.org\/{rel}","templated":true}]}}