{"id":2573,"date":"2025-01-11T22:44:57","date_gmt":"2025-01-12T04:44:57","guid":{"rendered":"https:\/\/elcorreodeoaxaca.com\/?p=2573"},"modified":"2025-01-11T22:44:57","modified_gmt":"2025-01-12T04:44:57","slug":"santa-anna-ayer-y-hoy-polkos-y-trompos","status":"publish","type":"post","link":"https:\/\/elcorreodeoaxaca.com\/?p=2573","title":{"rendered":"Santa Anna ayer y hoy: polkos y trompos"},"content":{"rendered":"<p style=\"text-align: center;\"><em><strong>Pedro Salmer\u00f3n Sangin\u00e9s\/La Jornada<\/strong><\/em><\/p>\n<figure id=\"attachment_2578\" aria-describedby=\"caption-attachment-2578\" style=\"width: 137px\" class=\"wp-caption alignright\"><a href=\"https:\/\/elcorreodeoaxaca.com\/wp-content\/uploads\/2025\/01\/Pedro-_pedro_maria_anaya.jpg\"><img loading=\"lazy\" decoding=\"async\" class=\"size-medium wp-image-2578\" src=\"https:\/\/elcorreodeoaxaca.com\/wp-content\/uploads\/2025\/01\/Pedro-_pedro_maria_anaya-147x300.jpg\" alt=\"\" width=\"147\" height=\"300\" srcset=\"https:\/\/elcorreodeoaxaca.com\/wp-content\/uploads\/2025\/01\/Pedro-_pedro_maria_anaya-147x300.jpg 147w, https:\/\/elcorreodeoaxaca.com\/wp-content\/uploads\/2025\/01\/Pedro-_pedro_maria_anaya-164x335.jpg 164w, https:\/\/elcorreodeoaxaca.com\/wp-content\/uploads\/2025\/01\/Pedro-_pedro_maria_anaya.jpg 441w\" sizes=\"auto, (max-width: 147px) 100vw, 147px\" \/><\/a><figcaption id=\"caption-attachment-2578\" class=\"wp-caption-text\">Pedro Mar\u00eda Anaya<\/figcaption><\/figure>\n<p>En mi anterior entrega afirm\u00e9\u00a0que de 1834 a 1855 Santa Anna fue el campe\u00f3n de la pol\u00edtica del privilegio y la antidemocracia, y esper\u00e9 que alguien encontrara la trampa. Nadie lo hizo as\u00ed que va: lo fue salvo en la excepcional coyuntura de 1846-1847, cuando incluso muchos pol\u00edticos del privilegio y la Iglesia pensaron que se necesitaba el regreso de los federalistas puros para galvanizar al pueblo en defensa de la patria amenazada. Y es que hab\u00edan sido vencidos en los campos de batalla los generales Arista y Ampudia; y se hab\u00edan desprestigiado hasta la ignominia los generales que acompa\u00f1aron a Paredes, quien us\u00f3 al ej\u00e9rcito que deb\u00eda combatir al invasor para dar un cuartelazo con el que \u201cse entronizaba resuelto en el poder el partido antindependiente, el de las clases, el del trono y el altar, y se entronizaba a plantear el sistema mon\u00e1rquico\u2026 Paredes, como casi todos los generales, era ignorant\u00edsimo; su admiraci\u00f3n por el sistema espa\u00f1ol, profundo, y su odio a la canalla (el pueblo), invencible\u201d.<\/p>\n<p>Hasta los oligarcas abandonaron a Paredes y dejaron que entraran Santa Anna-G\u00f3mez Far\u00edas y se restableciera la Rep\u00fablica popular y federal: Santa Anna para mandar al ej\u00e9rcito y, como result\u00f3, como garant\u00eda para frenar a los liberales en caso de necesidad; y G\u00f3mez Far\u00edas, cabeza del partido popular-federalista, para gobernar.<\/p>\n<figure id=\"attachment_2576\" aria-describedby=\"caption-attachment-2576\" style=\"width: 165px\" class=\"wp-caption alignright\"><a href=\"https:\/\/elcorreodeoaxaca.com\/wp-content\/uploads\/2025\/01\/pedro-lucas-alaman.jpg\"><img loading=\"lazy\" decoding=\"async\" class=\"size-medium wp-image-2576\" src=\"https:\/\/elcorreodeoaxaca.com\/wp-content\/uploads\/2025\/01\/pedro-lucas-alaman-175x300.jpg\" alt=\"\" width=\"175\" height=\"300\" srcset=\"https:\/\/elcorreodeoaxaca.com\/wp-content\/uploads\/2025\/01\/pedro-lucas-alaman-175x300.jpg 175w, https:\/\/elcorreodeoaxaca.com\/wp-content\/uploads\/2025\/01\/pedro-lucas-alaman-196x335.jpg 196w, https:\/\/elcorreodeoaxaca.com\/wp-content\/uploads\/2025\/01\/pedro-lucas-alaman.jpg 441w\" sizes=\"auto, (max-width: 175px) 100vw, 175px\" \/><\/a><figcaption id=\"caption-attachment-2576\" class=\"wp-caption-text\">Lucas Alaman<\/figcaption><\/figure>\n<p>Muchos mexicanos siguen creyendo, porque as\u00ed nos lo ense\u00f1aron, que Santa Anna lleg\u00f3 tras comprometerse con los gringos a traicionar a la patria. No creo que haya sido as\u00ed, por razones que ya he explicado (<a href=\"https:\/\/www.jornada.com.mx\/2015\/07\/28\/opinion\/014a2pol\">https:\/\/www.jornada.com.mx\/2015\/07\/ 28\/opinion\/014a2pol<\/a>).<\/p>\n<p>Creo que no traicion\u00f3 a la patria en 1847, pero s\u00ed mostr\u00f3 su verdadero talante al defenestrar \u00a1otra vez!, al vicepresidente G\u00f3mez Far\u00edas. A media guerra, cuando miles de voluntarios y patriotas marchaban hacia el norte en pleno invierno y exist\u00eda una ingente necesidad de recursos para reunir y armar otro ej\u00e9rcito que respondiera a la amenaza que se cern\u00eda sobre Veracruz, G\u00f3mez Far\u00edas, apoyado por el Congreso mayoritariamente liberal, emiti\u00f3 una serie de leyes para que algunos bienes del clero fueran expropiados y subastados, hasta obtener 20 millones de pesos.<\/p>\n<p>\u201cEntonces y con una celeridad que pod\u00eda hacer aparecer como perezoso al rayo, se extendi\u00f3, cundi\u00f3, se filtr\u00f3\u2026 el encono y la alarma por la presencia de G\u00f3mez Far\u00edas en el poder. Monjas, frailes, sacristanes, devotos\u2026 con rezos y preces, con triduos y lloros, desataron odios y anatemas\u2026 presentando la misma traici\u00f3n a la patria como prueba de amor a Dios y m\u00e9ritos para alcanzar la gloria. Far\u00edas, inflexible, pugnaba por llevar adelante la ocupaci\u00f3n de los bienes del clero.\u201d<\/p>\n<figure id=\"attachment_2575\" aria-describedby=\"caption-attachment-2575\" style=\"width: 148px\" class=\"wp-caption alignright\"><a href=\"https:\/\/elcorreodeoaxaca.com\/wp-content\/uploads\/2025\/01\/pedro-Antonio-Lopez-de-Santa-Anna.jpg\"><img loading=\"lazy\" decoding=\"async\" class=\"size-medium wp-image-2575\" src=\"https:\/\/elcorreodeoaxaca.com\/wp-content\/uploads\/2025\/01\/pedro-Antonio-Lopez-de-Santa-Anna-158x300.jpg\" alt=\"\" width=\"158\" height=\"300\" srcset=\"https:\/\/elcorreodeoaxaca.com\/wp-content\/uploads\/2025\/01\/pedro-Antonio-Lopez-de-Santa-Anna-158x300.jpg 158w, https:\/\/elcorreodeoaxaca.com\/wp-content\/uploads\/2025\/01\/pedro-Antonio-Lopez-de-Santa-Anna-177x335.jpg 177w, https:\/\/elcorreodeoaxaca.com\/wp-content\/uploads\/2025\/01\/pedro-Antonio-Lopez-de-Santa-Anna.jpg 441w\" sizes=\"auto, (max-width: 158px) 100vw, 158px\" \/><\/a><figcaption id=\"caption-attachment-2575\" class=\"wp-caption-text\">Antonio L\u00f3pez de Santa Anna<\/figcaption><\/figure>\n<p>Y resultado de ello, los batallones de la Guardia Nacional de la Ciudad de M\u00e9xico, que ten\u00edan la orden de marchar a Veracruz para repeler al invasor (batallones integrados por j\u00f3venes de clases medias y acomodadas), se levantaron en armas el 27 de febrero de 1847 contra esas leyes y contra G\u00f3mez Far\u00edas. Se combati\u00f3 unos d\u00edas en la Ciudad de M\u00e9xico hasta que regres\u00f3 Santa Anna de la batalla de la Angostura (22 y 23 de febrero, cerca de Saltillo), supuestamente vencedor, y defenestr\u00f3 a G\u00f3mez Far\u00edas, derog\u00f3 las leyes que apenas si rozaban el poder de la Iglesia y march\u00f3 a Veracruz, sitiado por los yanquis desde el 9 de marzo, cuando quienes deb\u00edan defender el puerto luchaban contra el gobierno. G\u00f3mez Far\u00edas se fue al exilio y en su lugar quedaron los\u00a0hombres de bien\u00a0o conservadores, con Pedro Mar\u00eda Anaya como presidente provisional. No lleg\u00f3 Santa Anna a Veracruz: en Cerro Gordo, cerca de Xalapa, fue humillantemente vencido por el invasor extranjero y seis meses despu\u00e9s la guerra estaba perdida.<\/p>\n<p>Puede ser que Santa Anna no fuera traidor en 1847, pero en 1853, respaldado plenamente por el partido Conservador y su jefe, Lucas Alam\u00e1n, entreg\u00f3 La Mesilla a los yanquis (casi 77 mil kil\u00f3metros cuadrados de territorio, incluidas las poblaciones de Tucson, La Mesilla y otras) segregados de Sonora y Chihuahua en beneficio de Arizona y Nuevo M\u00e9xico y comprometi\u00f3 seriamente la soberan\u00eda del Istmo de Tehuantepec\u2026 y los conservadores lo siguieron \u00adrespaldando.<\/p>\n<figure id=\"attachment_2574\" aria-describedby=\"caption-attachment-2574\" style=\"width: 290px\" class=\"wp-caption alignright\"><a href=\"https:\/\/elcorreodeoaxaca.com\/wp-content\/uploads\/2025\/01\/pedro-en-1853-entregaron.jpg\"><img loading=\"lazy\" decoding=\"async\" class=\"size-medium wp-image-2574\" src=\"https:\/\/elcorreodeoaxaca.com\/wp-content\/uploads\/2025\/01\/pedro-en-1853-entregaron-300x223.jpg\" alt=\"\" width=\"300\" height=\"223\" srcset=\"https:\/\/elcorreodeoaxaca.com\/wp-content\/uploads\/2025\/01\/pedro-en-1853-entregaron-300x223.jpg 300w, https:\/\/elcorreodeoaxaca.com\/wp-content\/uploads\/2025\/01\/pedro-en-1853-entregaron-335x249.jpg 335w, https:\/\/elcorreodeoaxaca.com\/wp-content\/uploads\/2025\/01\/pedro-en-1853-entregaron.jpg 756w\" sizes=\"auto, (max-width: 300px) 100vw, 300px\" \/><\/a><figcaption id=\"caption-attachment-2574\" class=\"wp-caption-text\">En 1853 entregaron La Mesilla<\/figcaption><\/figure>\n<p>En 1847 y en 1853 los conservadores antepusieron la defensa de sus intereses y de los privilegios a la defensa de la patria. Los\u00a0l\u00e9peros, la\u00a0canalla\u00a0de los barrios ind\u00edgenas que rodeaban por el norte, oriente y sur la pretendidamente aristocr\u00e1tica Ciudad de M\u00e9xico, base popular y electoral de los federalistas radicales, bautiz\u00f3 sabiamente a los rebeldes de 1847 como\u00a0<em>polkos<\/em>\u00a0porque objetivamente, sirvieron al presidente yanqui agresor, James K. Polk. \u00bfA los que hoy festejan las brutales declaraciones y amenazas de Donald Trump habr\u00e1 que llamarlos\u00a0<em>trompos<\/em>, en recuerdo de aquellos\u00a0<em>polkos<\/em>?<\/p>\n<p>(Pd. Sin duda, hay que matizar sobre Santa Anna, Alam\u00e1n y los conservadores, pero no sobre\u00a0<em>polkos\u00a0<\/em>ni\u00a0<em>trompos<\/em>. Las citas textuales del genial Guillermo Prieto,\u00a0<em>Memorias de mis tiempos.<\/em>)<\/p>\n","protected":false},"excerpt":{"rendered":"<p>Pedro Salmer\u00f3n Sangin\u00e9s\/La Jornada En mi anterior entrega afirm\u00e9\u00a0que de 1834 a 1855 Santa Anna fue el campe\u00f3n de la pol\u00edtica del privilegio y la antidemocracia, y esper\u00e9 que alguien encontrara la trampa. Nadie lo hizo as\u00ed que va: lo fue salvo en la excepcional coyuntura de 1846-1847, cuando incluso muchos pol\u00edticos del privilegio y &#8230;<\/p>\n","protected":false},"author":1,"featured_media":2577,"comment_status":"open","ping_status":"open","sticky":false,"template":"","format":"standard","meta":{"footnotes":""},"categories":[18],"tags":[],"class_list":["post-2573","post","type-post","status-publish","format-standard","has-post-thumbnail","hentry","category-opinion"],"_links":{"self":[{"href":"https:\/\/elcorreodeoaxaca.com\/index.php?rest_route=\/wp\/v2\/posts\/2573","targetHints":{"allow":["GET"]}}],"collection":[{"href":"https:\/\/elcorreodeoaxaca.com\/index.php?rest_route=\/wp\/v2\/posts"}],"about":[{"href":"https:\/\/elcorreodeoaxaca.com\/index.php?rest_route=\/wp\/v2\/types\/post"}],"author":[{"embeddable":true,"href":"https:\/\/elcorreodeoaxaca.com\/index.php?rest_route=\/wp\/v2\/users\/1"}],"replies":[{"embeddable":true,"href":"https:\/\/elcorreodeoaxaca.com\/index.php?rest_route=%2Fwp%2Fv2%2Fcomments&post=2573"}],"version-history":[{"count":1,"href":"https:\/\/elcorreodeoaxaca.com\/index.php?rest_route=\/wp\/v2\/posts\/2573\/revisions"}],"predecessor-version":[{"id":2579,"href":"https:\/\/elcorreodeoaxaca.com\/index.php?rest_route=\/wp\/v2\/posts\/2573\/revisions\/2579"}],"wp:featuredmedia":[{"embeddable":true,"href":"https:\/\/elcorreodeoaxaca.com\/index.php?rest_route=\/wp\/v2\/media\/2577"}],"wp:attachment":[{"href":"https:\/\/elcorreodeoaxaca.com\/index.php?rest_route=%2Fwp%2Fv2%2Fmedia&parent=2573"}],"wp:term":[{"taxonomy":"category","embeddable":true,"href":"https:\/\/elcorreodeoaxaca.com\/index.php?rest_route=%2Fwp%2Fv2%2Fcategories&post=2573"},{"taxonomy":"post_tag","embeddable":true,"href":"https:\/\/elcorreodeoaxaca.com\/index.php?rest_route=%2Fwp%2Fv2%2Ftags&post=2573"}],"curies":[{"name":"wp","href":"https:\/\/api.w.org\/{rel}","templated":true}]}}