{"id":2473,"date":"2025-01-06T08:06:49","date_gmt":"2025-01-06T14:06:49","guid":{"rendered":"https:\/\/elcorreodeoaxaca.com\/?p=2473"},"modified":"2025-01-06T08:06:49","modified_gmt":"2025-01-06T14:06:49","slug":"oaxaca-ingobernable-como-en-gobierno-de-gabino-regresan-partos-fortuitos-nace-bebe-entre-sillas-de-hospital","status":"publish","type":"post","link":"https:\/\/elcorreodeoaxaca.com\/?p=2473","title":{"rendered":"Oaxaca ingobernable\u2026 : Como en gobierno de Gabino, regresan partos  fortuitos; nace beb\u00e9 entre sillas de hospital"},"content":{"rendered":"<ul>\n<li>Detectaron 50 \u201cfocos rojos\u201d en municipios por relevo de autoridades; llegaron los nuevos\u00a0\u00a0mun\u00edcipes<\/li>\n<li>Mataron a la ex alcaldesa de Mesones Hidalgo, Patricia Mayoli Miguel Rojas; ocurri\u00f3 en una ferreter\u00eda<\/li>\n<li>Asesinan a marido y mujer la noche en calles de Ciudad Ixtepec; reciben 9 disparos de arma de fuego<\/li>\n<li>Protestan frente a palacio habitantes de San J. Cotzoc\u00f3n; les anulan elecci\u00f3n; El IEEPC y violencia pol\u00edtica<\/li>\n<li>Bur\u00f3cratas, sin apoyo de sindicato, protestaron en palacio de gobierno; Rafael Rosas, entreg\u00f3 movimiento<\/li>\n<li>El 2 de febrero, el MULT marchar\u00e1 a la CDMX y a Oaxaca capital; protestar\u00e1n por asesinatos de sus miembros<\/li>\n<\/ul>\n<p style=\"text-align: center;\"><em><strong>Quadrat\u00edn\/Marca\/IGAVEC<\/strong><\/em><\/p>\n<p>Enero 2\/2025.- Un beb\u00e9 naci\u00f3 en las sillas de un hospital, en Huajuapan de Le\u00f3n, a donde su madre acudi\u00f3 para recibir atenci\u00f3n m\u00e9dica.<\/p>\n<figure id=\"attachment_2474\" aria-describedby=\"caption-attachment-2474\" style=\"width: 290px\" class=\"wp-caption alignright\"><a href=\"https:\/\/elcorreodeoaxaca.com\/wp-content\/uploads\/2025\/01\/ingo-mesones-hidalgo-putla.jpeg\"><img loading=\"lazy\" decoding=\"async\" class=\"size-medium wp-image-2474\" src=\"https:\/\/elcorreodeoaxaca.com\/wp-content\/uploads\/2025\/01\/ingo-mesones-hidalgo-putla-300x181.jpeg\" alt=\"\" width=\"300\" height=\"181\" srcset=\"https:\/\/elcorreodeoaxaca.com\/wp-content\/uploads\/2025\/01\/ingo-mesones-hidalgo-putla-300x181.jpeg 300w, https:\/\/elcorreodeoaxaca.com\/wp-content\/uploads\/2025\/01\/ingo-mesones-hidalgo-putla-335x202.jpeg 335w, https:\/\/elcorreodeoaxaca.com\/wp-content\/uploads\/2025\/01\/ingo-mesones-hidalgo-putla.jpeg 756w\" sizes=\"auto, (max-width: 300px) 100vw, 300px\" \/><\/a><figcaption id=\"caption-attachment-2474\" class=\"wp-caption-text\">Mesones Hidalgo, Putla<\/figcaption><\/figure>\n<p>Seg\u00fan el antecedente, la mujer lleg\u00f3 el 1 de enero a las 13 horas, con contracciones, al hospital general Pilar S\u00e1nchez Villavicencio.<\/p>\n<p>Pero, el personal le sugiri\u00f3 esperar, para que hubiera mayor dilataci\u00f3n.<\/p>\n<p>La mujer volvi\u00f3 una hora despu\u00e9s, pero una vez m\u00e1s, le pidieron esperar.<\/p>\n<p>Esper\u00f3, pero esta vez, para dar a luz. Su beb\u00e9 naci\u00f3 entre las sillas, en donde se rompi\u00f3 la fuente y qued\u00f3 sangrado.<\/p>\n<p>Fue entonces cuando intervino el personal de enfermer\u00eda para atender a la madre e hijo y de limpieza para quitar el rastro de los fluidos en la sala de espera.<\/p>\n<p>Esto \u00faltimo fue grabado por un usuario del nosocomio, un video que se hizo viral mostrando las condiciones posteriores al parto.<\/p>\n<p><strong>ASESINAN A EX EDIL DE MESONES\u00a0<\/strong><\/p>\n<p><strong>HIDALGO EN PUTLA DE GUERRERO<\/strong><\/p>\n<figure id=\"attachment_2483\" aria-describedby=\"caption-attachment-2483\" style=\"width: 290px\" class=\"wp-caption alignright\"><a href=\"https:\/\/elcorreodeoaxaca.com\/wp-content\/uploads\/2025\/01\/INGO-SAN-JUAN-GUICHICOVI.png\"><img loading=\"lazy\" decoding=\"async\" class=\"size-medium wp-image-2483\" src=\"https:\/\/elcorreodeoaxaca.com\/wp-content\/uploads\/2025\/01\/INGO-SAN-JUAN-GUICHICOVI-300x131.png\" alt=\"\" width=\"300\" height=\"131\" srcset=\"https:\/\/elcorreodeoaxaca.com\/wp-content\/uploads\/2025\/01\/INGO-SAN-JUAN-GUICHICOVI-300x131.png 300w, https:\/\/elcorreodeoaxaca.com\/wp-content\/uploads\/2025\/01\/INGO-SAN-JUAN-GUICHICOVI-335x147.png 335w, https:\/\/elcorreodeoaxaca.com\/wp-content\/uploads\/2025\/01\/INGO-SAN-JUAN-GUICHICOVI.png 756w\" sizes=\"auto, (max-width: 300px) 100vw, 300px\" \/><\/a><figcaption id=\"caption-attachment-2483\" class=\"wp-caption-text\">San Juan Guichicovi. Alerta por relevo municipal<\/figcaption><\/figure>\n<p>Diciembre 27\/2024.- Autoridades confirmaron el homicidio de la expresidenta municipal de Mesones Hidalgo, en el Distrito de Putla Villa de Guerrero, Patricia Mayoli Miguel Rojas, hecho ocurrido este jueves 26 de diciembre del 2024.<\/p>\n<p>De acuerdo con informaci\u00f3n oficial, la agresi\u00f3n ocurri\u00f3 al interior de una ferreter\u00eda de su propiedad denominada \u00abSan Jos\u00e9 Vigil\u00bb, localizada en la calle de Jalisco del municipio de Putla, en la regi\u00f3n Sierra Sur, donde la v\u00edctima recibi\u00f3 varios disparos por arma de fuego, lo que provoc\u00f3 su muerte.<\/p>\n<p>La Vicefiscal\u00eda Regional de la Mixteca dio a conocer que despleg\u00f3 a un equipo multidisciplinario para realizar los primeros trabajos periciales y ministeriales en el lugar de los hechos, destacando que estas labores se llevan a cabo tomando en cuenta los factores de riesgo en torno a la v\u00edctima.<\/p>\n<p>Patricia tambi\u00e9n ten\u00eda la fundaci\u00f3n \u201cAyudar es Posible- Patricia Moyoli\u201d, dedicada al apoyo para mujeres v\u00edctimas de c\u00e1ncer, donde realizaba campa\u00f1as permanentes de donaci\u00f3n de cabello para hacer pelucas oncol\u00f3gicas.<\/p>\n<p>Hasta el momento se desconoce el m\u00f3vil y generales del o los homicidas.<\/p>\n<p><strong>CRIMEN CON ANTECEDENTES<\/strong><\/p>\n<p><strong>\u00a0DE VIOLENCIA POL\u00cdTICA<\/strong><\/p>\n<p>Patricia Mayoli Miguel Rojas gobern\u00f3 Mesones Hidalgo en el per\u00edodo 2014-2016, un municipio que hasta entonces hab\u00eda sido solamente gobernado por hombres.<\/p>\n<p>Su ascenso al poder le cost\u00f3 el cuestionamiento de sus detractores, muchos de los cuales la persiguieron y hostigaron durante todo su mandato.<\/p>\n<figure id=\"attachment_2482\" aria-describedby=\"caption-attachment-2482\" style=\"width: 290px\" class=\"wp-caption alignright\"><a href=\"https:\/\/elcorreodeoaxaca.com\/wp-content\/uploads\/2025\/01\/Protestan-burocratas-estatales-despedidos-copia.jpg\"><img loading=\"lazy\" decoding=\"async\" class=\"size-medium wp-image-2482\" src=\"https:\/\/elcorreodeoaxaca.com\/wp-content\/uploads\/2025\/01\/Protestan-burocratas-estatales-despedidos-copia-300x169.jpg\" alt=\"\" width=\"300\" height=\"169\" srcset=\"https:\/\/elcorreodeoaxaca.com\/wp-content\/uploads\/2025\/01\/Protestan-burocratas-estatales-despedidos-copia-300x169.jpg 300w, https:\/\/elcorreodeoaxaca.com\/wp-content\/uploads\/2025\/01\/Protestan-burocratas-estatales-despedidos-copia-335x188.jpg 335w, https:\/\/elcorreodeoaxaca.com\/wp-content\/uploads\/2025\/01\/Protestan-burocratas-estatales-despedidos-copia-700x394.jpg 700w, https:\/\/elcorreodeoaxaca.com\/wp-content\/uploads\/2025\/01\/Protestan-burocratas-estatales-despedidos-copia.jpg 756w\" sizes=\"auto, (max-width: 300px) 100vw, 300px\" \/><\/a><figcaption id=\"caption-attachment-2482\" class=\"wp-caption-text\">Protestan bur\u00f3cratas estatales despedidos<\/figcaption><\/figure>\n<p>Tomas de palacio, cierres de carretera, bloqueos en el interior del municipio fueron orquestados por quienes estaban inconformes de que una mujer rigiera los destinos del municipio.<\/p>\n<p>Patricia Mayoli sorte\u00f3 todo tipo de obst\u00e1culos y las amenazas, presentes en todo momento, pudo evadirlas con las denuncias en su tiempo.<\/p>\n<p>Mesones Hidalgo se rige por el sistema normativo interno, lo que antes se conoc\u00eda como usos y costumbres.<\/p>\n<p>Para obtener el reconocimiento de su planilla tuvo que pasar todos los filtros, hasta el Tribunal Electoral del Poder Judicial de la Federaci\u00f3n (TEPJF) pues la \u00fanica raz\u00f3n por la que la impugnaba era por ser mujer.<\/p>\n<p>Los conflictos pol\u00edticos en Mesones Hidalgo se han caracterizado por el uso de la violencia armada, con ataques directos contra candidatos, funcionarios p\u00fablicos y sus familias.<\/p>\n<p>Estos actos violentos han generado un clima de miedo y desconfianza entre la poblaci\u00f3n.<\/p>\n<p>El control de territorios estrat\u00e9gicos, como las carreteras y los recursos naturales, tambi\u00e9n ha sido un motivo de conflicto en Mesones Hidalgo. Los grupos armados han utilizado la violencia para asegurar su dominio sobre estas zonas.<\/p>\n<p>Diez a\u00f1os despu\u00e9s de su mandato, ocurri\u00f3 este crimen que conmocion\u00f3 a la poblaci\u00f3n toda vez que Mayoli manten\u00eda un intenso activismo social en la regi\u00f3n.<\/p>\n<figure id=\"attachment_2477\" aria-describedby=\"caption-attachment-2477\" style=\"width: 141px\" class=\"wp-caption alignright\"><a href=\"https:\/\/elcorreodeoaxaca.com\/wp-content\/uploads\/2025\/01\/INGO-PATRICIA-mAYOLI.jpg\"><img loading=\"lazy\" decoding=\"async\" class=\"size-medium wp-image-2477\" src=\"https:\/\/elcorreodeoaxaca.com\/wp-content\/uploads\/2025\/01\/INGO-PATRICIA-mAYOLI-151x300.jpg\" alt=\"\" width=\"151\" height=\"300\" srcset=\"https:\/\/elcorreodeoaxaca.com\/wp-content\/uploads\/2025\/01\/INGO-PATRICIA-mAYOLI-151x300.jpg 151w, https:\/\/elcorreodeoaxaca.com\/wp-content\/uploads\/2025\/01\/INGO-PATRICIA-mAYOLI-168x335.jpg 168w, https:\/\/elcorreodeoaxaca.com\/wp-content\/uploads\/2025\/01\/INGO-PATRICIA-mAYOLI.jpg 441w\" sizes=\"auto, (max-width: 151px) 100vw, 151px\" \/><\/a><figcaption id=\"caption-attachment-2477\" class=\"wp-caption-text\">Patricia Mayoli Miguel Rojas<\/figcaption><\/figure>\n<p>La fiscal\u00eda de Oaxaca inform\u00f3 que inici\u00f3 la carpeta de investigaci\u00f3n y buscar\u00e1 encontrar los contextos que determinen cu\u00e1l fue el m\u00f3vil y qui\u00e9nes los responsables.<\/p>\n<p>El antecedente de sus amenazas se ubica en 2014, cuando la presidenta municipal reclam\u00f3 al entonces gobierno de Gabino Cu\u00e9 la falta de apoyo para meter orden a los desestabilizadores.<\/p>\n<p>Se\u00f1al\u00f3 en ese momento directamente a Samuel Nicol\u00e1s Lucas, quien en su momento realiz\u00f3 bloqueos y un hostigamiento constante.<\/p>\n<p>En 2023, Nicol\u00e1s Lucas, quien tambi\u00e9n gobern\u00f3 el municipio de Mesones Hidalgo, fue atacado a balazos por personas desconocidas y uno de sus colaboradores muri\u00f3.<\/p>\n<p>Ahora, el ataque en contra de la ex alcaldesa vuelve a revivir el conflicto que en su momento fue por cuestiones de g\u00e9nero y derivado de su actividad pol\u00edtica.<\/p>\n<p><strong>DETECTAN 50 \u201cFOCOS ROJOS\u201d\u00a0<\/strong><\/p>\n<p><strong>POR RELEVO DE AUTORIDADES<\/strong><\/p>\n<p>Diciembre 31\/2024.- Autoridades estatales identificaron 50 \u201cfocos rojos\u201d, 25 de ellos de alta conflictividad en igual n\u00famero de municipios de los 221 donde este 1 de enero habr\u00e1 transmisi\u00f3n de poderes y toma de posesi\u00f3n de alcaldes electos.<\/p>\n<p>Para atender cada uno de los casos se ha instalado una mesa de atenci\u00f3n interinstitucional y se ha desplegado una fuerza de seguridad policial con m\u00e1s de mil elementos de la Polic\u00eda Estatal, la Guardia Nacional (GN) y el Ej\u00e9rcito, donde se busca garantizar que el d\u00eda de la transmisi\u00f3n de poderes se pueda realizar en paz y tranquilidad.<\/p>\n<figure id=\"attachment_2485\" aria-describedby=\"caption-attachment-2485\" style=\"width: 290px\" class=\"wp-caption alignright\"><a href=\"https:\/\/elcorreodeoaxaca.com\/wp-content\/uploads\/2025\/01\/ingo-san-jacinto-amilpas.jpeg\"><img loading=\"lazy\" decoding=\"async\" class=\"size-medium wp-image-2485\" src=\"https:\/\/elcorreodeoaxaca.com\/wp-content\/uploads\/2025\/01\/ingo-san-jacinto-amilpas-300x169.jpeg\" alt=\"\" width=\"300\" height=\"169\" srcset=\"https:\/\/elcorreodeoaxaca.com\/wp-content\/uploads\/2025\/01\/ingo-san-jacinto-amilpas-300x169.jpeg 300w, https:\/\/elcorreodeoaxaca.com\/wp-content\/uploads\/2025\/01\/ingo-san-jacinto-amilpas-335x188.jpeg 335w, https:\/\/elcorreodeoaxaca.com\/wp-content\/uploads\/2025\/01\/ingo-san-jacinto-amilpas-700x394.jpeg 700w, https:\/\/elcorreodeoaxaca.com\/wp-content\/uploads\/2025\/01\/ingo-san-jacinto-amilpas.jpeg 756w\" sizes=\"auto, (max-width: 300px) 100vw, 300px\" \/><\/a><figcaption id=\"caption-attachment-2485\" class=\"wp-caption-text\">San Jacinto Amilpas. Posible conflicto<\/figcaption><\/figure>\n<p>Entre los municipios en riesgo se encuentra San Francisco del Mar, donde la planilla perdedora en las elecciones de junio pasado quiere un acuerdo para tener los fondos de dos obras por un mill\u00f3n de pesos y se instale a su gente en 25 direcciones dentro del Ayuntamiento.<\/p>\n<p>En igual circunstancia se alert\u00f3 de otros dos municipios m\u00e1s, San Juan Guichicovi y San Jacinto Amilpas, donde existe la amenaza de toma del palacio municipal.<\/p>\n<p>Otros municipios en atenci\u00f3n son Santa Mar\u00eda Chahuites, Reforma de Pineda, San Francisco Telixtlahuaca, Miahuatl\u00e1n de Porfirio D\u00edaz, Santa Mar\u00eda Mixtequilla, San Bartolom\u00e9 Ayautla, Teopoxco y Tacache de Mina.<\/p>\n<p>Este 1 de enero habr\u00e1n de tomar posesi\u00f3n 221 ayuntamientos, 152 de ellos bajo el r\u00e9gimen de partidos pol\u00edticos, 25 de ellos con censos poblacionales superiores a los 300 mil y 500 mil habitantes, as\u00ed como 69 municipios regidos por Sistemas Normativos Ind\u00edgenas.<\/p>\n<p>Para agilizar la transmisi\u00f3n de poderes, en estos ayuntamientos se han otorgado acreditaciones a 3 mil 399 funcionarios municipales, todos aprobados para ejercer sus puestos tras ser sujetos a capacitaciones y evaluaciones.<\/p>\n<p><strong>PERSISTE CONFLICTO\u00a0<\/strong><\/p>\n<p><strong>EN SAN JUAN COTZOC\u00d3N<\/strong><\/p>\n<p>Enero 3\/2025.- Un grupo de pobladores de San Juan Cotzoc\u00f3n, Mixe, protest\u00f3 en el z\u00f3calo de la ciudad de Oaxaca tras la decisi\u00f3n del Instituto Estatal Electoral y de Participaci\u00f3n Ciudadana de Oaxaca (IEEPCO) de anular la elecci\u00f3n en su comunidad en la que result\u00f3 ganadora Marl\u00e9n Prieto.<\/p>\n<figure id=\"attachment_2480\" aria-describedby=\"caption-attachment-2480\" style=\"width: 137px\" class=\"wp-caption alignright\"><a href=\"https:\/\/elcorreodeoaxaca.com\/wp-content\/uploads\/2025\/01\/Pedro-Castillejos-Villalobos-copia.jpg\"><img loading=\"lazy\" decoding=\"async\" class=\"size-medium wp-image-2480\" src=\"https:\/\/elcorreodeoaxaca.com\/wp-content\/uploads\/2025\/01\/Pedro-Castillejos-Villalobos-copia-147x300.jpg\" alt=\"\" width=\"147\" height=\"300\" srcset=\"https:\/\/elcorreodeoaxaca.com\/wp-content\/uploads\/2025\/01\/Pedro-Castillejos-Villalobos-copia-147x300.jpg 147w, https:\/\/elcorreodeoaxaca.com\/wp-content\/uploads\/2025\/01\/Pedro-Castillejos-Villalobos-copia-164x335.jpg 164w, https:\/\/elcorreodeoaxaca.com\/wp-content\/uploads\/2025\/01\/Pedro-Castillejos-Villalobos-copia.jpg 441w\" sizes=\"auto, (max-width: 147px) 100vw, 147px\" \/><\/a><figcaption id=\"caption-attachment-2480\" class=\"wp-caption-text\">Pedro Castillejos Villalobos<\/figcaption><\/figure>\n<p>La determinaci\u00f3n se dio debido a diversas irregularidades, entre las que destacan denuncias de simulaci\u00f3n y ausencia de una verdadera jornada electoral.<\/p>\n<p>El proceso electoral hab\u00eda sido se\u00f1alado desde su inicio por falta de transparencia, lo que gener\u00f3 descontento en la comunidad. Seg\u00fan los inconformes, no se trat\u00f3 de una elecci\u00f3n leg\u00edtima, sino de un acto simulado para validar una imposici\u00f3n.<\/p>\n<p>Los manifestantes piden la intervenci\u00f3n del Gobierno del Estado para garantizar condiciones adecuadas para una nueva elecci\u00f3n, con un proceso imparcial y libre de arbitrariedades.<\/p>\n<p>En sus demandas tambi\u00e9n rechazaron la posibilidad de que se designe a un administrador municipal, argumentando que este esquema no atiende de manera efectiva las necesidades de las localidades que conforman el municipio.<\/p>\n<p>\u201cLa designaci\u00f3n de un administrador solo complica m\u00e1s las cosas. Queremos que nuestras necesidades sean atendidas correctamente y que se respete nuestra voluntad como comunidad\u201d, expres\u00f3 uno de los manifestantes.<\/p>\n<p>Los pobladores advirtieron que mantendr\u00e1n sus movilizaciones hasta obtener una respuesta concreta por parte de las autoridades estatales. Mientras tanto, la situaci\u00f3n en San Juan Cotzoc\u00f3n sigue siendo un tema de preocupaci\u00f3n para la regi\u00f3n.<\/p>\n<p><strong>CIUDADANOS DE STO. DOMINGO TONAL\u00c1<\/strong><\/p>\n<p><strong>RECHAZAN INFORME DE LA ALCALDE<\/strong><\/p>\n<p>Diciembre 29\/2024.- Habitantes de la Agencia de Natividad se manifestaron durante el tercer informe de Gobierno de la Presidenta Municipal de Santo Domingo Tonal\u00e1, Anal\u00ed Ram\u00edrez Olivera, a quien exigieron realizar la liberaci\u00f3n de los recursos del ramo 28 y fondo IV, del \u00faltimo trimestre del presente a\u00f1o.<\/p>\n<p>Lo anterior, tras argumentar la mun\u00edcipe, la falta de una firma del Comit\u00e9 de Obras en el expediente de la construcci\u00f3n de un pozo profundo, ejecutado en el ejercicio fiscal 2023 en la citada Agencia.<\/p>\n<figure id=\"attachment_2478\" aria-describedby=\"caption-attachment-2478\" style=\"width: 290px\" class=\"wp-caption alignright\"><a href=\"https:\/\/elcorreodeoaxaca.com\/wp-content\/uploads\/2025\/01\/ingo-inconformidad-de-habitantes-de-San-Juan-Cotzocon-Mixe.jpg\"><img loading=\"lazy\" decoding=\"async\" class=\"size-medium wp-image-2478\" src=\"https:\/\/elcorreodeoaxaca.com\/wp-content\/uploads\/2025\/01\/ingo-inconformidad-de-habitantes-de-San-Juan-Cotzocon-Mixe-300x223.jpg\" alt=\"\" width=\"300\" height=\"223\" srcset=\"https:\/\/elcorreodeoaxaca.com\/wp-content\/uploads\/2025\/01\/ingo-inconformidad-de-habitantes-de-San-Juan-Cotzocon-Mixe-300x223.jpg 300w, https:\/\/elcorreodeoaxaca.com\/wp-content\/uploads\/2025\/01\/ingo-inconformidad-de-habitantes-de-San-Juan-Cotzocon-Mixe-335x249.jpg 335w, https:\/\/elcorreodeoaxaca.com\/wp-content\/uploads\/2025\/01\/ingo-inconformidad-de-habitantes-de-San-Juan-Cotzocon-Mixe.jpg 756w\" sizes=\"auto, (max-width: 300px) 100vw, 300px\" \/><\/a><figcaption id=\"caption-attachment-2478\" class=\"wp-caption-text\">Inconformidad de habitantes de San Juan Cotzoc\u00f3n, Mixe<\/figcaption><\/figure>\n<p>Sosteniendo pancartas en mano y gritando consignas, como: \u201cEl pueblo de Natividad exige sus derechos, el pago del fondo IV de octubre, noviembre y diciembre de 2024\u201d, \u201cPresidenta mentirosa\u201d, \u201clo que est\u00e1 diciendo no tiene coherencia\u201d, entre otras m\u00e1s, los inconformes expresaron su enojo y cansancio por lidiar ante la negativa de la alcaldesa.<\/p>\n<p>Mientras que la Presidenta municipal quien rend\u00eda su \u00faltimo informe de Gobierno del periodo 2022-2024, desde el interior del auditorio municipal, refuta desde el p\u00f3dium: \u201cEl di\u00e1logo es imposible se\u00f1ores, pueden comparar las facturas del fondo III, con el apoyo extraordinario que se les est\u00e1 dando y saben que se les est\u00e1 dando y se enojan\u201d, \u201cesto es violencia pol\u00edtica de g\u00e9nero\u201d, as\u00ed como \u201cya se les ha explicado muchas veces y no entienden\u201d.<\/p>\n<p>Fue la tarde del pasado jueves cuando se llev\u00f3 a cabo el informe de la mun\u00edcipe, por lo que, ante las consignas gritadas por parte de los pobladores de Natividad, la situaci\u00f3n gener\u00f3 que Ram\u00edrez Olivera, detuviera su informe de Gobierno, se\u00f1alando que no hab\u00eda condiciones para continuar llev\u00e1ndolo a cabo, adem\u00e1s, de que asegur\u00f3 era una falta de respeto el que los inconformes protestaron en el mismo. Lo anterior para evitar cualquier eventualidad que pudiera presentarse.<\/p>\n<p>Cabe destacar, que la actual Presidenta de Tonal\u00e1 particip\u00f3 en las elecciones pasadas donde se reeligi\u00f3 nuevamente para el cargo, sin embargo, no sali\u00f3 victoriosa, pero result\u00f3 acreedora a una Regidur\u00eda, por lo que en entrevista a medios locales expres\u00f3 analizar la posibilidad de renunciar a su cargo pues afirm\u00f3 que existe desestabilidad en su Gobierno a unos d\u00edas de que concluya y acus\u00f3 al Presidente electo de generarla.<\/p>\n<p><strong>REINSTALAR\u00c1N<\/strong> <strong>A 667 BUR\u00d3CRATAS;\u00a0<\/strong><\/p>\n<p><strong>LA MITAD DE LOS AFECTADOS<\/strong><\/p>\n<p>Diciembre 30\/2024.- El secretario general del Sindicato de Trabajadores de los Poderes del Estado e Instituciones Descentralizadas de Car\u00e1cter Estatal de Oaxaca (Stpeidceo), Pedro Castillejos Villalobos, inform\u00f3 sobre la reinstalaci\u00f3n de 667 trabajadores a partir del 1 de enero.<\/p>\n<figure id=\"attachment_2486\" aria-describedby=\"caption-attachment-2486\" style=\"width: 290px\" class=\"wp-caption alignright\"><a href=\"https:\/\/elcorreodeoaxaca.com\/wp-content\/uploads\/2025\/01\/INGO-ANUNCIA-MULT.jpeg\"><img loading=\"lazy\" decoding=\"async\" class=\"size-medium wp-image-2486\" src=\"https:\/\/elcorreodeoaxaca.com\/wp-content\/uploads\/2025\/01\/INGO-ANUNCIA-MULT-300x200.jpeg\" alt=\"\" width=\"300\" height=\"200\" srcset=\"https:\/\/elcorreodeoaxaca.com\/wp-content\/uploads\/2025\/01\/INGO-ANUNCIA-MULT-300x200.jpeg 300w, https:\/\/elcorreodeoaxaca.com\/wp-content\/uploads\/2025\/01\/INGO-ANUNCIA-MULT-335x223.jpeg 335w, https:\/\/elcorreodeoaxaca.com\/wp-content\/uploads\/2025\/01\/INGO-ANUNCIA-MULT-272x182.jpeg 272w, https:\/\/elcorreodeoaxaca.com\/wp-content\/uploads\/2025\/01\/INGO-ANUNCIA-MULT-720x480.jpeg 720w, https:\/\/elcorreodeoaxaca.com\/wp-content\/uploads\/2025\/01\/INGO-ANUNCIA-MULT.jpeg 756w\" sizes=\"auto, (max-width: 300px) 100vw, 300px\" \/><\/a><figcaption id=\"caption-attachment-2486\" class=\"wp-caption-text\">Anuncia MULT jornada de protestas<\/figcaption><\/figure>\n<p>Este anuncio, consider\u00f3, marca un avance significativo en la resoluci\u00f3n de conflictos laborales derivados de la supresi\u00f3n de mil 344 plazas en la administraci\u00f3n estatal.<\/p>\n<p>Castillejos Villalobos se\u00f1al\u00f3 que los trabajadores reinstalados recuperaron sus derechos laborales, incluyendo el respeto a su antig\u00fcedad, el pago de salarios pendientes entre el 12 y el 31 de diciembre, la parte faltante del aguinaldo, el acceso a servicios m\u00e9dicos y su reincorporaci\u00f3n como integrantes del sindicato.<\/p>\n<p>Adem\u00e1s, se gestionar\u00e1 ante el fondo de pensiones el reconocimiento de la antig\u00fcedad para evitar lagunas legales que afecten sus derechos jubilatorios.<\/p>\n<p>El l\u00edder sindical enfatiz\u00f3 que este logro es solo el primer paso en un proceso m\u00e1s amplio que contin\u00faa avanzando.<\/p>\n<p>Indic\u00f3 que los decretos necesarios ya est\u00e1n en marcha, al igual que los procedimientos legales como amparos.<\/p>\n<p>Detall\u00f3 que las pr\u00f3ximas acciones depender\u00e1n de la emisi\u00f3n de listados oficiales y la resoluci\u00f3n de los casos restantes.<\/p>\n<p>En cuanto a los criterios para la reinstalaci\u00f3n, explic\u00f3 que se prioriz\u00f3 a quienes estaban asignados a su \u00e1rea de trabajo, ten\u00edan un lugar establecido y cumpl\u00edan con los requisitos del gremio. Tambi\u00e9n se consideraron trabajadores en modalidades como lista de raya, contrato o nombramiento de confianza, sin importar su tipo de relaci\u00f3n laboral.<\/p>\n<figure id=\"attachment_2479\" aria-describedby=\"caption-attachment-2479\" style=\"width: 215px\" class=\"wp-caption alignright\"><a href=\"https:\/\/elcorreodeoaxaca.com\/wp-content\/uploads\/2025\/01\/INGO-joven-matrimonio-asesinado-en-Cd.-Ixtepec.jpg\"><img loading=\"lazy\" decoding=\"async\" class=\"size-medium wp-image-2479\" src=\"https:\/\/elcorreodeoaxaca.com\/wp-content\/uploads\/2025\/01\/INGO-joven-matrimonio-asesinado-en-Cd.-Ixtepec-225x300.jpg\" alt=\"\" width=\"225\" height=\"300\" srcset=\"https:\/\/elcorreodeoaxaca.com\/wp-content\/uploads\/2025\/01\/INGO-joven-matrimonio-asesinado-en-Cd.-Ixtepec-225x300.jpg 225w, https:\/\/elcorreodeoaxaca.com\/wp-content\/uploads\/2025\/01\/INGO-joven-matrimonio-asesinado-en-Cd.-Ixtepec-251x335.jpg 251w, https:\/\/elcorreodeoaxaca.com\/wp-content\/uploads\/2025\/01\/INGO-joven-matrimonio-asesinado-en-Cd.-Ixtepec.jpg 756w\" sizes=\"auto, (max-width: 225px) 100vw, 225px\" \/><\/a><figcaption id=\"caption-attachment-2479\" class=\"wp-caption-text\">Joven matrimonio fue asesinado en Cd. Ixtepec<\/figcaption><\/figure>\n<p>Particular atenci\u00f3n se dio a aquellos con condiciones especiales, como quienes estaban a punto de jubilarse y trabajadores con problemas de salud, quienes recibieron preferencia para ser reincorporados.<\/p>\n<p>Castillejos Villalobos pidi\u00f3 a los beneficiados continuar apoyando la lucha sindical para lograr la reinstalaci\u00f3n del resto de los afectados.<\/p>\n<p>El secretario concluy\u00f3 reafirmando el compromiso del Stpeidceo de avanzar tanto por la v\u00eda pol\u00edtica como jur\u00eddica para restablecer los derechos de todos los trabajadores afectados.<\/p>\n<p>Este lunes se dar\u00e1 a conocer la lista de los 667 trabajadores que ser\u00e1n reintegrados, despu\u00e9s de cumplir con los criterios que establecieron ambas partes.<\/p>\n<p><strong>LA OTRA MITAD DE BUR\u00d3CRATAS, A NIVEL\u00a0<\/strong><\/p>\n<p><strong>PERSONAL, PROTESTAN FRENTE A PALACIO\u00a0<\/strong><\/p>\n<p>&nbsp;<\/p>\n<p>Enero 2\/2025.- Bur\u00f3cratas, cuya plaza fue suprimida por el decreto del 12 de diciembre protestaron este jueves frente a Palacio de Gobierno en Oaxaca.<\/p>\n<p>El grupo de manifestantes consider\u00f3 que la reintegraci\u00f3n de plazas s\u00f3lo benefici\u00f3 a su ex dirigente Juan Rafael Rosas Herrera, quien ocupa una regidur\u00eda en el gobierno municipal de Oaxaca de Ju\u00e1rez.<\/p>\n<p>La demanda es que tambi\u00e9n les restituyan sus plazas y conserven su antig\u00fcedad, ya que consideran que en el grupo hay personas con discapacidad, con requerimientos de atenci\u00f3n m\u00e9dica y con la antig\u00fcedad para jubilarse.<\/p>\n<p>Los inconformes, integrantes del Sindicato de Trabajadores de los Poderes del Estado e Instituciones Descentralizadas de Car\u00e1cter Estatal de Oaxaca (STPEIDCEO), denunciaron que la eliminaci\u00f3n de sus plazas, derivada del Decreto 24, afect\u00f3 a 667 empleados que formaban parte de la administraci\u00f3n estatal.<\/p>\n<p>Portando pancartas y lanzando consignas, los manifestantes acusaron que los despidos fueron injustificados y demandaron una revisi\u00f3n a fondo del decreto aprobado por el Congreso de Oaxaca el pasado 11 de diciembre.<\/p>\n<p>Adem\u00e1s, exigieron el respeto a sus derechos laborales y sindicales, as\u00ed como el pago de salarios pendientes y aguinaldos.<\/p>\n<figure id=\"attachment_2484\" aria-describedby=\"caption-attachment-2484\" style=\"width: 178px\" class=\"wp-caption alignright\"><a href=\"https:\/\/elcorreodeoaxaca.com\/wp-content\/uploads\/2025\/01\/INGO-Anali-Ramirez-Olivera.jpeg\"><img loading=\"lazy\" decoding=\"async\" class=\"size-medium wp-image-2484\" src=\"https:\/\/elcorreodeoaxaca.com\/wp-content\/uploads\/2025\/01\/INGO-Anali-Ramirez-Olivera-188x300.jpeg\" alt=\"\" width=\"188\" height=\"300\" srcset=\"https:\/\/elcorreodeoaxaca.com\/wp-content\/uploads\/2025\/01\/INGO-Anali-Ramirez-Olivera-188x300.jpeg 188w, https:\/\/elcorreodeoaxaca.com\/wp-content\/uploads\/2025\/01\/INGO-Anali-Ramirez-Olivera-210x335.jpeg 210w, https:\/\/elcorreodeoaxaca.com\/wp-content\/uploads\/2025\/01\/INGO-Anali-Ramirez-Olivera.jpeg 441w\" sizes=\"auto, (max-width: 188px) 100vw, 188px\" \/><\/a><figcaption id=\"caption-attachment-2484\" class=\"wp-caption-text\">Anal\u00ed Ram\u00edrez Olivera<\/figcaption><\/figure>\n<p>\u201cNo somos aviadores, cumplimos con nuestro trabajo y ahora nos dejan sin sustento para nuestras familias. Queremos soluciones inmediatas\u201d, declar\u00f3 uno de los afectados durante la protesta.<\/p>\n<p>Por su parte, el secretario general del STPEIDCEO, Pedro Castillejos Villalobos, les inform\u00f3 este fin de semana que, aunque ya se acord\u00f3 la reinstalaci\u00f3n de 667 trabajadores a partir del 1 de enero, el resto de los despedidos deber\u00e1n recurrir a la v\u00eda legal para intentar recuperar sus puestos.<\/p>\n<p>Las autoridades estatales, sin embargo, no han emitido un comunicado oficial respecto a la manifestaci\u00f3n y qu\u00e9 pasar\u00e1 con estos 667 trabajadores.<\/p>\n<p>El STPEIDCEO anunci\u00f3 que mantendr\u00e1 movilizaciones en los pr\u00f3ximos d\u00edas hasta garantizar la reinstalaci\u00f3n total de los trabajadores despedidos y el cumplimiento de sus demandas laborales.<\/p>\n<p>Se espera que las negociaciones contin\u00faen en las pr\u00f3ximas semanas.<\/p>\n<p><strong>EN DUDA EL PRESUNTO ASALTO DEL\u00a0<\/strong><\/p>\n<p><strong>TESORERO DE SAN PEDRO SOCHIAPAM<\/strong><\/p>\n<p>Diciembre 28\/2024.- El pasado lunes 23 de diciembre del a\u00f1o en curso, en la comunidad de San Pedro Sochiapam se report\u00f3 un presunto asalto al tesorero municipal, Javier P\u00e9rez Morales. Sin embargo, los lugare\u00f1os externaron sus dudas sobre el caso, pues detectaron algunas inconsistencias en los hechos.<\/p>\n<p>De acuerdo con el relato del tesorero municipal Javier P\u00e9rez Morales, al acudir a su domicilio aproximadamente a las 20:00 horas, salieron tres sujetos encapuchados que lo despojaron de sus pertenencias, golpe\u00e1ndolo en el rostro, por lo que fue internado en la cl\u00ednica del municipio para que recibiera atenci\u00f3n m\u00e9dica.<\/p>\n<p>Al lugar arribaron elementos de la Polic\u00eda Estatal del Segundo Sector de Seguridad P\u00fablica, quienes tomaron conocimiento de los hechos.<\/p>\n<p>No obstante, ciudadanos cuestionaron el por qu\u00e9 el tesorero portaba una fuerte suma de dinero (un mill\u00f3n de pesos), recursos que se presumen son del pueblo, por lo que piden a las autoridades una minuciosa investigaci\u00f3n y se aclare este supuesto robo.<\/p>\n<figure id=\"attachment_2481\" aria-describedby=\"caption-attachment-2481\" style=\"width: 290px\" class=\"wp-caption alignright\"><a href=\"https:\/\/elcorreodeoaxaca.com\/wp-content\/uploads\/2025\/01\/PROFECO-copia.jpg\"><img loading=\"lazy\" decoding=\"async\" class=\"size-medium wp-image-2481\" src=\"https:\/\/elcorreodeoaxaca.com\/wp-content\/uploads\/2025\/01\/PROFECO-copia-300x185.jpg\" alt=\"\" width=\"300\" height=\"185\" srcset=\"https:\/\/elcorreodeoaxaca.com\/wp-content\/uploads\/2025\/01\/PROFECO-copia-300x185.jpg 300w, https:\/\/elcorreodeoaxaca.com\/wp-content\/uploads\/2025\/01\/PROFECO-copia-335x206.jpg 335w, https:\/\/elcorreodeoaxaca.com\/wp-content\/uploads\/2025\/01\/PROFECO-copia.jpg 756w\" sizes=\"auto, (max-width: 300px) 100vw, 300px\" \/><\/a><figcaption id=\"caption-attachment-2481\" class=\"wp-caption-text\">PROFECO<\/figcaption><\/figure>\n<p>Indicaron que hasta el momento no se sabe si las autoridades municipales ya acudieron a la Fiscal\u00eda local en Cuicatl\u00e1n o se trasladaron a la ciudad de Oaxaca para presentar la denuncia formal por estos hechos.<\/p>\n<p>Precisaron que el presidente municipal tampoco ha informado a las y los ciudadanos de San Pedro Sochiapam sobre este hecho, situaci\u00f3n que les preocupa.<\/p>\n<p>\u201cSon muchas cosas que no encajan, si nos quedamos callados no estamos avanzando, pues seremos c\u00f3mplices de las anomal\u00edas que est\u00e1n pasando en la Presidencia Municipal\u201d, recalcaron los pobladores inconformes.<\/p>\n<p><strong>MARCHAR\u00c1N TRIQUIS A CDMX Y A OAXACA <\/strong><\/p>\n<p><strong>CAPITAL;PROTESTAR\u00c1N POR ASESINATOS<\/strong><\/p>\n<p>Enero 3\/2026.- El Movimiento de Unificaci\u00f3n y Lucha Triqui (MULT), anunci\u00f3 que\u00a0realizar\u00e1n una marcha masiva para exigir justicia por los cientos de sus integrantes ca\u00eddos y que las\u00a0autoridades competentes pongan fin a la violencia contra la comunidad triqui, por lo que\u00a0advirtieron saldr\u00e1n este 2 de febrero del presente a\u00f1o a las calles de Oaxaca y ciudad de M\u00e9xico.<\/p>\n<p>\u201cHombres, mujeres, ni\u00f1os y ancianos de distintas localidades, saldremos a la calle a exigir justicia\u00a0por los cientos de ca\u00eddos por las balas asesinas de los traidores, enemigos del pueblo que,\u00a0protegidos desde la esfera del poder caciquil y estatal, asesinan y aterrorizan a nuestra gente\u201d,\u00a0se\u00f1alan.<\/p>\n<p>Pidieron a los tres niveles de gobierno que act\u00faen para detener a los promotores de la violencia y\u00a0la ingobernabilidad en su regi\u00f3n, la agrupaci\u00f3n aclara que un grupo de otra organizaci\u00f3n social ha\u00a0afectado con bloqueos en las v\u00edas de comunicaci\u00f3n a familias y comunidades que comercializan\u00a0sus productos en las cabeceras municipales de Santiago Juxtlahuaca, Putla Villa de Guerrero y\u00a0Tlaxiaco.<\/p>\n<p>Detallaron que sus integrantes que acuden a dichas cabeceras municipales, corren el riesgo de ser\u00a0asesinados o desaparecidos y a su regreso los despojan de sus veh\u00edculos, productos y dinero.<\/p>\n<figure id=\"attachment_2475\" aria-describedby=\"caption-attachment-2475\" style=\"width: 290px\" class=\"wp-caption alignright\"><a href=\"https:\/\/elcorreodeoaxaca.com\/wp-content\/uploads\/2025\/01\/Exigen-justicia-por-ciclista-atropellado-copia.jpg\"><img loading=\"lazy\" decoding=\"async\" class=\"size-medium wp-image-2475\" src=\"https:\/\/elcorreodeoaxaca.com\/wp-content\/uploads\/2025\/01\/Exigen-justicia-por-ciclista-atropellado-copia-300x187.jpg\" alt=\"\" width=\"300\" height=\"187\" srcset=\"https:\/\/elcorreodeoaxaca.com\/wp-content\/uploads\/2025\/01\/Exigen-justicia-por-ciclista-atropellado-copia-300x187.jpg 300w, https:\/\/elcorreodeoaxaca.com\/wp-content\/uploads\/2025\/01\/Exigen-justicia-por-ciclista-atropellado-copia-335x208.jpg 335w, https:\/\/elcorreodeoaxaca.com\/wp-content\/uploads\/2025\/01\/Exigen-justicia-por-ciclista-atropellado-copia.jpg 756w\" sizes=\"auto, (max-width: 300px) 100vw, 300px\" \/><\/a><figcaption id=\"caption-attachment-2475\" class=\"wp-caption-text\">Exigen justicia por ciclista atropellado<\/figcaption><\/figure>\n<p>La organizaci\u00f3n expres\u00f3 que existen amenazas de nuevos ataques contra las comunidades del\u00a0MULT, as\u00ed como lo hicieron el 1 de enero del presente a\u00f1o en San Juan Copala, cuando los\u00a0habitantes de esta comunidad, amanecieron con una lluvia de balas de grueso calibre detonadas\u00a0por armas de alto poder y de uso exclusivo del ej\u00e9rcito.<\/p>\n<p>Recordaron que, aunque se han firmado pactos, acuerdos y cartas de buena intenci\u00f3n, estas no se\u00a0han respetado, \u201cpor el contrario, se sienten intocables con las medidas cautelares que le han\u00a0otorgado, de buena fe, organismos de derechos humanos, a quienes han sorprendido de ser\u00a0v\u00edctimas, cuando en realidad son los promotores de la violencia y la ingobernabilidad en nuestro\u00a0estado de Oaxaca\u201d.<\/p>\n<p>\u201cLos muertos, los heridos y los desaparecidos de nuestra organizaci\u00f3n no son el resultado de\u00a0hechos aislados ni \u201cproblemillas\u201d entre particulares, son hechos graves de contrainsurgencia y de\u00a0la guerra de baja intensidad contra el MULT, que deben atenderse en lo inmediato, deteniendo a\u00a0los autores materiales e intelectuales de estas afrentas en contra de la vida y de la dignidad\u00a0humana de nuestra militancia y comunidades\u201d, enfatizaron.<\/p>\n<p>Ante esto, el MUTL pidi\u00f3 a sus compa\u00f1eros, coordinadores, comit\u00e9s y autoridades que preparen\u00a0sus contingentes para la marcha del 2 de febrero del 2025, donde tomar\u00e1n las calles bajo un solo\u00a0grito pidiendo justicia para sus compa\u00f1eras y compa\u00f1eros ca\u00eddos.<\/p>\n<p><strong>PIDEN RETORNO DE FAMILIAS\u00a0<\/strong><\/p>\n<p><strong>TRIQUIS DESPLAZADAS<\/strong><\/p>\n<p>Dicembre 30\/2024.- El Movimiento de Unificaci\u00f3n y Lucha Triqui Independiente (MULTI), exigi\u00f3 a las autoridades estatales y federales reanudar las mesas de trabajo para el retorno de las 144 familias desplazadas de Tierra Blanca, Copala, en el marco del cuarto aniversario luctuoso de Andr\u00e9s Mart\u00ednez L\u00f3pez, militante de la organizaci\u00f3n quien fuera asesinado en un ataque armado en dicha localidad de la Naci\u00f3n Triqui.<\/p>\n<p>As\u00ed mismo, pidieron justicia por la muerte de Mart\u00ednez L\u00f3pez, as\u00ed como por sus hijos Jos\u00e9 Andr\u00e9s Mart\u00ednez, Sheyla Mart\u00ednez Mart\u00ednez y Darwin Nelson Mart\u00ednez, quienes resultaron gravemente heridos en el a\u00f1o 2020 por civiles armados. \u201cHan sido cuatro a\u00f1os de simulaci\u00f3n, omisi\u00f3n, y complicidad por parte de la Fiscal\u00eda del Estado\u201d, se\u00f1alaron.<\/p>\n<p>La dirigencia del MULTI detall\u00f3 que tras cuatro a\u00f1os la violencia no ha cesado en la zona Triqui, por lo que las familias desplazadas se encuentran refugiadas en la comunidad de Yosoyuxi, municipio de Juxtlahuaca, as\u00ed como en la Ciudad de M\u00e9xico. Dijo que adem\u00e1s \u00faltimamente han vivido constantes ataques armados contra los representantes de dicha organizaci\u00f3n social.<\/p>\n<p>Manifestaron que a pesar de que las m\u00e1s de 100 familias desplazadas de Tierra Blanca cuentan con instrumentos jur\u00eddicos nacionales e internacionales que respaldan su lucha, como la recomendaci\u00f3n 36\/2022 de la Comisi\u00f3n Nacional de los Derechos Humanos (CNDH), el amparo 597\/2023 del Poder Judicial y la medida cautelar 279-22 de la Comisi\u00f3n Interamericana de Derechos Humanos (CIDH), las autoridades no han conseguido el retorno seguro.<\/p>\n<p>Cabe se\u00f1alar que el pasado jueves trascendi\u00f3 que funcionarios de Santiago Juxtlahuaca fueron retenidos por unos minutos por integrantes del MULTI, con el prop\u00f3sito de dar soluci\u00f3n a sus diversas demandas, sin embargo, se acord\u00f3 que los primeros d\u00edas de enero de este pr\u00f3ximo a\u00f1o sostendr\u00e1n una mesa de trabajo con autoridades del Gobierno de Oaxaca, en la localidad de Agua Fr\u00eda, Copala.<\/p>\n<p><strong>ASESINAN A MATRIMONIO\u00a0<\/strong><\/p>\n<p><strong>EN CIUDAD IXTEPEC<\/strong><\/p>\n<p>Enero 2\/2025.- Dos personas fueron asesinadas la noche del 1 de enero en Ciudad Ixtepec, en el Istmo de Tehuantepec.<\/p>\n<p>El crimen ocurri\u00f3 en la calle Isabel la Cat\u00f3lica, donde transitaban las v\u00edctimas.<\/p>\n<p>El veh\u00edculo ten\u00eda por lo menos nueve disparos y encontraron en la calle otros casquillos percutidos.<\/p>\n<p>Personal de la Guardia Nacional y la Secretar\u00eda de Marina acudieron al sitio para verificar la situaci\u00f3n.<\/p>\n<p>En el sitio reconocieron a los fallecidos como Alfredo H.E y su esposa, Gui\u00e9 A., ambos residentes en Ciudad Ixtepec.<\/p>\n<p>El doble crimen fue el tercer homicidio suscitado en la regi\u00f3n del Istmo en el primer d\u00eda de 2025.<\/p>\n<p><strong>EXIGEN JUSTICIA POR CICLISTA\u00a0<\/strong><\/p>\n<p><strong>ATROPELLADO EN TLALIXTAC<\/strong><\/p>\n<p>Diciembre 28\/2024.- Manuel Alejandro Ruiz M\u00e9ndez ten\u00eda apenas 22 a\u00f1os de edad, transitaba en su bicicleta en compa\u00f1\u00eda de su padre a la altura de Ciudad Administrativa en jurisdicci\u00f3n de Tlalixtac de Cabrera la tarde de Navidad, mi\u00e9rcoles 25 de diciembre, cuando fue embestido por un veh\u00edculo particular. El joven falleci\u00f3 en el lugar, mientras que su padre result\u00f3 herido.<\/p>\n<p>Los dos fueron embestidos por un veh\u00edculo Nissan, tipo NP300, con placas de tr\u00e1nsito Y-82-756, quien se dio a la fuga.<\/p>\n<p>Al observar la situaci\u00f3n el veh\u00edculo que atropell\u00f3 a los dos ciclistas se dio a la fuga, dej\u00e1ndolos a su suerte.<\/p>\n<p>Manuel Alejandro Ruiz M\u00e9ndez y sus padres viven en Santa Mar\u00eda El Tule y con frecuencia sal\u00edan a recorrer el municipio en sus bicicletas.<\/p>\n<p>En una imagen a trav\u00e9s de redes sociales se comparti\u00f3 la placa de tr\u00e1nsito del veh\u00edculo que atropell\u00f3 a las dos personas, para poder localizarlo y que enfrente a la justicia por el homicidio del joven.<\/p>\n<p>Este viernes realizaron una rodada en donde se sumaron ciclistas para acompa\u00f1ar el cuerpo de Manuel Alejandro que fue cremado por la zona de Plaza Bella. Tambi\u00e9n, una bicicleta pintada de blanco fue colocada en el sitio donde perdi\u00f3 la vida.<\/p>\n<p>En tanto, el colectivo Gabi Bici Blanca hizo un llamado al Gobierno del Estado para \u201ctomar acciones contundentes para mejorar la seguridad vial en todos los oaxaque\u00f1os, pues casi la mitad de todas las muertes causadas por el tr\u00e1nsito corresponde a los usuarios m\u00e1s vulnerables de las v\u00edas de tr\u00e1nsito: motociclistas, ciclistas y peatones\u201d.<\/p>\n<p>Cabe se\u00f1alar que los accidentes viales han aumentado en este 2024, en comparaci\u00f3n con otros a\u00f1os, la falta de prudencia y respeto al reglamento de vialidad de los automovilistas ha cobrado la vida de varios ciudadanos.<\/p>\n<p><strong>EN PRISI\u00d3N EX EDIL DE SAN ANTONIO\u00a0<\/strong><\/p>\n<p><strong>DE LA CAL POR ROBO CON VIOLENCIA<\/strong><\/p>\n<p>Enero 3\/2025.- La Fiscal\u00eda General del Estado de Oaxaca (FGEO),\u00a0\u00a0obtuvo auto de formal prisi\u00f3n en contra de J.M.G.M., por el delito de Robo Calificado con Violencia a las Cosas, cometido en perjuicio patrimonial del Ayuntamiento de San Antonio de la Cal, municipio de la regi\u00f3n de los Valles Centrales.<\/p>\n<p>De acuerdo con el expediente penal del caso, la detenci\u00f3n de J.M.G.M. (ex presidente municipal de San Antonio de la Cal), deriva de una denuncia por hechos ocurridos el 05 de abril de 2015, cuando un grupo de personas que portaban palos, piedras y machetes llegaron a un domicilio ubicado en la calle L\u00e1zaro C\u00e1rdenas de la Tercera Secci\u00f3n del municipio de San Antonio de la Cal para sustraer una camioneta tipo Pickup Up habilitada como patrulla vial del citado municipio, as\u00ed como dinero en efectivo y otros objetos m\u00e1s propiedad del Ayuntamiento, inform\u00f3 en un comunicado.<\/p>\n<p>Una vez formalizada la denuncia, la Fiscal\u00eda de Oaxaca a trav\u00e9s de la Vicefiscal\u00eda Regional de Valles Centrales inici\u00f3 las investigaciones correspondientes que dieron como resultado la obtenci\u00f3n de una orden de aprehensi\u00f3n y posteriormente la detenci\u00f3n de J.M.G.M., quien fue llevado ante el Juez que, luego de evaluar las pruebas aportadas por el Ministerio P\u00fablico, dict\u00f3 auto de formal prisi\u00f3n en contra del imputado.<\/p>\n<p>La Fiscal\u00eda General de Oaxaca realiza investigaciones exhaustivas para dar con quien o quienes resulten responsables, llev\u00e1ndolos ante la justicia y aplicando todo el rigor de la Ley.<\/p>\n<p><strong>DETIENE FGE A SUJETO PARA\u00a0<\/strong><\/p>\n<p><strong>INVESTIGAR CRIMEN EN CUILAPAM<\/strong><\/p>\n<p>&nbsp;<\/p>\n<p>Enero 2\/2025.- La\u00a0Fiscal\u00eda\u00a0General del Estado de Oaxaca (FGEO) dio cumplimiento a una orden de aprehensi\u00f3n y logr\u00f3 prisi\u00f3n preventiva en la audiencia inicial en contra de una persona del sexo masculino identificada por las iniciales R. R. R., por el delito de Homicidio Calificado, cometido en el municipio de Cuil\u00e1pam de Guerrero, en la regi\u00f3n de los Valles Centrales.<\/p>\n<p>De acuerdo con el expediente penal del caso, los hechos ocurrieron durante la noche del pasado 28 de diciembre, sobre el bulevar Escuela M\u00e9dico Militar, frente a una gasolinera del municipio de Cuilapam de Guerrero, donde varias personas agredieron a la v\u00edctima identificada como C. D. C. P., quien perdi\u00f3 la vida a consecuencia de las lesiones infligidas, hechos que quedaron registrados en diferentes videos que se publicaron en diversas plataformas digitales.<\/p>\n<p>Al momento en que la\u00a0Fiscal\u00eda\u00a0de Oaxaca tuvo conocimiento de los hechos, inici\u00f3 las investigaciones correspondientes que est\u00e1n a cargo de la\u00a0Fiscal\u00eda\u00a0Especializada para la Atenci\u00f3n a Delitos de Alto Impacto, que obtuvo los resultados preliminares suficientes por los cuales obtuvo una orden de aprehensi\u00f3n.<\/p>\n<p>Elementos de la Agencia Estatal de Investigaci\u00f3n realizaron un despliegue policial para dar con el paradero y dar cumplimiento al mandato judicial por el cual fue detenido R. R. R., quien fue puesto a disposici\u00f3n del Ministerio P\u00fablico correspondiente.<\/p>\n<p>La FGEO llev\u00f3 ante el juez a la persona detenida y, luego de presentar los datos de prueba derivados de las indagatorias, el Juez de Control que atiende la causa calific\u00f3 como legal la detenci\u00f3n e impuso prisi\u00f3n preventiva de manera provisional para R. R. R., por el delito de Homicidio, mientras que la\u00a0Fiscal\u00eda\u00a0de Oaxaca solicit\u00f3 el auto de vinculaci\u00f3n a proceso en contra del imputado.<\/p>\n<p>La\u00a0Fiscal\u00eda\u00a0de Oaxaca aplica los protocolos de investigaci\u00f3n necesarios para que las labores ministeriales tengan resultados tangibles y efectivos en el proceso de procuraci\u00f3n de justicia a favor de las v\u00edctimas.<\/p>\n<p>&nbsp;<\/p>\n<p><strong>VINCULA FGEO A 2 POR ASALTO\u00a0<\/strong><\/p>\n<p><strong>A UN OXXO EN OAXACA CAPITAL<\/strong><\/p>\n<p>&nbsp;<\/p>\n<p>Enero 3\/ 2025.- La Fiscal\u00eda General del Estado de Oaxaca (FGEO) obtuvo auto de vinculaci\u00f3n a proceso en contra de dos personas del sexo masculino identificadas como S.V.L. y C.C.O., por el delito de Robo con Violencia Moral cometido a una sucursal de la cadena de tiendas de conveniencia denominadas OXXO S.A. de C.V., del centro de la ciudad de Oaxaca de Ju\u00e1rez.<\/p>\n<p>De acuerdo al expediente penal del caso, los hechos ocurrieron el 13 de noviembre de 2024, en la sucursal ubicada sobre la Avenida Ju\u00e1rez esquina con Morelos del centro de la ciudad de Oaxaca, en donde los asaltantes amenazaron a los trabajadores para luego sustraer dinero en efectivo y otros objetos de la tienda, inform\u00f3 en un comunicado.<\/p>\n<p>La investigaci\u00f3n revela que, una vez cometido el hecho, los responsables huyeron del lugar, sin embargo, fueron detenidos metros m\u00e1s adelante por elementos de la Polic\u00eda Estatal quienes hab\u00edan recibido el llamado de auxilio.<\/p>\n<p>Luego de la comisi\u00f3n del delito y tras ser puestos a disposici\u00f3n, la Fiscal\u00eda tom\u00f3 conocimiento de los hechos y a trav\u00e9s de la Vicefiscal\u00eda Regional de los Valles Centrales inici\u00f3 las investigaciones para luego recabar las pruebas pertinentes y presentarlas ante el Juez que atiende la causa, las cuales permitieron obtener auto de vinculaci\u00f3n a proceso en contra de los dos imputados S.V.L y C.C.O., por el delito de robo con violencia moral a las personas.<\/p>\n<p>Adem\u00e1s de ello, la autoridad judicial impuso prisi\u00f3n preventiva justificada como medida cautelar y otorg\u00f3 dos meses para el cierre de la investigaci\u00f3n complementaria.<\/p>\n<p>La Fiscal\u00eda General del Estado de Oaxaca contin\u00faa realizando las indagatorias para establecer l\u00edneas de investigaci\u00f3n s\u00f3lidas que permitan dar con quien o quienes resulten responsables de los delitos, y con ello, garantizar procesos de procuraci\u00f3n adecuados a las v\u00edctimas.<\/p>\n<p><strong>ALERTA PROFECO DE PRESUNTO\u00a0<\/strong><\/p>\n<p><strong>FRAUDE\u00a0\u00a0DE EMPRESA CONECTA<\/strong><\/p>\n<p>Diciembre 31\/2024.- La Procuradur\u00eda Federal del Consumidor (Profeco) inform\u00f3 a la poblaci\u00f3n consumidora de Oaxaca que la empresa Conecta carece de formalidad jur\u00eddica en sus contratos y, por lo tanto, las operaciones que realicen las y los consumidores no tienen certeza jur\u00eddica, por lo que ponen en riesgo su econom\u00eda.<\/p>\n<p>En un comunicado, Profeco se\u00f1al\u00f3 que esta empresa, que durante diciembre de 2024 ofreci\u00f3 servicios financieros en un local al interior de la Plaza Tecnomoda, de la Avenida Universidad, en Oaxaca de Ju\u00e1rez, ha incumplido de manera reiterada con sus consumidores a quienes contacta v\u00eda redes sociales ofreciendo pr\u00e9stamos de sumas elevadas, por los cuales les pide \u201cen garant\u00eda\u201d cantidades que van de los 12 mil a los 30 mil pesos, sin entregar recibos formales ni establecer condiciones m\u00ednimas de informaci\u00f3n en los contratos para su localizaci\u00f3n.<\/p>\n<p>Por lo que la Profeco considera que las personas que entreguen su dinero pueden estar siendo v\u00edctimas de fraude. Ante ello, recomienda a quienes acuden a solicitar asesor\u00eda que presenten los casos ante las autoridades ministeriales.<\/p>\n<p>La Profeco recuerda a las y los consumidores que tengan cuidado con los cr\u00e9ditos expr\u00e9s que no solicitan requisitos como comprobar ingresos, ofrecen grandes sumas de dinero, no consultan el historial crediticio, dicen que entregar\u00e1n el pr\u00e9stamo de forma inmediata, piden por adelantado un pago para la gestor\u00eda del cr\u00e9dito, porque es probable que al final no les entreguen el pr\u00e9stamo. Por lo que es mejor que se informen de las recomendaciones que emite la CONDUSEF en su p\u00e1gina de internet.<\/p>\n","protected":false},"excerpt":{"rendered":"<p>Detectaron 50 \u201cfocos rojos\u201d en municipios por relevo de autoridades; llegaron los nuevos\u00a0\u00a0mun\u00edcipes Mataron a la ex alcaldesa de Mesones Hidalgo, Patricia Mayoli Miguel Rojas; ocurri\u00f3 en una ferreter\u00eda Asesinan a marido y mujer la noche en calles de Ciudad Ixtepec; reciben 9 disparos de arma de fuego Protestan frente a palacio habitantes de San &#8230;<\/p>\n","protected":false},"author":1,"featured_media":2476,"comment_status":"open","ping_status":"open","sticky":false,"template":"","format":"standard","meta":{"footnotes":""},"categories":[19],"tags":[],"class_list":["post-2473","post","type-post","status-publish","format-standard","has-post-thumbnail","hentry","category-columna"],"_links":{"self":[{"href":"https:\/\/elcorreodeoaxaca.com\/index.php?rest_route=\/wp\/v2\/posts\/2473","targetHints":{"allow":["GET"]}}],"collection":[{"href":"https:\/\/elcorreodeoaxaca.com\/index.php?rest_route=\/wp\/v2\/posts"}],"about":[{"href":"https:\/\/elcorreodeoaxaca.com\/index.php?rest_route=\/wp\/v2\/types\/post"}],"author":[{"embeddable":true,"href":"https:\/\/elcorreodeoaxaca.com\/index.php?rest_route=\/wp\/v2\/users\/1"}],"replies":[{"embeddable":true,"href":"https:\/\/elcorreodeoaxaca.com\/index.php?rest_route=%2Fwp%2Fv2%2Fcomments&post=2473"}],"version-history":[{"count":1,"href":"https:\/\/elcorreodeoaxaca.com\/index.php?rest_route=\/wp\/v2\/posts\/2473\/revisions"}],"predecessor-version":[{"id":2487,"href":"https:\/\/elcorreodeoaxaca.com\/index.php?rest_route=\/wp\/v2\/posts\/2473\/revisions\/2487"}],"wp:featuredmedia":[{"embeddable":true,"href":"https:\/\/elcorreodeoaxaca.com\/index.php?rest_route=\/wp\/v2\/media\/2476"}],"wp:attachment":[{"href":"https:\/\/elcorreodeoaxaca.com\/index.php?rest_route=%2Fwp%2Fv2%2Fmedia&parent=2473"}],"wp:term":[{"taxonomy":"category","embeddable":true,"href":"https:\/\/elcorreodeoaxaca.com\/index.php?rest_route=%2Fwp%2Fv2%2Fcategories&post=2473"},{"taxonomy":"post_tag","embeddable":true,"href":"https:\/\/elcorreodeoaxaca.com\/index.php?rest_route=%2Fwp%2Fv2%2Ftags&post=2473"}],"curies":[{"name":"wp","href":"https:\/\/api.w.org\/{rel}","templated":true}]}}