{"id":2331,"date":"2024-12-14T23:25:43","date_gmt":"2024-12-15T05:25:43","guid":{"rendered":"https:\/\/elcorreodeoaxaca.com\/?p=2331"},"modified":"2024-12-14T23:25:43","modified_gmt":"2024-12-15T05:25:43","slug":"tequio-y-politica-10","status":"publish","type":"post","link":"https:\/\/elcorreodeoaxaca.com\/?p=2331","title":{"rendered":"Tequio y Pol\u00edtica"},"content":{"rendered":"<ul>\n<li>45 millones de pesos para \u201cmantenimiento\u201d del avi\u00f3n oficial; \u00bfalguien cree semejante maniobra para saquear?<\/li>\n<li>\u00bfAlguien ha visto a Salom\u00f3n Jara Cruz viajar en vuelos comerciales? \u00bfqui\u00e9nes le han observado por la capital?<\/li>\n<li>\u00bfAguantar\u00eda una revocaci\u00f3n de mandato ante tantos problemas? \u00bfQu\u00e9 popularidad tiene el mandatario Jara?<\/li>\n<li>Con el decretazo que deja sin trabajo a mil 500 empleados, queda bien con CSG, Calder\u00f3n, Zedillo y Vicente Fox<\/li>\n<li>Como Felipe Calder\u00f3n, con decretazo desapareci\u00f3 al Sindicato Mexicano de Electricistas y a Mexicana de Aviaci\u00f3n<\/li>\n<li>AMLO, recuper\u00f3 Mexicana de Aviaci\u00f3n y reivindic\u00f3 los derechos del SME; tambi\u00e9n subi\u00f3 el salario m\u00ednimo al pueblo<\/li>\n<li>Francisco Mart\u00ednez Neri y su arte de gobernar, es decir en lugar de resolver los problemas, s\u00f3lo los contiene<\/li>\n<li>Prometi\u00f3 perseguir corrupci\u00f3n de Oswaldo Garc\u00eda-Criollo Jarqu\u00edn; nunca cumpli\u00f3 y se va con esa complicidad<\/li>\n<\/ul>\n<p style=\"text-align: center;\">\u00a0<strong><em>Carlos Velasco<\/em><\/strong><\/p>\n<p><strong>SALOM\u00d3N JARA, REGALA CENTAVOS<\/strong><\/p>\n<p><strong>A IND\u00cdGENAS Y DILAPIDA MILLONES<\/strong><\/p>\n<p><strong>\u00a0<\/strong><\/p>\n<figure id=\"attachment_2333\" aria-describedby=\"caption-attachment-2333\" style=\"width: 170px\" class=\"wp-caption alignright\"><a href=\"https:\/\/elcorreodeoaxaca.com\/wp-content\/uploads\/2024\/12\/tequio-Alejandro-Moreno-Cardenas-1.jpg\"><img loading=\"lazy\" decoding=\"async\" class=\"size-medium wp-image-2333\" src=\"https:\/\/elcorreodeoaxaca.com\/wp-content\/uploads\/2024\/12\/tequio-Alejandro-Moreno-Cardenas-1-180x300.jpg\" alt=\"\" width=\"180\" height=\"300\" srcset=\"https:\/\/elcorreodeoaxaca.com\/wp-content\/uploads\/2024\/12\/tequio-Alejandro-Moreno-Cardenas-1-180x300.jpg 180w, https:\/\/elcorreodeoaxaca.com\/wp-content\/uploads\/2024\/12\/tequio-Alejandro-Moreno-Cardenas-1-202x335.jpg 202w, https:\/\/elcorreodeoaxaca.com\/wp-content\/uploads\/2024\/12\/tequio-Alejandro-Moreno-Cardenas-1.jpg 441w\" sizes=\"auto, (max-width: 180px) 100vw, 180px\" \/><\/a><figcaption id=\"caption-attachment-2333\" class=\"wp-caption-text\">Alejandro Moreno C\u00e1rdenas<\/figcaption><\/figure>\n<p>Empecemos esta entrega con algunas interrogantes:<\/p>\n<p>\u00bfAguantar\u00eda una revocaci\u00f3n de mandato?<\/p>\n<p>\u00bfAlguien ha visto al gobernador viajar en alg\u00fan vuelo comercial a la Ciudad de M\u00e9xico o viceversa? \u00bfAlguno ha visto al mandatario local viajando en veh\u00edculos austeros al mero estilo del expresidente Andr\u00e9s Manuel L\u00f3pez Obrador? \u00bfQui\u00e9n ha observado al jefe del ejecutivo estatal tom\u00e1ndose un caf\u00e9 en alg\u00fan establecimiento en el z\u00f3calo? \u00bfQui\u00e9nes se lo han encontrado caminando por las calles de las colonias marginadas de Oaxaca de Ju\u00e1rez? \u00bfAlgunos lo han observado conviviendo con los oaxaque\u00f1os de territorio, al menos en Valles Centrales?<\/p>\n<p>Si la respuesta a las anteriores preguntas es negativa, estamos ante un \u201cactivista\u201d convertido en gobernador que, seg\u00fan \u00e9l, ya es un burgu\u00e9s, \u201cfifi\u201d o un priista en ciernes.<\/p>\n<p>Las preguntamos las iniciamos con el tema del avi\u00f3n oficial, porque seg\u00fan la moral de la Cuarta Transformaci\u00f3n, uno de sus puntos primordiales es la \u201causteridad republicana\u201d, cosa que no se deja sentir ni ver por Oaxaca capital y sus alrededores, \u201c\u201d La Primavera Oaxaque\u00f1a\u201d, tampoco pues los pueblos originarios contin\u00faan inmersos en sus rezagos ancestrales, retraso social, educativo, alimentario, de vivienda y de electrificaci\u00f3n\u2026 En las zonas rurales del territorio oaxaque\u00f1o, se padece hambre, desnutrici\u00f3n infantil y p\u00e9sima atenci\u00f3n m\u00e9dica.<\/p>\n<figure id=\"attachment_2336\" aria-describedby=\"caption-attachment-2336\" style=\"width: 200px\" class=\"wp-caption alignright\"><a href=\"https:\/\/elcorreodeoaxaca.com\/wp-content\/uploads\/2024\/12\/tequio-Cesar-Duarte.jpg\"><img loading=\"lazy\" decoding=\"async\" class=\"size-medium wp-image-2336\" src=\"https:\/\/elcorreodeoaxaca.com\/wp-content\/uploads\/2024\/12\/tequio-Cesar-Duarte-210x300.jpg\" alt=\"\" width=\"210\" height=\"300\" srcset=\"https:\/\/elcorreodeoaxaca.com\/wp-content\/uploads\/2024\/12\/tequio-Cesar-Duarte-210x300.jpg 210w, https:\/\/elcorreodeoaxaca.com\/wp-content\/uploads\/2024\/12\/tequio-Cesar-Duarte-235x335.jpg 235w, https:\/\/elcorreodeoaxaca.com\/wp-content\/uploads\/2024\/12\/tequio-Cesar-Duarte.jpg 441w\" sizes=\"auto, (max-width: 210px) 100vw, 210px\" \/><\/a><figcaption id=\"caption-attachment-2336\" class=\"wp-caption-text\">C\u00e9sar Duarte<\/figcaption><\/figure>\n<p>C\u00f3mo dilapidar o robar parte del erario, es la cuesti\u00f3n.<\/p>\n<p>En nuestro poder est\u00e1 el documento u oficio n\u00famero: SF\/SECYT\/0210\/2024, que establece y ordena al capit\u00e1n piloto aviador Cuauht\u00e9moc Almaz\u00e1n Cravioto, director general del Hangar Oficial del Gobierno del Estado, lo siguiente: \u201cEn atenci\u00f3n al oficio n\u00famero OPD\/DGHOGE\/027\/2024, recibido el 1 de febrero de 2024, mediante el cual se solicita suficiencia presupuestal para llevar a cabo la contrataci\u00f3n del servicio de mantenimiento y reparaci\u00f3n de una aeronave de ala fija, propiedad del gobierno del Estado de Oaxaca, por un importe de 45 millones de pesos, con el prop\u00f3sito de fortalecer y mejorar los servicios p\u00fablicos colectivos (sic) que se proporcionan a los habitantes del Estado\u201d.<\/p>\n<p>&nbsp;<\/p>\n<p><strong>45 MDP PARA SERVICIO\u00a0<\/strong><\/p>\n<p><strong>DEL AVI\u00d3N OFICIAL \u00bfROBO?\u00a0<\/strong><\/p>\n<p><strong>\u00a0<\/strong><\/p>\n<p>En el pen\u00faltimo p\u00e1rrafo, el documento firmado por la directora de Presupuesto, Contadora P\u00fablica, Evangelina Alc\u00e1zar Hern\u00e1ndez, precisa:<\/p>\n<figure id=\"attachment_2337\" aria-describedby=\"caption-attachment-2337\" style=\"width: 185px\" class=\"wp-caption alignright\"><a href=\"https:\/\/elcorreodeoaxaca.com\/wp-content\/uploads\/2024\/12\/tequio-Cuauhtemoc-Almazan-Cravioto.jpg\"><img loading=\"lazy\" decoding=\"async\" class=\"size-medium wp-image-2337\" src=\"https:\/\/elcorreodeoaxaca.com\/wp-content\/uploads\/2024\/12\/tequio-Cuauhtemoc-Almazan-Cravioto-195x300.jpg\" alt=\"\" width=\"195\" height=\"300\" srcset=\"https:\/\/elcorreodeoaxaca.com\/wp-content\/uploads\/2024\/12\/tequio-Cuauhtemoc-Almazan-Cravioto-195x300.jpg 195w, https:\/\/elcorreodeoaxaca.com\/wp-content\/uploads\/2024\/12\/tequio-Cuauhtemoc-Almazan-Cravioto-218x335.jpg 218w, https:\/\/elcorreodeoaxaca.com\/wp-content\/uploads\/2024\/12\/tequio-Cuauhtemoc-Almazan-Cravioto.jpg 441w\" sizes=\"auto, (max-width: 195px) 100vw, 195px\" \/><\/a><figcaption id=\"caption-attachment-2337\" class=\"wp-caption-text\">Cuauht\u00e9moc Almaz\u00e1n Cravioto<\/figcaption><\/figure>\n<p>\u201cEsta Direcci\u00f3n de Presupuesto en coordinaci\u00f3n con la Subsecretar\u00eda de Egresos Contabilidad y Tesorer\u00eda, con fundamento en la facultad otorgada en los art\u00edculos 18 fracci\u00f3n V y 28 fracci\u00f3n VIII del reglamento interno de la Secretar\u00eda de Finanzas del Poder Ejecutivo del Estado de Oaxaca vigente, comunica a la Direcci\u00f3n General del Hangar Oficial del Gobierno del Estado, suficiencia presupuestaria de recursos estatales en la clave presupuestal 572001-115007000001-411353AEBA A0123. Mantenimiento y Reparaci\u00f3n del equipo de transporte hasta por la cantidad de $45 000000.00 (cuarenta y cinco millones de pesos 00\/100 M.N.) para la contrataci\u00f3n del servicio de mantenimiento y reparaci\u00f3n de una aeronave de ala fija propiedad del Gobierno del Estado de Oaxaca\u201d.<\/p>\n<p>Hasta parte de la aprobaci\u00f3n de 45 millones de pesos para mantenimiento de un avi\u00f3n, cifra bastante alta para un servicio de tal naturaleza, porque saldr\u00eda m\u00e1s barato comprar otra aeronave\u2026 Es m\u00e1s, o menos, cuando alguien lleva a afinar su auto y le sale m\u00e1s caro este servicio que comprar un veh\u00edculo nuevo\u2026 De alguna manera se debe y se tiene que justificar el robo, atraco o saqueo.<\/p>\n<p>En uno de los p\u00e1rrafos del oficio de marras, suena bastante c\u00ednico que se lea que esos 45 millones de pesos tienen\u201d el prop\u00f3sito de fortalecer y mejorar los servicios p\u00fablicos colectivos (sic) que se proporcionan a los habitantes del Estado\u201d \u2026 Que recordemos, a esa nave solamente pueden puede subir el gobernador (due\u00f1o del estado por el momento), Romero L\u00f3pez, as\u00ed como algunas amigas que proceden de la Ciudad de M\u00e9xico conocidas e invitadas por Samuel Gurri\u00f3n Mat\u00edas, quien de esta manera vuelve a practicar los viejos tiempos en que de esta manera serv\u00eda a sus \u00bfamigos? Manlio Fabio Beltrones, Marco Bernal y Manuel A\u00f1orve Ba\u00f1os, entre otros, bueno, eso dicen los que saben de todo lo que ocurri\u00f3 en la legislatura federal en la que Gurri\u00f3n era diputado federal.<\/p>\n<p>La poblaci\u00f3n, el pueblo, la gente, es muy dif\u00edcil, por no decir imposible, que conozca al interior del avi\u00f3n oficial.<\/p>\n<figure id=\"attachment_2346\" aria-describedby=\"caption-attachment-2346\" style=\"width: 738px\" class=\"wp-caption aligncenter\"><a href=\"https:\/\/elcorreodeoaxaca.com\/wp-content\/uploads\/2024\/12\/Portada-copia.jpg\"><img loading=\"lazy\" decoding=\"async\" class=\"wp-image-2346 size-large\" src=\"https:\/\/elcorreodeoaxaca.com\/wp-content\/uploads\/2024\/12\/Portada-copia-748x1024.jpg\" alt=\"\" width=\"748\" height=\"1024\" srcset=\"https:\/\/elcorreodeoaxaca.com\/wp-content\/uploads\/2024\/12\/Portada-copia-748x1024.jpg 748w, https:\/\/elcorreodeoaxaca.com\/wp-content\/uploads\/2024\/12\/Portada-copia-219x300.jpg 219w, https:\/\/elcorreodeoaxaca.com\/wp-content\/uploads\/2024\/12\/Portada-copia-768x1051.jpg 768w, https:\/\/elcorreodeoaxaca.com\/wp-content\/uploads\/2024\/12\/Portada-copia-1122x1536.jpg 1122w, https:\/\/elcorreodeoaxaca.com\/wp-content\/uploads\/2024\/12\/Portada-copia-1496x2048.jpg 1496w, https:\/\/elcorreodeoaxaca.com\/wp-content\/uploads\/2024\/12\/Portada-copia-245x335.jpg 245w, https:\/\/elcorreodeoaxaca.com\/wp-content\/uploads\/2024\/12\/Portada-copia.jpg 1638w\" sizes=\"auto, (max-width: 748px) 100vw, 748px\" \/><\/a><figcaption id=\"caption-attachment-2346\" class=\"wp-caption-text\">La \u2018justificaci\u00f3n\u2019 para medrar con el erario<\/figcaption><\/figure>\n<p>&nbsp;<\/p>\n<p><strong>JARA NOS RECUERDA A ULISES<\/strong><\/p>\n<p><strong>Y A GABINO, DOS FR\u00cdVOLOS\u2026<\/strong><\/p>\n<p>&nbsp;<\/p>\n<figure id=\"attachment_2332\" aria-describedby=\"caption-attachment-2332\" style=\"width: 290px\" class=\"wp-caption alignright\"><a href=\"https:\/\/elcorreodeoaxaca.com\/wp-content\/uploads\/2024\/12\/tequio-avion-propiedad-del-gobierno-del-estado-de-oaxaca.jpg\"><img loading=\"lazy\" decoding=\"async\" class=\"size-medium wp-image-2332\" src=\"https:\/\/elcorreodeoaxaca.com\/wp-content\/uploads\/2024\/12\/tequio-avion-propiedad-del-gobierno-del-estado-de-oaxaca-300x161.jpg\" alt=\"\" width=\"300\" height=\"161\" srcset=\"https:\/\/elcorreodeoaxaca.com\/wp-content\/uploads\/2024\/12\/tequio-avion-propiedad-del-gobierno-del-estado-de-oaxaca-300x161.jpg 300w, https:\/\/elcorreodeoaxaca.com\/wp-content\/uploads\/2024\/12\/tequio-avion-propiedad-del-gobierno-del-estado-de-oaxaca-335x179.jpg 335w, https:\/\/elcorreodeoaxaca.com\/wp-content\/uploads\/2024\/12\/tequio-avion-propiedad-del-gobierno-del-estado-de-oaxaca.jpg 756w\" sizes=\"auto, (max-width: 300px) 100vw, 300px\" \/><\/a><figcaption id=\"caption-attachment-2332\" class=\"wp-caption-text\">Avi\u00f3n propiedad del Gobierno del estado de Oaxaca<\/figcaption><\/figure>\n<p>Un PRI remasterizado con piel de Morena\u2026 Alejandro Moreno C\u00e1rdenas, como gobernador de Campeche, no tiene diferencia alguna con Salom\u00f3n\u2026 Javier Duarte, el ex gobernador de Veracruz, hoy en la c\u00e1rcel, es semejante a Jara Cruz\u2026 C\u00e9sar Duarte Jaques, ex de Chihuahua, tiene muchas coincidencias con el jefe del ejecutivo estatal de Oaxaca\u2026 Manlio Fabio Beltrones, tiene algunas cosas en com\u00fan con el morenista Salom\u00f3n Jara, uno de ellos es la \u201camistad\u201d con Samuel Gurri\u00f3n\u2026 Pero, hay dos exgobernadores que, como dice Juan Gabriel, \u201cte pareces tanto a m\u00ed\u2026 Ulises Ruiz Ortiz, \u201cEl Carnicero\u201d y Gabino, al que conoce bien Salom\u00f3n\u2026 Todos los mencionados son fr\u00edvolos, corruptos y siempre fueron contra los tres principios de la Cuarta Transformaci\u00f3n, mienten, enga\u00f1an y traicionan.<\/p>\n<p>De esta manera, Salom\u00f3n, ha entrado a una espiral de la cual dif\u00edcilmente saldr\u00e1 porque con sus decisiones y actuaciones provocan que se acerque m\u00e1s a lo que, en su mejor y peor momento, practicaba el PRI, una corrupci\u00f3n e impunidad sin l\u00edmites\u2026<\/p>\n<p>&nbsp;<\/p>\n<p><strong>SALOM\u00d3N CALDER\u00d3N HINOJOSA<\/strong><\/p>\n<p><strong>Y FELIPE JARA CRUZ, DOS GOLPES<\/strong><\/p>\n<p><strong>\u00a0<\/strong><\/p>\n<figure id=\"attachment_2341\" aria-describedby=\"caption-attachment-2341\" style=\"width: 169px\" class=\"wp-caption alignright\"><a href=\"https:\/\/elcorreodeoaxaca.com\/wp-content\/uploads\/2024\/12\/tequio-carlos-salinas.jpg\"><img loading=\"lazy\" decoding=\"async\" class=\"size-medium wp-image-2341\" src=\"https:\/\/elcorreodeoaxaca.com\/wp-content\/uploads\/2024\/12\/tequio-carlos-salinas-179x300.jpg\" alt=\"\" width=\"179\" height=\"300\" srcset=\"https:\/\/elcorreodeoaxaca.com\/wp-content\/uploads\/2024\/12\/tequio-carlos-salinas-179x300.jpg 179w, https:\/\/elcorreodeoaxaca.com\/wp-content\/uploads\/2024\/12\/tequio-carlos-salinas-200x335.jpg 200w, https:\/\/elcorreodeoaxaca.com\/wp-content\/uploads\/2024\/12\/tequio-carlos-salinas.jpg 441w\" sizes=\"auto, (max-width: 179px) 100vw, 179px\" \/><\/a><figcaption id=\"caption-attachment-2341\" class=\"wp-caption-text\">Carlos Salinas de Gortari<\/figcaption><\/figure>\n<p>Ocurri\u00f3 a fines del 2009 cuando Felipe Calder\u00f3n Hinojosa, como presidente espurio de M\u00e9xico, decidi\u00f3 dar un \u201cgolpe de estado\u201d (Manuel Barttlet dixit) con los trabajadores del Sindicato Mexicano de Electricistas, SME, para de esta manera desaparecer al gremio y con ello acelerar la privatizaci\u00f3n de la Comisi\u00f3n Federal de Electricidad, CFE.<\/p>\n<p>Esta vez, el turno al bat fue para Salom\u00f3n Jara Cruz, que se ha develado como un verdadero represor e intolerante como mandatario.<\/p>\n<p>As\u00ed como lo hizo Felipe Calder\u00f3n, Salom\u00f3n, de un plumazo le peg\u00f3 un golpe a cerca de 1500 familias oaxaque\u00f1as, pues por \u201cdecreto\u201d, decisi\u00f3n que no puede tomar un gobernador, decidi\u00f3 echar a la calle a 1500 trabajadores al servicio del gobierno estatal\u2026 El titular del ejecutivo local usurp\u00f3 funciones porque primero se debieron desahogar, caso por caso, los afectados en el Centro de Conciliaci\u00f3n Laboral de la Entidad y en este golpe represor el congreso local fungi\u00f3 como c\u00f3mplice del ejecutivo\u2026 En otras palabras, subrayamos que en Oaxaca la autoridad est\u00e1 a contra pelo de lo que practica el gobierno federal&#8230;<\/p>\n<p>Vale recordar que el expresidente L\u00f3pez Obrador, ech\u00f3 por tierra la Reforma Educativa de Enrique Pe\u00f1a Nieto, la cual criminaliza al magisterio nacional y, en su momento, AMLO argument\u00f3 que Pe\u00f1a Nieto buscaba una reforma administrativa (despidiendo a maestros) y no una Reforma Educativa\u2026 El mismo AMLO, ante los golpes que recibieron los trabajadores de Mexicana de Aviaci\u00f3n e hizo que volviera a volar esta l\u00ednea; recordemos que fue el mismo Felipe Calder\u00f3n, quien apoy\u00f3 al Grupo Posadas para que dejara de volar la aerol\u00ednea m\u00e1s antigua del pa\u00eds\u2026. Andr\u00e9s Manuel L\u00f3pez Obrador, reivindic\u00f3 la dignidad de los trabajadores mexicanos y aument\u00f3 el salario m\u00ednimo de 88 pesos diarios a 249 pesos, es decir un trabajador ganaba 2 mil 687 pesos mensuales y pas\u00f3 a obtener 7 mil 508 pesos al mes\u2026 Oaxaca es la cuna del neoliberalismo.<\/p>\n<figure id=\"attachment_2344\" aria-describedby=\"caption-attachment-2344\" style=\"width: 290px\" class=\"wp-caption alignright\"><a href=\"https:\/\/elcorreodeoaxaca.com\/wp-content\/uploads\/2024\/12\/tequio-protestas-del-SINDICATO-MEXICANO-.jpg\"><img loading=\"lazy\" decoding=\"async\" class=\"size-medium wp-image-2344\" src=\"https:\/\/elcorreodeoaxaca.com\/wp-content\/uploads\/2024\/12\/tequio-protestas-del-SINDICATO-MEXICANO--300x158.jpg\" alt=\"\" width=\"300\" height=\"158\" srcset=\"https:\/\/elcorreodeoaxaca.com\/wp-content\/uploads\/2024\/12\/tequio-protestas-del-SINDICATO-MEXICANO--300x158.jpg 300w, https:\/\/elcorreodeoaxaca.com\/wp-content\/uploads\/2024\/12\/tequio-protestas-del-SINDICATO-MEXICANO--335x176.jpg 335w, https:\/\/elcorreodeoaxaca.com\/wp-content\/uploads\/2024\/12\/tequio-protestas-del-SINDICATO-MEXICANO-.jpg 756w\" sizes=\"auto, (max-width: 300px) 100vw, 300px\" \/><\/a><figcaption id=\"caption-attachment-2344\" class=\"wp-caption-text\">Protestas de trabajadores del SME<\/figcaption><\/figure>\n<p>El corte neoliberal de Salom\u00f3n Jara ha quedado exhibido con ese decreto y, en consecuencia, con el despido de casi mil 500 trabajadores. De este modo, la historia oaxaque\u00f1a atestigua que un ladino oriundo de la Sierra Norte es m\u00e1s neoliberal que Ernesto Zedillo, Carlos Salinas, Vicente Fox, Pe\u00f1a Nieto y Miguel de la Madrid.<\/p>\n<p>&nbsp;<\/p>\n<p><strong>UN LADINO CONVERTIDO\u00a0<\/strong><\/p>\n<p><strong>EN GLOBALIF\u00d3BICO<\/strong><\/p>\n<p>&nbsp;<\/p>\n<p>En nuestra entidad ha sido sepultado el Humanismo Mexicano y la econom\u00eda moral creados por el expresidente L\u00f3pez Obrador, gracias a una traici\u00f3n.<\/p>\n<p>Un globalif\u00f3bico ladino le puso el \u00faltimo clavo a la pol\u00edtica antineoliberal de L\u00f3pez Obrador, para Salom\u00f3n Jara primero es el \u201cmercado\u201d y despu\u00e9s la persona, primero son las mercanc\u00edas y despu\u00e9s los sentimientos.<\/p>\n<figure id=\"attachment_2343\" aria-describedby=\"caption-attachment-2343\" style=\"width: 184px\" class=\"wp-caption alignright\"><a href=\"https:\/\/elcorreodeoaxaca.com\/wp-content\/uploads\/2024\/12\/tequio-felipe-calderon.jpg\"><img loading=\"lazy\" decoding=\"async\" class=\"size-medium wp-image-2343\" src=\"https:\/\/elcorreodeoaxaca.com\/wp-content\/uploads\/2024\/12\/tequio-felipe-calderon-194x300.jpg\" alt=\"\" width=\"194\" height=\"300\" srcset=\"https:\/\/elcorreodeoaxaca.com\/wp-content\/uploads\/2024\/12\/tequio-felipe-calderon-194x300.jpg 194w, https:\/\/elcorreodeoaxaca.com\/wp-content\/uploads\/2024\/12\/tequio-felipe-calderon-216x335.jpg 216w, https:\/\/elcorreodeoaxaca.com\/wp-content\/uploads\/2024\/12\/tequio-felipe-calderon.jpg 441w\" sizes=\"auto, (max-width: 194px) 100vw, 194px\" \/><\/a><figcaption id=\"caption-attachment-2343\" class=\"wp-caption-text\">Felipe Calder\u00f3n Hinojosa<\/figcaption><\/figure>\n<p>Habr\u00e1 que recordarle a Jara cruz que la presidenta Claudia Sheinbaum Pardo logr\u00f3 que la C\u00e1mara de Diputados aprobara uno de los presupuestos m\u00e1s altos para que se lograra atacar las carencias de los j\u00f3venes, de los ni\u00f1os, de los adultos mayores, de los discapacitados, de los desempleados, entre muchos otros, mientras en Oaxaca, desde el gobierno, observan con racismo, clasismo y discriminaci\u00f3n a los m\u00e1s necesitados.<\/p>\n<p>Dicen que para que la cu\u00f1a apriete debe ser del mismo palo, eso es lo que ha ocurrido con el decretazo contra los bur\u00f3cratas de la entidad, en su mayor\u00eda ind\u00edgenas, pero no ladinos.<\/p>\n<p>A continuaci\u00f3n, vamos con la explicaci\u00f3n y justificaci\u00f3n oficial del decretazo salom\u00f3nico:<\/p>\n<p>1).- \u201cEl\u00a0dictamen enviado\u00a0a la Legislatura, presidida por el morenista Benjam\u00edn Viveros Montalvo y su mayor\u00eda de Morena (local), est\u00e1 alineado a los\u00a0principios de austeridad republicana\u00a0y tiene el objetivo de hacer un\u00a0mejor uso de los recursos p\u00fablicos, de manera responsable y eficiente, para\u00a0generar un ahorro\u00a0dentro la administraci\u00f3n estatal\u201d,<\/p>\n<p>Observaci\u00f3n: El mejor uso de los recursos p\u00fablicos es aprobar 45 millones de pesos para el \u201cmantenimiento\u201d del avi\u00f3n oficial.<\/p>\n<p>2).- El Gobierno de Oaxaca inform\u00f3 que la revocaci\u00f3n de nombramientos de base por supresi\u00f3n de mil 344 plazas administrativas, es resultado de una revisi\u00f3n minuciosa efectuada por la Secretar\u00eda de Honestidad, Transparencia y Funci\u00f3n P\u00fablica ante el crecimiento desmesurado y desproporcionado registrado en el anterior sexenio.<\/p>\n<p>3).- El comunicado oficial agrega: De 2013 a 2022 el incremento de plazas representa el 100 por ciento de las bases, que ponen en riesgo el Fondo de Pensiones para las y los jubilados, pensionados y pensionistas, provocando que se destinen recursos extraordinarios.<\/p>\n<figure id=\"attachment_2342\" aria-describedby=\"caption-attachment-2342\" style=\"width: 182px\" class=\"wp-caption alignright\"><a href=\"https:\/\/elcorreodeoaxaca.com\/wp-content\/uploads\/2024\/12\/tequio-claudia.jpg\"><img loading=\"lazy\" decoding=\"async\" class=\"size-medium wp-image-2342\" src=\"https:\/\/elcorreodeoaxaca.com\/wp-content\/uploads\/2024\/12\/tequio-claudia-192x300.jpg\" alt=\"\" width=\"192\" height=\"300\" srcset=\"https:\/\/elcorreodeoaxaca.com\/wp-content\/uploads\/2024\/12\/tequio-claudia-192x300.jpg 192w, https:\/\/elcorreodeoaxaca.com\/wp-content\/uploads\/2024\/12\/tequio-claudia-214x335.jpg 214w, https:\/\/elcorreodeoaxaca.com\/wp-content\/uploads\/2024\/12\/tequio-claudia.jpg 441w\" sizes=\"auto, (max-width: 192px) 100vw, 192px\" \/><\/a><figcaption id=\"caption-attachment-2342\" class=\"wp-caption-text\">Claudia Sheinbaum Pardo<\/figcaption><\/figure>\n<p>4).- Se\u00f1al\u00f3 que en menos de 10 a\u00f1os se incrementaron las plazas de base de 8 mil 187 a 12 mil 244, lo que representa un aumento de m\u00e1s de 2 mil 24 millones pagados en servicios personales, gasto que afecta la econom\u00eda estatal que restringe programas para el desarrollo y bienestar de la poblaci\u00f3n en general.<\/p>\n<p>Observaci\u00f3n: La austeridad republicana tambi\u00e9n incluir\u00e1 el viaje a Roma con un grupo de amigos, so pretexto de visitar e invitar al Papa Francisco a Oaxaca, asumiendo el papel de canciller del gobierno mexicano, es pregunta.<\/p>\n<p><strong>\u00a0<\/strong><\/p>\n<p><strong>\u00bfARM\u00d3 UNA BOMBA\u00a0<\/strong><\/p>\n<p><strong>DE TIEMPO?<\/strong><\/p>\n<p><strong>\u00a0<\/strong><\/p>\n<p>En su borrachera de poder, el mandatario, el duelo de la chequera por ahora, arm\u00f3 una bomba de tiempo\u2026 Nos explicamos:<\/p>\n<p>A).- Casi al mismo tiempo del decretazo, el gobierno del estado boicotear el proceso electoral para elegir al nuevo dirigente de los bur\u00f3cratas y si estaban divididos por sus respectivas planillas, el se\u00f1or Jara logr\u00f3 lo que nadie hab\u00eda hecho, unificarlos en su contra con el despido masivo de trabajadores y empleados.<\/p>\n<figure id=\"attachment_2335\" aria-describedby=\"caption-attachment-2335\" style=\"width: 290px\" class=\"wp-caption alignright\"><a href=\"https:\/\/elcorreodeoaxaca.com\/wp-content\/uploads\/2024\/12\/tequio-Bloqueos-en-carreteras-del-Istmo.-Trabajadores-del-sector-Salud-protestan.jpg\"><img loading=\"lazy\" decoding=\"async\" class=\"size-medium wp-image-2335\" src=\"https:\/\/elcorreodeoaxaca.com\/wp-content\/uploads\/2024\/12\/tequio-Bloqueos-en-carreteras-del-Istmo.-Trabajadores-del-sector-Salud-protestan-300x200.jpg\" alt=\"\" width=\"300\" height=\"200\" srcset=\"https:\/\/elcorreodeoaxaca.com\/wp-content\/uploads\/2024\/12\/tequio-Bloqueos-en-carreteras-del-Istmo.-Trabajadores-del-sector-Salud-protestan-300x200.jpg 300w, https:\/\/elcorreodeoaxaca.com\/wp-content\/uploads\/2024\/12\/tequio-Bloqueos-en-carreteras-del-Istmo.-Trabajadores-del-sector-Salud-protestan-335x223.jpg 335w, https:\/\/elcorreodeoaxaca.com\/wp-content\/uploads\/2024\/12\/tequio-Bloqueos-en-carreteras-del-Istmo.-Trabajadores-del-sector-Salud-protestan-272x182.jpg 272w, https:\/\/elcorreodeoaxaca.com\/wp-content\/uploads\/2024\/12\/tequio-Bloqueos-en-carreteras-del-Istmo.-Trabajadores-del-sector-Salud-protestan-720x480.jpg 720w, https:\/\/elcorreodeoaxaca.com\/wp-content\/uploads\/2024\/12\/tequio-Bloqueos-en-carreteras-del-Istmo.-Trabajadores-del-sector-Salud-protestan.jpg 756w\" sizes=\"auto, (max-width: 300px) 100vw, 300px\" \/><\/a><figcaption id=\"caption-attachment-2335\" class=\"wp-caption-text\">Bloqueos en carreteras del Istmo<\/figcaption><\/figure>\n<p>B).- Otro frente abierto que tiene el gobierno local, es el de los trabajadores y empleados del sector salud, pues dicen los enterados que la autoridad estatal tiene un pendiente con el sector laboral de salud que asciende a 400 millones de pesos, m\u00e1s o menos.<\/p>\n<p>C).- Por ello, no es casual que en el Istmo el pasado viernes se hayan registrado seis bloqueos en las carreteras que comunican con Chiapas y Veracruz, as\u00ed como el bloqueo que impidi\u00f3 el tr\u00e1nsito en el interior de v\u00edas de comunicaci\u00f3n en territorio oaxaque\u00f1o.<\/p>\n<p>&nbsp;<\/p>\n<p><strong>GOBERNAR, NO SE TRATA DE\u00a0<\/strong><\/p>\n<p><strong>CONTENER, SINO DE RESOLVER<\/strong><\/p>\n<p>&nbsp;<\/p>\n<p>No dudamos que el 31 de diciembre del 2024, del municipio de Oaxaca de Ju\u00e1rez, saldr\u00e1 una nueva camada de funcionarios convertidos en empresarios.<\/p>\n<p>Vamos a los hechos:<\/p>\n<figure id=\"attachment_2334\" aria-describedby=\"caption-attachment-2334\" style=\"width: 159px\" class=\"wp-caption alignright\"><a href=\"https:\/\/elcorreodeoaxaca.com\/wp-content\/uploads\/2024\/12\/tequio-Benjamin-Viveros-Montalvo.jpg\"><img loading=\"lazy\" decoding=\"async\" class=\"size-medium wp-image-2334\" src=\"https:\/\/elcorreodeoaxaca.com\/wp-content\/uploads\/2024\/12\/tequio-Benjamin-Viveros-Montalvo-169x300.jpg\" alt=\"\" width=\"169\" height=\"300\" srcset=\"https:\/\/elcorreodeoaxaca.com\/wp-content\/uploads\/2024\/12\/tequio-Benjamin-Viveros-Montalvo-169x300.jpg 169w, https:\/\/elcorreodeoaxaca.com\/wp-content\/uploads\/2024\/12\/tequio-Benjamin-Viveros-Montalvo-189x335.jpg 189w, https:\/\/elcorreodeoaxaca.com\/wp-content\/uploads\/2024\/12\/tequio-Benjamin-Viveros-Montalvo.jpg 441w\" sizes=\"auto, (max-width: 169px) 100vw, 169px\" \/><\/a><figcaption id=\"caption-attachment-2334\" class=\"wp-caption-text\">Benjam\u00edn Viveros Montalvo<\/figcaption><\/figure>\n<p>De pena ajena las declaraciones de Francisco Mart\u00ednez Neri, edil saliente del municipio de Oaxaca capital, pues al rendir su informe de labores 2024, c\u00ednicamente manifest\u00f3 que los problemas de la jurisdicci\u00f3n citada tuvieron que ser contuvieron, es decir, hubo contenci\u00f3n de la crisis de la basura, de la deuda p\u00fablica heredada, as\u00ed como el d\u00e9ficit del Fondo de Pensiones.<\/p>\n<p>De esta manera, el ex rector de la UABJO devel\u00f3 que, como m\u00e1xima autoridad de la universidad, solamente se dedic\u00f3 a contener y no a resolver los problemas, acad\u00e9micos, docentes, de investigaci\u00f3n, entre otros, pero lo que resolvi\u00f3 fue su problema econ\u00f3mico de dos generaciones debido a la corrupci\u00f3n que imper\u00f3 cuando estuvo al frente de la M\u00e1xima Casa de Estudios, bueno, pero eso es harina de otro costal.<\/p>\n<p>Neri, mencion\u00f3 ante los presentes, muchos de ellos convertidos en focas por tanto aplaudir, que su \u201cgobierno\u201d utiliz\u00f3 nada m\u00e1s 800 millones de pesos para el pago de la deuda y enfrentar la crisis de basura en la ciudad capital\u2026. En este \u00faltimo rubro, tenemos que recordar que hasta el 2023, el alcalde saliente del municipio capitalino habr\u00eda utilizado 300 millones de pesos para \u201cenfrentar\u201d el\u00a0grave problema de la basura, aqu\u00ed la pregunta estriba \u00bfcu\u00e1nto m\u00e1s se utiliz\u00f3 en el 2024 para continuar \u201cconteniendo\u201d la crisis de desechos.<\/p>\n<p>&nbsp;<\/p>\n<p><strong>LA COMPLICIDAD CON\u00a0<\/strong><\/p>\n<p><strong>GARC\u00cdA-CRIOLLO JARQU\u00cdN<\/strong><\/p>\n<p><strong>\u00a0<\/strong><\/p>\n<p>Si alguien o algunos los ven por la calle o en alg\u00fan acto p\u00fablico, nadie pensar\u00eda que tanto Mart\u00ednez Neri como Oswaldo Garc\u00eda-Criollo Jarqu\u00edn, dicen en voz baja a piensan ambos conforman una dupla de ladrones de siete suelas\u2026 Porque ninguno de los dos present\u00f3 cuentas claras de sus respectivos trienios, por ello no es casual que Neri perdi\u00f3 el intento de reelecci\u00f3n, por sus u\u00f1as largas.<\/p>\n<figure id=\"attachment_2338\" aria-describedby=\"caption-attachment-2338\" style=\"width: 155px\" class=\"wp-caption alignright\"><a href=\"https:\/\/elcorreodeoaxaca.com\/wp-content\/uploads\/2024\/12\/tequio-Francisco-Martinez-Neri.jpg\"><img loading=\"lazy\" decoding=\"async\" class=\"size-medium wp-image-2338\" src=\"https:\/\/elcorreodeoaxaca.com\/wp-content\/uploads\/2024\/12\/tequio-Francisco-Martinez-Neri-165x300.jpg\" alt=\"\" width=\"165\" height=\"300\" srcset=\"https:\/\/elcorreodeoaxaca.com\/wp-content\/uploads\/2024\/12\/tequio-Francisco-Martinez-Neri-165x300.jpg 165w, https:\/\/elcorreodeoaxaca.com\/wp-content\/uploads\/2024\/12\/tequio-Francisco-Martinez-Neri-184x335.jpg 184w, https:\/\/elcorreodeoaxaca.com\/wp-content\/uploads\/2024\/12\/tequio-Francisco-Martinez-Neri.jpg 441w\" sizes=\"auto, (max-width: 165px) 100vw, 165px\" \/><\/a><figcaption id=\"caption-attachment-2338\" class=\"wp-caption-text\">Francisco Mart\u00ednez Neri<\/figcaption><\/figure>\n<p>Como djo el menudero, vamos por partes:<\/p>\n<p>Oswaldo Garc\u00eda-Criollo Jarqu\u00edn, quien su pap\u00e1 (Oswaldo Garc\u00eda Criollo), es due\u00f1o de la Universidad Jos\u00e9 Vasconcelos, instituci\u00f3n donde le involucran a la juventud la honorabilidad, honestidad, la buena educaci\u00f3n, pero sobre todo no enga\u00f1ar, resulta que el hijo de su padre (Oswaldo Garc\u00eda-Crillo Jarqu\u00edn, como presidente municipal de Oaxaca de Ju\u00e1rez, hered\u00f3 una deuda de 386 millones de pesos, lo cual result\u00f3 un enorme porcentaje del presupuesto de egresos del 2022\u2026 Parte de ese d\u00e9bito institucional \u00bfa d\u00f3nde fue a parar? \u00bfEs parte de la riqueza que se amasa en la Universidad Jos\u00e9 Vasconcelos? \u00bfPor qu\u00e9 desde que dej\u00f3 la funci\u00f3n p\u00fablica, don Garc\u00eda-Criollo Jarqu\u00edn, no trabaja? \u00bfVive de sus rentas?.<\/p>\n<p>Hurgamos en las publicaciones de la \u00e9poca en que tom\u00f3 posesi\u00f3n Francisco Mart\u00ednez Neri ( 1 de enero del 2021) y en ese y en otros eventos que encabez\u00f3 el reci\u00e9n estrenado ex rector como edil, entre otra cosas, levant\u00f3 el \u00edndice flam\u00edgero para denunciar a voz en cuello:<\/p>\n<p>Hemos detectado, entre otras muchas cosas, que se hizo mal uso del erario p\u00fablico municipal (iba sobre Garc\u00eda-Criollo Jarqu\u00edn), se pagaron e cash o en \u201ccachete\u201d\u00a0\u00a0m\u00e1s de 70 millones de pesos \u00bfA qui\u00e9n? \u00bfPor qu\u00e9? Mediante una serie de transferencias bancarias, lo cual resultaron un total de 5 millones de pesos.<\/p>\n<p>Pero como dicen que en pol\u00edtica que las complicidades son m\u00e1s fuertes que las amistades, antes de viajar al futuro, llegamos a la conclusi\u00f3n que Neri, al final result\u00f3 c\u00f3mplice por omisi\u00f3n o comisi\u00f3n de su antecesor, Oswaldo Garc\u00eda Jarqu\u00edn, historia que a nivel municipal, data desde hace d\u00e9cadas\u2026 Por ello, insistimos al hacer la observaci\u00f3n que ning\u00fan presidente municipal entrante ha metido a la c\u00e1rcel por corrupci\u00f3n a su antecesor, \u00bfcurioso, no?.<\/p>\n<figure id=\"attachment_2340\" aria-describedby=\"caption-attachment-2340\" style=\"width: 290px\" class=\"wp-caption alignright\"><a href=\"https:\/\/elcorreodeoaxaca.com\/wp-content\/uploads\/2024\/12\/tequio-ciudad-de-oaxaca-invaida.jpg\"><img loading=\"lazy\" decoding=\"async\" class=\"size-medium wp-image-2340\" src=\"https:\/\/elcorreodeoaxaca.com\/wp-content\/uploads\/2024\/12\/tequio-ciudad-de-oaxaca-invaida-300x200.jpg\" alt=\"\" width=\"300\" height=\"200\" srcset=\"https:\/\/elcorreodeoaxaca.com\/wp-content\/uploads\/2024\/12\/tequio-ciudad-de-oaxaca-invaida-300x200.jpg 300w, https:\/\/elcorreodeoaxaca.com\/wp-content\/uploads\/2024\/12\/tequio-ciudad-de-oaxaca-invaida-335x223.jpg 335w, https:\/\/elcorreodeoaxaca.com\/wp-content\/uploads\/2024\/12\/tequio-ciudad-de-oaxaca-invaida-272x182.jpg 272w, https:\/\/elcorreodeoaxaca.com\/wp-content\/uploads\/2024\/12\/tequio-ciudad-de-oaxaca-invaida-720x480.jpg 720w, https:\/\/elcorreodeoaxaca.com\/wp-content\/uploads\/2024\/12\/tequio-ciudad-de-oaxaca-invaida.jpg 756w\" sizes=\"auto, (max-width: 300px) 100vw, 300px\" \/><\/a><figcaption id=\"caption-attachment-2340\" class=\"wp-caption-text\">La Verde Antequera invadida por ambulantes<\/figcaption><\/figure>\n<p>Lo m\u00e1s interesante de todo ese informe escrito, es lo que sigue:<\/p>\n<p>En el 2024 \u2013 dijo\u00a0\u00a0Marti\u0301nez Neri &#8212; se realizaron 51 sesiones, con 194 dicta\u0301menes aprobados y 139 puntos de acuerdo. Adema\u0301s de la emisio\u0301n de reglamentos claves como el de Justicia Ci\u0301vica y el de Movilidad y Seguridad Vial, con toda esta burocracia en qu\u00e9 se beneficiaron los oaxaque\u00f1os de la capital del estado, para llegar a este punto, realmente hay que ser un verdadero caradura.<\/p>\n<p>Pese a ser \u201cabogado\u201dy de haber sido legislador federal, Neri desconoce al arte de gobernar, de ah\u00ed que durante los \u00faltimos 3 a\u00f1os, en Oaxaca capital, hayamos padecido los 7 pecados capitales cometidos por el ex rector de la UABJO y del tal Canseco, el alter ego del chapat\u00edn convertido en autoridad municipal.<\/p>\n<p>1).- Crisis de la basura.<\/p>\n<p>2).- Problema de agua potable.<\/p>\n<p>3).- Inseguridad.<\/p>\n<p>4).- Vialidad.<\/p>\n<p>5).- Ambulantaje<\/p>\n<p>6).- Alcantarillado<\/p>\n<p>7).- Bacheo<\/p>\n<figure id=\"attachment_2339\" aria-describedby=\"caption-attachment-2339\" style=\"width: 185px\" class=\"wp-caption alignright\"><a href=\"https:\/\/elcorreodeoaxaca.com\/wp-content\/uploads\/2024\/12\/tequio-Oswaldo-Garcia-Jarquin.jpg\"><img loading=\"lazy\" decoding=\"async\" class=\"size-medium wp-image-2339\" src=\"https:\/\/elcorreodeoaxaca.com\/wp-content\/uploads\/2024\/12\/tequio-Oswaldo-Garcia-Jarquin-195x300.jpg\" alt=\"\" width=\"195\" height=\"300\" srcset=\"https:\/\/elcorreodeoaxaca.com\/wp-content\/uploads\/2024\/12\/tequio-Oswaldo-Garcia-Jarquin-195x300.jpg 195w, https:\/\/elcorreodeoaxaca.com\/wp-content\/uploads\/2024\/12\/tequio-Oswaldo-Garcia-Jarquin-218x335.jpg 218w, https:\/\/elcorreodeoaxaca.com\/wp-content\/uploads\/2024\/12\/tequio-Oswaldo-Garcia-Jarquin.jpg 441w\" sizes=\"auto, (max-width: 195px) 100vw, 195px\" \/><\/a><figcaption id=\"caption-attachment-2339\" class=\"wp-caption-text\">Oswaldo Garc\u00eda Jarqu\u00edn<\/figcaption><\/figure>\n<p>En su informe por escrito, Neri, nunca hizo menci\u00f3n al robo de 800 veh\u00edculos del encierro \u201cPrimavera\u201d, delito en el que el todav\u00eda alcalde de la capital tiene un \u201cligero\u201d parecido con Felipe Calder\u00f3n Hinojosa, ex\u00a0\u00a0presidente de M\u00e9xico que jura y perjura que nunca tuvo conocimiento que Genaro Garc\u00eda Luna, tuvieron nexos con el crimen organizado. En el caso del ex rector, tambi\u00e9n jura y perjura que desconoc\u00eda y desconoce si fueron empleados del municipio los que llevaron a cabo ese robo en despoblado.<\/p>\n<p>En su largo escrito, que parec\u00eda un texto de Don Quijote o la Biblia, a la autoridad informante tambi\u00e9n se lo \u201colvid\u00f3\u201d la promesa que hizo ante la sociedad de Oaxaca de Ju\u00e1rez, acabar con la corrupci\u00f3n y la impunidad, pero quienes escucharon este compromiso, entendieron mal, es decir, dijo que se promover\u00eda la corrupci\u00f3n y la impunidad.<\/p>\n<p>Tenemos que agradecer que Francisco Mart\u00ednez Neri, fue rector de la UABJO porque es garant\u00eda de no corrupci\u00f3n, no impunidad, (des)honestidad, (in)decencia), (des)honorabilidad y sobre todo, llevarse hasta los clips de loa escritorios\u2026 De no haber gobernado tres a\u00f1os Mart\u00ednez Neri, estamos ciertos que Oaxaca y los oaxaque\u00f1os de la ciudad capital, estar\u00edamos nadando en una cloaca, de la que nos salvamos gracias a Neri.<\/p>\n","protected":false},"excerpt":{"rendered":"<p>45 millones de pesos para \u201cmantenimiento\u201d del avi\u00f3n oficial; \u00bfalguien cree semejante maniobra para saquear? \u00bfAlguien ha visto a Salom\u00f3n Jara Cruz viajar en vuelos comerciales? \u00bfqui\u00e9nes le han observado por la capital? \u00bfAguantar\u00eda una revocaci\u00f3n de mandato ante tantos problemas? \u00bfQu\u00e9 popularidad tiene el mandatario Jara? Con el decretazo que deja sin trabajo a &#8230;<\/p>\n","protected":false},"author":1,"featured_media":2345,"comment_status":"open","ping_status":"open","sticky":false,"template":"","format":"standard","meta":{"footnotes":""},"categories":[19],"tags":[],"class_list":["post-2331","post","type-post","status-publish","format-standard","has-post-thumbnail","hentry","category-columna"],"_links":{"self":[{"href":"https:\/\/elcorreodeoaxaca.com\/index.php?rest_route=\/wp\/v2\/posts\/2331","targetHints":{"allow":["GET"]}}],"collection":[{"href":"https:\/\/elcorreodeoaxaca.com\/index.php?rest_route=\/wp\/v2\/posts"}],"about":[{"href":"https:\/\/elcorreodeoaxaca.com\/index.php?rest_route=\/wp\/v2\/types\/post"}],"author":[{"embeddable":true,"href":"https:\/\/elcorreodeoaxaca.com\/index.php?rest_route=\/wp\/v2\/users\/1"}],"replies":[{"embeddable":true,"href":"https:\/\/elcorreodeoaxaca.com\/index.php?rest_route=%2Fwp%2Fv2%2Fcomments&post=2331"}],"version-history":[{"count":1,"href":"https:\/\/elcorreodeoaxaca.com\/index.php?rest_route=\/wp\/v2\/posts\/2331\/revisions"}],"predecessor-version":[{"id":2347,"href":"https:\/\/elcorreodeoaxaca.com\/index.php?rest_route=\/wp\/v2\/posts\/2331\/revisions\/2347"}],"wp:featuredmedia":[{"embeddable":true,"href":"https:\/\/elcorreodeoaxaca.com\/index.php?rest_route=\/wp\/v2\/media\/2345"}],"wp:attachment":[{"href":"https:\/\/elcorreodeoaxaca.com\/index.php?rest_route=%2Fwp%2Fv2%2Fmedia&parent=2331"}],"wp:term":[{"taxonomy":"category","embeddable":true,"href":"https:\/\/elcorreodeoaxaca.com\/index.php?rest_route=%2Fwp%2Fv2%2Fcategories&post=2331"},{"taxonomy":"post_tag","embeddable":true,"href":"https:\/\/elcorreodeoaxaca.com\/index.php?rest_route=%2Fwp%2Fv2%2Ftags&post=2331"}],"curies":[{"name":"wp","href":"https:\/\/api.w.org\/{rel}","templated":true}]}}