{"id":2247,"date":"2024-12-14T22:20:50","date_gmt":"2024-12-15T04:20:50","guid":{"rendered":"https:\/\/elcorreodeoaxaca.com\/?p=2247"},"modified":"2024-12-14T22:20:50","modified_gmt":"2024-12-15T04:20:50","slug":"senales-financieras-la-economia-esta-quieta-inician-vacaciones-de-fin-de-ano","status":"publish","type":"post","link":"https:\/\/elcorreodeoaxaca.com\/?p=2247","title":{"rendered":"Se\u00f1ales financieras : La econom\u00eda est\u00e1 quieta&#8230;  Inician vacaciones de fin de a\u00f1o"},"content":{"rendered":"<p style=\"text-align: center;\"><strong><em>Benjam\u00edn Bernal\/Reportajes Metropolitanos<\/em><\/strong><\/p>\n<figure id=\"attachment_2250\" aria-describedby=\"caption-attachment-2250\" style=\"width: 290px\" class=\"wp-caption alignright\"><a href=\"https:\/\/elcorreodeoaxaca.com\/wp-content\/uploads\/2024\/12\/sena-donal-trump-justin-trudeau.jpg\"><img loading=\"lazy\" decoding=\"async\" class=\"size-medium wp-image-2250\" src=\"https:\/\/elcorreodeoaxaca.com\/wp-content\/uploads\/2024\/12\/sena-donal-trump-justin-trudeau-300x169.jpg\" alt=\"\" width=\"300\" height=\"169\" srcset=\"https:\/\/elcorreodeoaxaca.com\/wp-content\/uploads\/2024\/12\/sena-donal-trump-justin-trudeau-300x169.jpg 300w, https:\/\/elcorreodeoaxaca.com\/wp-content\/uploads\/2024\/12\/sena-donal-trump-justin-trudeau-335x188.jpg 335w, https:\/\/elcorreodeoaxaca.com\/wp-content\/uploads\/2024\/12\/sena-donal-trump-justin-trudeau-700x394.jpg 700w, https:\/\/elcorreodeoaxaca.com\/wp-content\/uploads\/2024\/12\/sena-donal-trump-justin-trudeau.jpg 756w\" sizes=\"auto, (max-width: 300px) 100vw, 300px\" \/><\/a><figcaption id=\"caption-attachment-2250\" class=\"wp-caption-text\">Donald Trump y Justin Trudeau<\/figcaption><\/figure>\n<p><strong>GPS FINANCIERO.<\/strong> Abri\u00f3 esta semana del 2 de diciembre sobre 49,812, clausura el IPC de la BMV en 41,148, un sube y baja dentro de un canal entre 49 a 51 mil, veremos que pasa de aqu\u00ed al d\u00eda 15, cuando las grandes tesorer\u00edas personales e institucionales invierten su dinero hasta los primeros d\u00edas de enero de 2025. El cete de 28 d\u00edas 9.90% pensamos que la dejar\u00e1n igual, pero nunca se sabe. El d\u00f3lar se compra con 20.19 y hasta 21.15 dependiendo del d\u00eda, instituci\u00f3n y monto. El Euro cotiza en 22.37 y el petr\u00f3leo Wti 67.2 ha descendido un 4% en doce meses.<\/p>\n<p><strong>ZONA DE CURVAS.<\/strong> El mundo accionario: ALFA experiment\u00f3 la mayor p\u00e9rdida, con un rendimiento negativo de 5.1%, llegando a 15.4 pesos, Elektra baja radicalmente y al viernes hab\u00eda bajado 70% El d\u00f3lar sigue nervioso, pues en \u00e9sta \u00e9poca la gente compraba) sus d\u00f3lares para ir de paseo, por las vacaciones. El Cete de 28 d\u00edas, usado como referencia para el mundo del dinero sigue bajando, con la inflaci\u00f3n, que en octubre marc\u00f3 4.76% aument\u00f3 .<\/p>\n<p>Es muy frecuente que los n\u00fameros van a cerrar muy cercanos a lo que expresamos hoy, debido a las vacaciones y que \u201cpago por ver\u201d la manera en que inician el a\u00f1o, tanto los gobernantes como los inversionistas.<\/p>\n<p><strong>ZONA DE NIEBLA: EUA<\/strong> reporta 227,000 nuevos empleos en noviembre. Al comentar esto hay que hablar del empleo en M\u00e9xico, que deber\u00eda aclararse: dicen que est\u00e1n ocupadas 58.9%, cuando la tasa de desempleo reconocida es de 2.5%. De acuerdo con los datos del primer trimestre del 2024 publicados por el INEGI, en la Encuesta Nacional de Ocupaci\u00f3n y Empleo (ENOE), el 54.3 por ciento de la poblaci\u00f3n ocupada en M\u00e9xico trabaja en condiciones de informalidad. Es decir, sin seguridad social, como IMSS, Vivienda, etc. O sea, hay un largo tema para discutir sobre el desempleo (eran empleados formales) y los desocupados (sin prestaciones)<\/p>\n<figure id=\"attachment_2252\" aria-describedby=\"caption-attachment-2252\" style=\"width: 290px\" class=\"wp-caption alignright\"><a href=\"https:\/\/elcorreodeoaxaca.com\/wp-content\/uploads\/2024\/12\/sena-accciones-de-elektra.avif\"><img loading=\"lazy\" decoding=\"async\" class=\"size-medium wp-image-2252\" src=\"https:\/\/elcorreodeoaxaca.com\/wp-content\/uploads\/2024\/12\/sena-accciones-de-elektra-300x182.avif\" alt=\"\" width=\"300\" height=\"182\" srcset=\"https:\/\/elcorreodeoaxaca.com\/wp-content\/uploads\/2024\/12\/sena-accciones-de-elektra-300x182.avif 300w, https:\/\/elcorreodeoaxaca.com\/wp-content\/uploads\/2024\/12\/sena-accciones-de-elektra-1024x620.avif 1024w, https:\/\/elcorreodeoaxaca.com\/wp-content\/uploads\/2024\/12\/sena-accciones-de-elektra-768x465.avif 768w, https:\/\/elcorreodeoaxaca.com\/wp-content\/uploads\/2024\/12\/sena-accciones-de-elektra-335x203.avif 335w, https:\/\/elcorreodeoaxaca.com\/wp-content\/uploads\/2024\/12\/sena-accciones-de-elektra.avif 1100w\" sizes=\"auto, (max-width: 300px) 100vw, 300px\" \/><\/a><figcaption id=\"caption-attachment-2252\" class=\"wp-caption-text\">Acciones de Elektra.A la baja<\/figcaption><\/figure>\n<p><strong>ROJO.<\/strong> Justin Trudeau escuch\u00f3 las amenazas de Donald Trump acerca de imponer aranceles de 25% si no frena el flujo de migrantes y drogas a los EUA, y dijo que se indignaba por la comparaci\u00f3n, que prefer\u00eda sacrificar su amistad con M\u00e9xico, para cuidar su relaci\u00f3n con los norteamericanos. A esto agregaron \u201cque no nos consideren en la misma canasta\u201d Doug Ford (Primer ministro de Ontario) y el probable candidato a Premier de Canad\u00e1, Pierre Poilievre, habl\u00f3 de un acuerdo comercial excluyendo a M\u00e9xico como una posibilidad que impulsa.<\/p>\n<p>Esto debe llamar la atenci\u00f3n de nuestras autoridades para entender por qu\u00e9 nos miran con desconfianza, para hacer un cambio de estrategias si fuera necesario.<\/p>\n<p><strong>VEA SU MAPA.<\/strong> Hubo una \u00e9poca, quiz\u00e1 en los 80\u00b4s, en que se puso de moda imaginar que M\u00e9xico fuera el Estado 51 de los EUA: dec\u00edan, as\u00ed tendr\u00edamos trabajo, posibilidad de movernos a d\u00f3nde haya necesidad de mano de obra de todo tipo, dejar\u00edamos de ser indocumentados, las clases medias estar\u00edan m\u00e1s cerca del sue\u00f1o americano. No hubieran existido devaluaciones\u2026<\/p>\n<figure id=\"attachment_2251\" aria-describedby=\"caption-attachment-2251\" style=\"width: 290px\" class=\"wp-caption alignright\"><a href=\"https:\/\/elcorreodeoaxaca.com\/wp-content\/uploads\/2024\/12\/sena-persiste-desempleo.jpg\"><img loading=\"lazy\" decoding=\"async\" class=\"size-medium wp-image-2251\" src=\"https:\/\/elcorreodeoaxaca.com\/wp-content\/uploads\/2024\/12\/sena-persiste-desempleo-300x180.jpg\" alt=\"\" width=\"300\" height=\"180\" srcset=\"https:\/\/elcorreodeoaxaca.com\/wp-content\/uploads\/2024\/12\/sena-persiste-desempleo-300x180.jpg 300w, https:\/\/elcorreodeoaxaca.com\/wp-content\/uploads\/2024\/12\/sena-persiste-desempleo-335x201.jpg 335w, https:\/\/elcorreodeoaxaca.com\/wp-content\/uploads\/2024\/12\/sena-persiste-desempleo.jpg 756w\" sizes=\"auto, (max-width: 300px) 100vw, 300px\" \/><\/a><figcaption id=\"caption-attachment-2251\" class=\"wp-caption-text\">Persiste desempleo en M\u00e9xico<\/figcaption><\/figure>\n<p>Dicen que era una broma: pero Donald Trump dijo que le gustar\u00eda quiz\u00e1 que Canad\u00e1 fuera el estado N\u00famero 51 de la Uni\u00f3n Americana, hablaban sobre aranceles en una cena en el club Mar-a-Lago de Trump, de su propiedad.<\/p>\n<p>La consecuencia natural de una fusi\u00f3n de este tipo ser\u00eda que todos los ciudadanos de un pa\u00eds, deben ir a luchar en caso de una guerra.<\/p>\n<p>Podr\u00eda darse una sobreventa de todos los productos que subir\u00e1n de precio por los aranceles, de hacerse a partir de la entrada en funciones del Sr. Trump afectar\u00e1 las econom\u00edas, pero estimamos que quiz\u00e1 un mes se podr\u00edan dar \u201cCompras de P\u00e1nico\u201d<\/p>\n<p><strong>VISITE LA GASOLINERA<\/strong>. El hidrocarburo adulterado por los Huachicoleros representa el 33% de la que se vende, eso dicen. Al inhalar sus gases afectan diferente el ser humano, si ya de por s\u00ed, nos contamina. \u00bfC\u00f3mo afecta su auto? puede obstruir los inyectores, la bomba de combustible y afecta el rendimiento, es como trabajar m\u00e1s y a marchas forzadas. Desconf\u00ede de la gasolina barata, en estaciones de servicios desconfiables, sobre todo en aquellas que dejan sentir que su auto est\u00e1 fallando.<\/p>\n<figure id=\"attachment_2248\" aria-describedby=\"caption-attachment-2248\" style=\"width: 290px\" class=\"wp-caption alignright\"><a href=\"https:\/\/elcorreodeoaxaca.com\/wp-content\/uploads\/2024\/12\/sena-huachicol-adulterado.jpeg\"><img loading=\"lazy\" decoding=\"async\" class=\"size-medium wp-image-2248\" src=\"https:\/\/elcorreodeoaxaca.com\/wp-content\/uploads\/2024\/12\/sena-huachicol-adulterado-300x200.jpeg\" alt=\"\" width=\"300\" height=\"200\" srcset=\"https:\/\/elcorreodeoaxaca.com\/wp-content\/uploads\/2024\/12\/sena-huachicol-adulterado-300x200.jpeg 300w, https:\/\/elcorreodeoaxaca.com\/wp-content\/uploads\/2024\/12\/sena-huachicol-adulterado-335x223.jpeg 335w, https:\/\/elcorreodeoaxaca.com\/wp-content\/uploads\/2024\/12\/sena-huachicol-adulterado-272x182.jpeg 272w, https:\/\/elcorreodeoaxaca.com\/wp-content\/uploads\/2024\/12\/sena-huachicol-adulterado-720x480.jpeg 720w, https:\/\/elcorreodeoaxaca.com\/wp-content\/uploads\/2024\/12\/sena-huachicol-adulterado.jpeg 756w\" sizes=\"auto, (max-width: 300px) 100vw, 300px\" \/><\/a><figcaption id=\"caption-attachment-2248\" class=\"wp-caption-text\">Huachicol adulterado<\/figcaption><\/figure>\n<p><strong>HOJALATERO<\/strong>. Qu\u00e9 ociosos, proponen penalidad de 3 a\u00f1os de prisi\u00f3n al robo de mascotas. Ya existe esa medida y se hace as\u00ed, los<strong> perritos,<\/strong> gatitos, canarios. Etc. son equiparables a bienes, por lo tanto, al robarlo se convierte en probable culpable. El problema de pruebas ser\u00e1 el mismo. Incluir en la ley a las mascotas (propiedad y d\u00edas de visita) para caso de divorcio es llevar las cosas al extremo de tramitolog\u00eda.<\/p>\n<p><strong>USE ADITIVO.<\/strong> Para 2025 se propone un aumento de 12%, dicen que est\u00e1 probado que no es inflacionario. Yo opino que los que ganan m\u00e1s que el salario m\u00ednimo no permiten que sea menos que ese porcentaje de incremento o se cambian de empleo, esos dos aspectos, si van a aumentar la inflaci\u00f3n.<\/p>\n","protected":false},"excerpt":{"rendered":"<p>Benjam\u00edn Bernal\/Reportajes Metropolitanos GPS FINANCIERO. Abri\u00f3 esta semana del 2 de diciembre sobre 49,812, clausura el IPC de la BMV en 41,148, un sube y baja dentro de un canal entre 49 a 51 mil, veremos que pasa de aqu\u00ed al d\u00eda 15, cuando las grandes tesorer\u00edas personales e institucionales invierten su dinero hasta los &#8230;<\/p>\n","protected":false},"author":1,"featured_media":2249,"comment_status":"open","ping_status":"open","sticky":false,"template":"","format":"standard","meta":{"footnotes":""},"categories":[19],"tags":[],"class_list":["post-2247","post","type-post","status-publish","format-standard","has-post-thumbnail","hentry","category-columna"],"_links":{"self":[{"href":"https:\/\/elcorreodeoaxaca.com\/index.php?rest_route=\/wp\/v2\/posts\/2247","targetHints":{"allow":["GET"]}}],"collection":[{"href":"https:\/\/elcorreodeoaxaca.com\/index.php?rest_route=\/wp\/v2\/posts"}],"about":[{"href":"https:\/\/elcorreodeoaxaca.com\/index.php?rest_route=\/wp\/v2\/types\/post"}],"author":[{"embeddable":true,"href":"https:\/\/elcorreodeoaxaca.com\/index.php?rest_route=\/wp\/v2\/users\/1"}],"replies":[{"embeddable":true,"href":"https:\/\/elcorreodeoaxaca.com\/index.php?rest_route=%2Fwp%2Fv2%2Fcomments&post=2247"}],"version-history":[{"count":1,"href":"https:\/\/elcorreodeoaxaca.com\/index.php?rest_route=\/wp\/v2\/posts\/2247\/revisions"}],"predecessor-version":[{"id":2253,"href":"https:\/\/elcorreodeoaxaca.com\/index.php?rest_route=\/wp\/v2\/posts\/2247\/revisions\/2253"}],"wp:featuredmedia":[{"embeddable":true,"href":"https:\/\/elcorreodeoaxaca.com\/index.php?rest_route=\/wp\/v2\/media\/2249"}],"wp:attachment":[{"href":"https:\/\/elcorreodeoaxaca.com\/index.php?rest_route=%2Fwp%2Fv2%2Fmedia&parent=2247"}],"wp:term":[{"taxonomy":"category","embeddable":true,"href":"https:\/\/elcorreodeoaxaca.com\/index.php?rest_route=%2Fwp%2Fv2%2Fcategories&post=2247"},{"taxonomy":"post_tag","embeddable":true,"href":"https:\/\/elcorreodeoaxaca.com\/index.php?rest_route=%2Fwp%2Fv2%2Ftags&post=2247"}],"curies":[{"name":"wp","href":"https:\/\/api.w.org\/{rel}","templated":true}]}}