{"id":223,"date":"2024-09-10T03:21:08","date_gmt":"2024-09-10T08:21:08","guid":{"rendered":"https:\/\/elcorreodeoaxaca.com\/?p=87918"},"modified":"2024-09-10T03:21:08","modified_gmt":"2024-09-10T08:21:08","slug":"oaxaca-ingobernable-imputan-ejecucion-extrajudicial-a-dos-policias-de-santa-lucia-del-camino","status":"publish","type":"post","link":"https:\/\/elcorreodeoaxaca.com\/?p=223","title":{"rendered":"Oaxaca Ingobernable&#8230; : Imputan ejecuci\u00f3n extrajudicial a dos polic\u00edas de Santa Luc\u00eda del Camino"},"content":{"rendered":"<ul>\n<li>Estudiantes exigir\u00e1n la destituci\u00f3n de Juan Carlos Garc\u00eda M\u00e1rquez, edil de Santa Luc\u00eda por el crimen de Diego I. P.<\/li>\n<li>Juan Carlos Garc\u00eda M\u00e1rquez, alcalde de Santa Luc\u00eda, revictimiza a Diego I. P. y se va contra los medios de informaci\u00f3n<\/li>\n<li>El hospital civil \u201cAurelio Valdivieso\u201d, colapsado y a punto de cerrar; hay carencias de insumos y equipo, advierten<\/li>\n<li>Persiste en la entidad el problema del dengue; 74 pacientes internados en nosocomios; ocho se encuentran graves<\/li>\n<li>Bloquean carretera Huajuapan-CDMX para exigir la destituci\u00f3n de la edil\u00a0\u00a0In\u00e9s Mart\u00ednez; es acusada de malos manejos<\/li>\n<\/ul>\n<p>&nbsp;<\/p>\n<p style=\"text-align: center;\"><em><strong>Quadrat\u00edn\/Marca<\/strong><\/em><\/p>\n<p>&nbsp;<\/p>\n<figure id=\"attachment_87920\" aria-describedby=\"caption-attachment-87920\" style=\"width: 290px\" class=\"wp-caption alignright\"><a href=\"https:\/\/elcorreodeoaxaca.com\/wp-content\/uploads\/2024\/09\/INGO-Dolor-durante-el-sepelio-de-Diego-paz.jpeg\"><img loading=\"lazy\" decoding=\"async\" class=\"size-medium wp-image-87920\" src=\"https:\/\/elcorreodeoaxaca.com\/wp-content\/uploads\/2024\/09\/INGO-Dolor-durante-el-sepelio-de-Diego-paz-300x184.jpeg\" alt=\"\" width=\"300\" height=\"184\" \/><\/a><figcaption id=\"caption-attachment-87920\" class=\"wp-caption-text\">Dolor durante el sepelio de Diego Paz<\/figcaption><\/figure>\n<p>Septiembre 5.-\u00a0Como parte del avance en el caso en el que se emplean los m\u00e1s altos est\u00e1ndares en materia de procuraci\u00f3n de justicia y con perspectiva de derechos humanos, as\u00ed como victimol\u00f3gica, la Fiscal\u00eda General del Estado de Oaxaca (FGEO) llev\u00f3 ante el Juez y logr\u00f3 la imputaci\u00f3n por el delito de ejecuci\u00f3n extrajudicial en contra de dos personas (polic\u00edas municipales) por los hechos en los que perdi\u00f3 la vida Diego I. P. por disparo de arma de fuego, durante un incidente con la polic\u00eda municipal de Santa Luc\u00eda del Camino en un punto de revisi\u00f3n por el operativo alcohol\u00edmetro.<\/p>\n<p>La Fiscal\u00eda General del Estado de Oaxaca detall\u00f3 en un comunicado que, realiz\u00f3 los trabajos jur\u00eddicos necesarios para aplicar la reforma realizada al Art\u00edculo 292 Quarter del C\u00f3digo Penal del Estado de Oaxaca, lo que permiti\u00f3 obtener el resultado favorable en la audiencia de control de detenci\u00f3n y comunicaci\u00f3n de imputaci\u00f3n que se desarroll\u00f3 este 4 de septiembre de 2024, en contra de dos personas del sexo masculino identificadas como A.R.P. y J.J.S.C., por el delito de ejecuci\u00f3n extrajudicial de un hombre identificado como D.I.P.<\/p>\n<p>Con la imputaci\u00f3n de los dos elementos de la Polic\u00eda Municipal de Santa Luc\u00eda del Camino, es la primera vez en Oaxaca, y primer caso en M\u00e9xico, en que se inicia una investigaci\u00f3n ministerial por el delito de Ejecuci\u00f3n Extrajudicial, pues es un delito que recientemente fue tipificado, apenas en junio de 2024, luego de pasar por el Congreso Local.<\/p>\n<figure id=\"attachment_87926\" aria-describedby=\"caption-attachment-87926\" style=\"width: 143px\" class=\"wp-caption alignleft\"><a href=\"https:\/\/elcorreodeoaxaca.com\/wp-content\/uploads\/2024\/09\/INGO-JUAN-CARLOS-GARCIA-M.jpg\"><img loading=\"lazy\" decoding=\"async\" class=\"size-medium wp-image-87926\" src=\"https:\/\/elcorreodeoaxaca.com\/wp-content\/uploads\/2024\/09\/INGO-JUAN-CARLOS-GARCIA-M-153x300.jpg\" alt=\"\" width=\"153\" height=\"300\" \/><\/a><figcaption id=\"caption-attachment-87926\" class=\"wp-caption-text\">Juan Carlos Garc\u00eda M\u00e1rquez<\/figcaption><\/figure>\n<p>Por ello, el organismo procurador de justicia, a trav\u00e9s de la Fiscal\u00eda Especializada para la Atenci\u00f3n a Delitos de Alto Impacto ha realizado los actos de investigaci\u00f3n gracias a los cuales se han reunido las pruebas suficientes para realizar la imputaci\u00f3n de este caso paradigm\u00e1tico.<\/p>\n<p>Adem\u00e1s, que en el proceso de procuraci\u00f3n de justicia se prioriza la aplicaci\u00f3n de la perspectiva de derechos humanos, por ello, dentro de la integraci\u00f3n de la carpeta y la imputaci\u00f3n se implementaron las directrices del Protocolo de Minnesota como criterio orientador ante la sospecha fundada que probablemente existi\u00f3 un uso ilegal de la fuerza p\u00fablica.<\/p>\n<p>Por mandato constitucional, la Fiscal\u00eda de Oaxaca est\u00e1 obligada a investigar de forma pronta, efectiva, exhaustiva, independiente, imparcial, transparente y con apego a los derechos humanos toda muerte potencialmente il\u00edcita en la que exista una sospecha fundada de la intervenci\u00f3n de un agente del Estado, pues tiene la responsabilidad de brindar a las v\u00edctimas directas e indirectas un proceso de procuraci\u00f3n de justicia adecuado.<\/p>\n<p>Para la Fiscal\u00eda General del Estado de Oaxaca es prioritario garantizar a las v\u00edctimas directas e indirectas, el acceso a procesos de procuraci\u00f3n de justicia adecuados que permitan acceder a la reparaci\u00f3n del da\u00f1o, as\u00ed como garantizar su derecho a conocer la verdad de lo ocurrido, derecho que es transversal para la comunidad, la cual tambi\u00e9n sufre los efectos de este tipo de conductas, pues se vulnera la confianza en las autoridades lo que hace necesario acciones que permitan una adecuada rendici\u00f3n de cuentas.<\/p>\n<p>Los hechos ocurrieron durante la madrugada del s\u00e1bado 31 de agosto de 2024, cuando dos personas del sexo masculino, identificadas por las iniciales C. J. R. M. y D. I. P., viajaban a bordo de un autom\u00f3vil y llegaron al punto de verificaci\u00f3n de un operativo de alcohol\u00edmetro, colocado sobre la Avenida L\u00e1zaro C\u00e1rdenas, suceso a partir del cual derivaron las conductas tipificadas como delitos.<\/p>\n<figure id=\"attachment_87930\" aria-describedby=\"caption-attachment-87930\" style=\"width: 186px\" class=\"wp-caption alignright\"><a href=\"https:\/\/elcorreodeoaxaca.com\/wp-content\/uploads\/2024\/09\/INGO-Marcos-Fredy-Hernandez.jpeg\"><img loading=\"lazy\" decoding=\"async\" class=\"size-medium wp-image-87930\" src=\"https:\/\/elcorreodeoaxaca.com\/wp-content\/uploads\/2024\/09\/INGO-Marcos-Fredy-Hernandez-196x300.jpeg\" alt=\"\" width=\"196\" height=\"300\" \/><\/a><figcaption id=\"caption-attachment-87930\" class=\"wp-caption-text\">Marcos Fredy Hern\u00e1ndez<\/figcaption><\/figure>\n<p>La Fiscal\u00eda General del Estado de Oaxaca refrenda su compromiso de trabajar de forma objetiva, expedita e imparcial para que este hecho no quede impune, de la misma manera en que se brinda la atenci\u00f3n en todos los casos de delitos de alto impacto, para establecer la verdad jur\u00eddica de los hechos y que las v\u00edctimas directas e indirectas tengan pleno acceso a la justicia.<\/p>\n<p>&nbsp;<\/p>\n<p><strong>QUE EN LA JUSTICIA ENCUENTREN\u00a0<\/strong><\/p>\n<p><strong>CONSUELO, PIDEN PADRES DE DIEGO<\/strong><\/p>\n<p>&nbsp;<\/p>\n<p>Septiembre 2.- Nada ni nadie devolver\u00e1 la vida a Diego, pero que en la justicia terrenal encuentren consuelo, pidieron por los padres de Diego Ignacio Paz, el joven a quien polic\u00edas de Santa Luc\u00eda del Camino le quitaron la vida.<\/p>\n<p>Fue una misa muy triste, j\u00f3venes que no pudieron contener las l\u00e1grimas y madres que parec\u00edan entender el dolor de una madre.<\/p>\n<p>Diego era estudiante de la carrera de comunicaci\u00f3n en la Universidad An\u00e1huac, donde este lunes obtuvieron el permiso para ausentarse del colegio y acompa\u00f1ar la misa de cuerpo presente y el f\u00e9retro a su \u00faltima morada.<\/p>\n<p>Yacer\u00e1 en el Pante\u00f3n Jard\u00edn, en Huayapan, sepultando con \u00e9l las esperanzas e ilusiones de una familia de la que era el \u00fanico hijo.<\/p>\n<figure id=\"attachment_87928\" aria-describedby=\"caption-attachment-87928\" style=\"width: 290px\" class=\"wp-caption alignleft\"><a href=\"https:\/\/elcorreodeoaxaca.com\/wp-content\/uploads\/2024\/09\/INGO-POLICIA-MUNICIPAL-DE-STA.-CRUZ-AMILPAS.jpg\"><img loading=\"lazy\" decoding=\"async\" class=\"size-medium wp-image-87928\" src=\"https:\/\/elcorreodeoaxaca.com\/wp-content\/uploads\/2024\/09\/INGO-POLICIA-MUNICIPAL-DE-STA.-CRUZ-AMILPAS-300x225.jpg\" alt=\"\" width=\"300\" height=\"225\" \/><\/a><figcaption id=\"caption-attachment-87928\" class=\"wp-caption-text\">Polic\u00edas municipales de Sta. Luc\u00eda del Camino<\/figcaption><\/figure>\n<p>\u00abSiempre ser\u00e1s nuestro hermano\u00bb, dijeron los j\u00f3venes que lo despidieron visiblemente consternados. Y es que aseguran que Diego siempre era una mano dispuesta a ayudar. Ese s\u00e1bado, 31 de agosto, se ofreci\u00f3 igual que muchas otras veces, a llevar a un compa\u00f1ero como copiloto.<\/p>\n<p>En las exequias hubo globos blancos y el f\u00e9retro tambi\u00e9n fue de este color, un distintivo de bondad y de pureza, pues apenas cumplir\u00eda los 22 a\u00f1os.<\/p>\n<p>La justicia avanza lenta. Un polic\u00eda est\u00e1 sujeto a investigaci\u00f3n, otros m\u00e1s fueron cesados y el mando policial present\u00f3 su renuncia, sin responsabilidad alguna. Este mismo lunes, el gobernador Salom\u00f3n Jara reconoci\u00f3 que Marcos Fredy Hern\u00e1ndez \u00abtiene mucha cola que le pisen\u00bb y ofreci\u00f3 que el crimen no quedar\u00e1 en la impunidad.<\/p>\n<p>Anunci\u00f3 tambi\u00e9n que el gobierno de Oaxaca asumir\u00e1 la tarea de los alcohol\u00edmetros que \u00abse pervirti\u00f3 y se convirti\u00f3 en un centro de extorsi\u00f3n\u00bb.<\/p>\n<p>Diego Ignacio Paz viajaba en su veh\u00edculo cuando pas\u00f3 por el alcohol\u00edmetro. Horas m\u00e1s tarde, muri\u00f3 en un hospital al recibir dos balazos, uno en el pulm\u00f3n y otro que le caus\u00f3 estallamiento de v\u00edsceras.<\/p>\n<figure id=\"attachment_87929\" aria-describedby=\"caption-attachment-87929\" style=\"width: 290px\" class=\"wp-caption alignright\"><a href=\"https:\/\/elcorreodeoaxaca.com\/wp-content\/uploads\/2024\/09\/ingo-esTUDIANTES-DE-LA-uNIV.-ANAHUAC.jpg\"><img loading=\"lazy\" decoding=\"async\" class=\"size-medium wp-image-87929\" src=\"https:\/\/elcorreodeoaxaca.com\/wp-content\/uploads\/2024\/09\/ingo-esTUDIANTES-DE-LA-uNIV.-ANAHUAC-300x169.jpg\" alt=\"\" width=\"300\" height=\"169\" \/><\/a><figcaption id=\"caption-attachment-87929\" class=\"wp-caption-text\">Estudiantes de la Universidad An\u00e1huac protestaron en el Congreso local<\/figcaption><\/figure>\n<p>De la investigaci\u00f3n de los hechos se encargar\u00e1 la Fiscal\u00eda General de Justicia en Oaxaca.<\/p>\n<p>Su compa\u00f1ero y amigo, Josu\u00e9 R. a\u00fan sigue recibiendo atenci\u00f3n m\u00e9dica en un hospital.<\/p>\n<p>La voz del sacerdote cat\u00f3lico que ofici\u00f3 la misa dice que la fe es un consuelo, pero tambi\u00e9n en la justicia, ojal\u00e1 que llegue, ojal\u00e1 que en ella encuentren algo de consuelo.<\/p>\n<p>&nbsp;<\/p>\n<p><strong>JUAN CARLOS GARC\u00cdA M\u00c1RQUEZ,\u00a0<\/strong><\/p>\n<p><strong>REVICTIMIZA A DIEGO Y ATACA A MEDIOS<\/strong><\/p>\n<p>&nbsp;<\/p>\n<p>Septiembre 4.- El presidente municipal de Santa Luc\u00eda del Camino, Juan Carlos Garc\u00eda M\u00e1rquez, arrecia la campa\u00f1a de ataques en contra de Diego Ignacio Paz, sin ning\u00fan pudor por el dolor de su familia.<\/p>\n<p>A trav\u00e9s de grupos de WhatsApp intenta descalificar y revictimizar al joven a quien dispararon en un excesivo uso de fuerza en el alcohol\u00edmetro.<\/p>\n<figure id=\"attachment_87925\" aria-describedby=\"caption-attachment-87925\" style=\"width: 290px\" class=\"wp-caption alignleft\"><a href=\"https:\/\/elcorreodeoaxaca.com\/wp-content\/uploads\/2024\/09\/INGO-HOSPITAL-DR.-AURELIO-VALDIVIESO.jpg\"><img loading=\"lazy\" decoding=\"async\" class=\"size-medium wp-image-87925\" src=\"https:\/\/elcorreodeoaxaca.com\/wp-content\/uploads\/2024\/09\/INGO-HOSPITAL-DR.-AURELIO-VALDIVIESO-300x181.jpg\" alt=\"\" width=\"300\" height=\"181\" \/><\/a><figcaption id=\"caption-attachment-87925\" class=\"wp-caption-text\">Hospital Dr. Aurelio Valdivieso. Colapsado<\/figcaption><\/figure>\n<p>Las voces a su disposici\u00f3n han descalificado incluso a los medios que le han dado seguimiento al hecho que conmocion\u00f3 a la opini\u00f3n p\u00fablica.<\/p>\n<p>En un intento por deslindarse, han montado toda una exhibici\u00f3n de fotograf\u00edas, que muestran a un supuesto polic\u00eda herido, cuyas heridas no corresponden al informe que se dio del hecho, pues la Fiscal\u00eda reconoci\u00f3 en un comunicado que dicho polic\u00eda no ten\u00eda en riesgo su vida.<\/p>\n<p>El mun\u00edcipe intenta tergiversar la grave situaci\u00f3n que deton\u00f3 en un crimen, y a la que le anteceden denuncias sobre la irregularidad con que operaba el alcohol\u00edmetro.<\/p>\n<p>En su af\u00e1n por cambiar las posiciones, ataca a la v\u00edctima, a sus familias, a funcionarios del gobierno de Oaxaca y hasta al propio gobernador, con mensajes que llegan a lo ofensivo, con palabras altisonantes y con posiciones clasistas.<\/p>\n<p>La mayor\u00eda de las opiniones coincide en que esta campa\u00f1a sucia en contra de la v\u00edctima no hace m\u00e1s que mostrar su grado de responsabilidad en los hechos y mostrar su dimensi\u00f3n moral respecto de la muerte de un joven que da\u00f1a irreparablemente a la sociedad.<\/p>\n<figure id=\"attachment_87919\" aria-describedby=\"caption-attachment-87919\" style=\"width: 154px\" class=\"wp-caption alignright\"><a href=\"https:\/\/elcorreodeoaxaca.com\/wp-content\/uploads\/2024\/09\/ingo-salomon-jara-cruz.jpeg\"><img loading=\"lazy\" decoding=\"async\" class=\"size-medium wp-image-87919\" src=\"https:\/\/elcorreodeoaxaca.com\/wp-content\/uploads\/2024\/09\/ingo-salomon-jara-cruz-164x300.jpeg\" alt=\"\" width=\"164\" height=\"300\" \/><\/a><figcaption id=\"caption-attachment-87919\" class=\"wp-caption-text\">Salom\u00f3n Jara Cruz<\/figcaption><\/figure>\n<p>Desde que sucedieron los hechos ha insistido en descalificar no solo a la v\u00edctima sino vincular a la familia con supuestos adversarios pol\u00edticos en Santa Luc\u00eda y hasta fustig\u00f3 a reporteros que cubrieron la marcha.<\/p>\n<p>&nbsp;<\/p>\n<p><strong>EXIGIR\u00c1N DESTITUCI\u00d3N DEL EDIL DE\u00a0<\/strong><\/p>\n<p><strong>SANTA LUC\u00cdA POR CRIMEN DE DIEGO<\/strong><\/p>\n<p>&nbsp;<\/p>\n<p>3 de septiembre de 2024.- Estudiantes anunciaron que pedir\u00e1n al Congreso de Oaxaca la destituci\u00f3n del presidente municipal de Santa Luc\u00eda, por ser corresponsable del crimen del joven Diego Ignacio Paz y de las heridas que pusieron en riesgo la vida de Jos\u00fae R.<\/p>\n<p>Este martes, realizaron una marcha desde Santa Luc\u00eda del Camino pasando por el palacio municipal de Santa Luc\u00eda y llegaron al Z\u00f3calo de la ciudad de Oaxaca.<\/p>\n<p>La marcha estuvo intimidada por un grupo de presuntos porros enviados, presuntamente, por el presidente municipal de Santa Luc\u00eda, Juan Carlos M\u00e1rquez, quien adem\u00e1s de mover toda su maquinaria medi\u00e1tica en contra de la v\u00edctima ahora tuvo como blanco a Flavio Sosa.<\/p>\n<p>Los mismos estudiantes y padres y madres de familia que de manera pac\u00edfica realizaron esta protesta en repudio por la violencia, pidieron a ese grupo de personas que no eran estudiantes que evitaran los destrozos.<\/p>\n<p>Diego Ignacio Paz fue asesinado por dos balazos que recibi\u00f3 a quemarropa por parte de polic\u00edas municipales en un ret\u00e9n de alcohol\u00edmetro el pasado 31 de agosto.<\/p>\n<p>Durante la manifestaci\u00f3n pac\u00edfica, pidieron justicia por el estudiante de la facultad de comunicaci\u00f3n de la Universidad An\u00e1huac.<\/p>\n<figure id=\"attachment_87924\" aria-describedby=\"caption-attachment-87924\" style=\"width: 290px\" class=\"wp-caption alignleft\"><a href=\"https:\/\/elcorreodeoaxaca.com\/wp-content\/uploads\/2024\/09\/ingo-en-diversas-ocasiones-las.jpg\"><img loading=\"lazy\" decoding=\"async\" class=\"size-medium wp-image-87924\" src=\"https:\/\/elcorreodeoaxaca.com\/wp-content\/uploads\/2024\/09\/ingo-en-diversas-ocasiones-las-300x166.jpg\" alt=\"\" width=\"300\" height=\"166\" \/><\/a><figcaption id=\"caption-attachment-87924\" class=\"wp-caption-text\">En diversas ocasiones empleados del Hospital han protestado por falta de insumos<\/figcaption><\/figure>\n<p>Funcionarios de segundo nivel recibieron al contingente en palacio de gobierno.<\/p>\n<p>Ah\u00ed informaron que este mi\u00e9rcoles acudir\u00e1n al Congreso de Oaxaca para solicitar de manera formal la destituci\u00f3n del presidente municipal de Santa Luc\u00eda del Camino.<\/p>\n<p>No basta, consideraron, con que haya cesado a polic\u00edas que se fueron sin ninguna responsabilidad; tampoco que haya aceptado la renuncia de su mando policial, quien debe ser sujeto de investigaci\u00f3n por todos los abusos que se le se\u00f1alan.<\/p>\n<p>\u201cEl responsable del alcohol\u00edmetro y la actuaci\u00f3n de los polic\u00edas es el presidente municipal, se est\u00e1 lavando las manos, pero \u00e9l es quien debe responder tambi\u00e9n por el crimen de Diego\u201d, cuestionaron los j\u00f3venes.<\/p>\n<p>Lamentaron que la protesta y petici\u00f3n de justicia se est\u00e9 tratando de desvirtuar con mensajes que salen de la misma presidencia municipal, como tratar de adjudicar la manifestaci\u00f3n a sus adversarios pol\u00edticos.<\/p>\n<p>\u201cSomos j\u00f3venes, somos estudiantes, lo que pedimos es justicia\u201d, expusieron.<\/p>\n<p>Durante la marcha, familiares de Diego pidieron que se haga una revisi\u00f3n exhaustiva de la actuaci\u00f3n policial debido a que son muchas las vejaciones que han sido denunciadas sin que algo cambie.<\/p>\n<p>\u201cDiego no fue el primero, esperemos que sea el \u00faltimo\u201d, pidieron.<\/p>\n<p>&nbsp;<\/p>\n<p><strong>COLAPSA HOSPITAL CIVIL \u201cAURELIO\u00a0<\/strong><\/p>\n<p><strong>VALDIVIESO\u201d; ADVIERTEN CIERRE<\/strong><\/p>\n<p>&nbsp;<\/p>\n<p>Septiembre 5.- El hospital civil doctor Aurelio Valdivieso, inaugurado el 5 de mayo de 1965, est\u00e1 a punto de cerrar t\u00e9cnicamente.<\/p>\n<figure id=\"attachment_87921\" aria-describedby=\"caption-attachment-87921\" style=\"width: 290px\" class=\"wp-caption alignright\"><a href=\"https:\/\/elcorreodeoaxaca.com\/wp-content\/uploads\/2024\/09\/ingo-graves-deficiencias-en-hospital-civil-dr.-aurelio-valdivieso.jpeg\"><img loading=\"lazy\" decoding=\"async\" class=\"size-medium wp-image-87921\" src=\"https:\/\/elcorreodeoaxaca.com\/wp-content\/uploads\/2024\/09\/ingo-graves-deficiencias-en-hospital-civil-dr.-aurelio-valdivieso-300x169.jpeg\" alt=\"\" width=\"300\" height=\"169\" \/><\/a><figcaption id=\"caption-attachment-87921\" class=\"wp-caption-text\">Graves deficiencias en el Hospital Dr. Aurelio Valdivieso<\/figcaption><\/figure>\n<p>El colapso, seg\u00fan mencionan las y los trabajadores, es por falta de insumos, de equipo, de infraestructura y la concentraci\u00f3n de pacientes.<\/p>\n<p>Seg\u00fan cifras oficiales, el hospital civil atiende a 859 mil 460 habitantes en Oaxaca.<\/p>\n<p>Cuenta con 180 camas censables y 60 no censables, adem\u00e1s de recibir a pacientes de 15 hospitales generales de las regiones, 750 centros de salud, 20 unidades de especialidades y 19 hospitales comunitarios.<\/p>\n<p>Todos son referidos al hospital civil.<\/p>\n<p>Este jueves, tanto el personal m\u00e9dico como sindicalizado y algunos familiares de pacientes, pidieron a las autoridades atender en lo inmediato la compra de autoclaves, que son equipos para la esterilizaci\u00f3n de equipo y ropa durante cirug\u00edas.<\/p>\n<p>Y hacer una revisi\u00f3n exhaustiva de todas las necesidades, ya que de lo contrario \u00abel hospital est\u00e1 en riesgo de cerrar\u00bb, t\u00e9cnicamente, pues la atenci\u00f3n ya no ser\u00eda posible otorgar.<\/p>\n<p>La secretaria de la subsecci\u00f3n 07 del Sindicato Nacional de Trabajadores de Secretar\u00eda de Salud (SNTSA), Patricia M\u00e9ndez Jim\u00e9nez, dijo que por la crisis actual que atraviesa el hospital es por la falta de autoclaves que se utilizan para esterilizar la ropa y el equipo que se utilizan en las cirug\u00edas.<\/p>\n<p>Adem\u00e1s confirmaron que son 45 cirug\u00edas las que se han reprogramado por falta de las autoclaves desde el pasado lunes.<\/p>\n<figure id=\"attachment_87927\" aria-describedby=\"caption-attachment-87927\" style=\"width: 290px\" class=\"wp-caption alignleft\"><a href=\"https:\/\/elcorreodeoaxaca.com\/wp-content\/uploads\/2024\/09\/INGO-MULT-ATACA-AL-MULTI.jpg\"><img loading=\"lazy\" decoding=\"async\" class=\"size-medium wp-image-87927\" src=\"https:\/\/elcorreodeoaxaca.com\/wp-content\/uploads\/2024\/09\/INGO-MULT-ATACA-AL-MULTI-300x180.jpg\" alt=\"\" width=\"300\" height=\"180\" \/><\/a><figcaption id=\"caption-attachment-87927\" class=\"wp-caption-text\">Violencia entre MULT y MULTI<\/figcaption><\/figure>\n<p>El doctor Ismael Antonio Garc\u00eda, subdirector m\u00e9dico del hospital, se\u00f1al\u00f3 que se est\u00e1n realizando las gestiones para que se puedan adquirir autoclaves, adem\u00e1s de que se est\u00e1n realizando est\u00e1s esterilizaciones en otras unidades m\u00e9dicas para atender las urgencias.<\/p>\n<p>Sin embargo por ser un hospital que atiende a un gran n\u00famero de personas de diferentes regiones de Oaxaca, a veces las autoclaves no alcanzan para atender a la gran cantidad de cirug\u00edas que se realizan en el hospital civil.<\/p>\n<p>Por su parte, familiares de pacientes que se encuentran internados se\u00f1alan que sus familiares no cuentan con los insumos o los aparatos que se requieren y ponen en riesgo sus vidas.<\/p>\n<p>Se\u00f1alaron que el hospital est\u00e1 en riesgo de un cierre t\u00e9cnico ante la falta de insumos, aparatos m\u00e9dicos y autoclaves, por ello pidieron la atenci\u00f3n de las autoridades del gobierno de Oaxaca para resolver la situaci\u00f3n.<\/p>\n<p>Precisaron que no es una petici\u00f3n pol\u00edtica, como han querido hacer ver la demanda. Tampoco, expusieron, est\u00e1n en desacuerdo de que los servicios sean gratuitos, como ha ofrecido el gobernador Salom\u00f3n Jara \u00abnosotros decimos que s\u00ed, pero que contemos con todo lo necesario\u00bb.<\/p>\n<p>En ocasiones, aseguran, les faltan hasta gasas para hacer la m\u00ednima curaci\u00f3n y deben pedirlo a los pacientes, situaci\u00f3n que se complica cuando el costo del medicamento es alto o los aparatos que requieren sale de su alcance.<\/p>\n<p>&nbsp;<\/p>\n<p><strong>74 PACIENTES INTERNADOS\u00a0<\/strong><\/p>\n<p><strong>POR DENGUE; 8 EST\u00c1N GRAVES<\/strong><\/p>\n<p>&nbsp;<\/p>\n<p>Septiembre 4.- Servicios de Salud de Oaxaca (SSO) inform\u00f3 que los grupos de edad m\u00e1s afectados por Dengue Grave (DG) son de 10 a 14 a\u00f1os, seguido de 15 a 19 y de 60 a\u00f1os y m\u00e1s, por lo que es importante reforzar las medidas preventivas en casa como el uso de pabell\u00f3n al dormir y tela mosquitera en puertas y ventanas.<\/p>\n<figure id=\"attachment_87923\" aria-describedby=\"caption-attachment-87923\" style=\"width: 290px\" class=\"wp-caption alignright\"><a href=\"https:\/\/elcorreodeoaxaca.com\/wp-content\/uploads\/2024\/09\/INGO-BLOQUEAN-CARRETERA-190-A-LA-ALTURA.jpg\"><img loading=\"lazy\" decoding=\"async\" class=\"size-medium wp-image-87923\" src=\"https:\/\/elcorreodeoaxaca.com\/wp-content\/uploads\/2024\/09\/INGO-BLOQUEAN-CARRETERA-190-A-LA-ALTURA-300x166.jpg\" alt=\"\" width=\"300\" height=\"166\" \/><\/a><figcaption id=\"caption-attachment-87923\" class=\"wp-caption-text\">Bloquean carretera federal 190 a la altura de Jalapa del Marqu\u00e9s<\/figcaption><\/figure>\n<p>Al corte de la semana epidemiol\u00f3gica n\u00famero 35, se registraron 149 casos nuevos de dengue confirmados por laboratorio, que suman 3 mil 16 en toda la entidad, inform\u00f3 el gobierno de Oaxaca en un comunicado.<\/p>\n<p>Adem\u00e1s de 74 pacientes internados por dengue, de los cuales ocho son por DG, para un total 59 por ciento de ocupaci\u00f3n.<\/p>\n<p>De acuerdo a su clasificaci\u00f3n, mil 520 corresponden a Dengue No Grave (DNG), mil 304 a Dengue Con Signos de Alarma (DCSA) y 192 a DG, con siete defunciones registradas por el Comit\u00e9 Estatal de Vigilancia Epidemiol\u00f3gica (CEVE) y avaladas por el Comit\u00e9 Nacional de Vigilancia Epidemiol\u00f3gica (Conave).<\/p>\n<p>Por Jurisdicci\u00f3n Sanitaria, Valles Centrales contabiliza dos mil 468 casos y tres defunciones, Costa 306 casos y tres decesos, Istmo 127, Mixteca y Sierra 40 casos cada uno, y Tuxtepec 35 y una defunci\u00f3n.<\/p>\n<p>Los cinco municipios con mayor n\u00famero de casos en esta semana son: Oaxaca de Ju\u00e1rez con 43, Santa Mar\u00eda Atzompa 13, Santa Cruz Xoxocotl\u00e1n 10, San Lorenzo Cacaotepec seis, y Villa de Zaachila cinco, siendo 49 municipios en total los que presentaron casos nuevos.<\/p>\n<p>La instituci\u00f3n exhorta a la poblaci\u00f3n a no bajar la guardia y continuar con las medidas preventivas como lava, tapa, voltea y tira, as\u00ed como eliminar los criaderos potenciales del vector, limpiando patios, azoteas y jardines. Asimismo, a las autoridades municipales a reforzar las acciones protectoras en sus localidades, con la participaci\u00f3n de la poblaci\u00f3n.<\/p>\n<p>Padres y madres de familia, as\u00ed como docentes deben identificar los signos de la enfermedad en infantes, como lo son la fiebre, dolor de huesos, de cabeza, de ojos, erupci\u00f3n en la piel parecida al sarampi\u00f3n, n\u00e1useas, v\u00f3mito, dolor abdominal y falta de apetito. Es importante acudir a la unidad de salud m\u00e1s cercana y evitar la automedicaci\u00f3n.<\/p>\n<p>&nbsp;<\/p>\n<p><strong>DENUNCIAN OTRO ATAQUE\u00a0<\/strong><\/p>\n<p><strong>DEL MULT CONTRA EL MULTI<\/strong><\/p>\n<p><strong>\u00a0<\/strong><\/p>\n<p>Septiembre 5.- Un grupo armado vinculado al Movimiento de Unificaci\u00f3n y Lucha Triqui (MULT) fue denunciado por llevar a cabo un violento ataque contra la escuela primaria ind\u00edgena de la comunidad de Yosoyuxi, Copala. Lo que ha generado un nuevo episodio de violencia en la conflictiva zona.<\/p>\n<p>El enfrentamiento protagonizado por facciones adversarias del MULT, ha intensificado la crisis en la regi\u00f3n, que contin\u00faa siendo escenario de conflictos entre diversos grupos armados.<\/p>\n<p>En medio de crecientes tensiones entre el MULT y el MULTI, las comunidades afectadas, en especial la de Yosoyuxi, han sido objeto de hostigamiento y ataques con el objetivo de obstaculizar el regreso de los habitantes a Tierra Blanca, Copala.<\/p>\n<p>La persistente violencia ha sumido a los residentes en una situaci\u00f3n de extrema inseguridad, dej\u00e1ndolos atrapados en medio de estos enfrentamientos armados.<\/p>\n<p>A pesar de las reiteradas denuncias y solicitudes de intervenci\u00f3n, la comunidad ha expresado su desesperaci\u00f3n por la falta de una respuesta adecuada por parte de las autoridades estatales y federales. Seg\u00fan los ind\u00edgenas triquis, los funcionarios gubernamentales carecen de la capacidad y el compromiso necesarios para abordar de manera efectiva y segura la problem\u00e1tica del retorno de los habitantes.<\/p>\n<p>&nbsp;<\/p>\n<p>R<strong>EPORTAN 2 HOMICIDIOS\u00a0<\/strong><\/p>\n<p><strong>EN CARRETERA A JUQUILA<\/strong><\/p>\n<p>&nbsp;<\/p>\n<p>Septiembre 3.- Un doble homicidio ocurri\u00f3 este martes en la carretera a Santa Catarina Juquila.<\/p>\n<p>La polic\u00eda estatal inform\u00f3 que las v\u00edctimas viajaban en una camioneta de redilas que qued\u00f3 entre la maleza al salirse del camino.<\/p>\n<p>Sus atacantes les dispararon cuando pasaban por la carretera, a la altura de la entrada a San Miguel Panixtlahuaca.<\/p>\n<p>Las v\u00edctimas fueron identificadas como Luis C.R. y Yesey M.C., ambos originarios de Santo Domingo Teojomulco.<\/p>\n<p>La polic\u00eda dio parte a la Fiscal\u00eda para que determine el m\u00f3vil del doble asesinato.<\/p>\n<p>Teojomulco es una zona de alta conflictividad agraria, sin embargo, no se ha definido una l\u00ednea de investigaci\u00f3n al respecto.<\/p>\n<p>&nbsp;<\/p>\n<p><strong>ATAQUE ARMADO EN JUCHIT\u00c1N\u00a0<\/strong><\/p>\n<p><strong>DEJ\u00d3 UNA MUERTO Y UN HERIDO<\/strong><\/p>\n<p>&nbsp;<\/p>\n<p>Septiembre 5.- Un ataque armado en el perif\u00e9rico de Juchit\u00e1n, a la altura de la colonia V\u00edctor Yodo, dej\u00f3 una persona fallecida y otra herida.<\/p>\n<p>De acuerdo con la polic\u00eda municipal, hombres llegaron a donde se encontraban las dos personas, disparando y matando a una de ellas.<\/p>\n<p>A la otra persona la hirieron cuando intent\u00f3 huir.<\/p>\n<p>Lo hirieron a la altura de la ceja por lo que tuvo exposici\u00f3n de masa encef\u00e1lica.<\/p>\n<p>Por sus heridas fue llevada a un hospital en donde se reporta su estado como grave.<\/p>\n<p>El lugar fue acordonado para las primeras diligencias de ley por parte de peritos de la Agencia Estatal de Investigaciones.<\/p>\n<p>&nbsp;<\/p>\n<p><strong>BLOQUEAN CARRETERA AL ISTMO\u00a0<\/strong><\/p>\n<p><strong>POR FALTA DE ENERG\u00cdA EL\u00c9CTRICA<\/strong><\/p>\n<p><strong>\u00a0<\/strong><\/p>\n<p>Septiembre 5.- Por falta de energ\u00eda el\u00e9ctrica pobladores de Jalapa del Marqu\u00e9s, iniciaron la tarde de este jueves un bloqueo en la carretera al Istmo a la altura del paraje El Patroncito.<\/p>\n<p>Se\u00f1alaron que desde hace algunos d\u00edas han tenido apagones de energ\u00eda el\u00e9ctrica en las colonias de la poblaci\u00f3n, por ello pidieron el apoyo de la Comisi\u00f3n para solucionar el problema.<\/p>\n<p>Por el bloqueo no hay paso para los municipios de la regi\u00f3n del Istmo ni para los estados de Chiapas y Veracruz.<\/p>\n<p>Mencionaron que sin la energ\u00eda el\u00e9ctrica no pueden realizar sus actividades diarias.<\/p>\n<p>&nbsp;<\/p>\n<p><strong>CON BLOQUEO EN CARRETERA HUAJUAPAN-<\/strong><\/p>\n<p><strong>CDMX PIDEN DESTITUIR A EDIL<\/strong><\/p>\n<p>&nbsp;<\/p>\n<p>Septiembre 3.- Por segundo d\u00eda consecutivo pobladores de Zapotitl\u00e1n Palmas, mantienen un bloqueo sobre la carretera internacional 190 Huajuapan \u2013 CDMX.<\/p>\n<p>Los manifestantes piden la renuncia de la presidenta municipal de Zapotitl\u00e1n Palmas, In\u00e9s Mart\u00ednez Reyes, argumentan que la alcaldesa ha incurrido en una serie de irregularidades en la gesti\u00f3n de los recursos p\u00fablicos destinados a la poblaci\u00f3n.<\/p>\n<p>Aseguran que Mart\u00ednez Reyes ha manejado de manera indebida los fondos y han calificado su administraci\u00f3n como corrupta y autoritaria.<\/p>\n<p>Adem\u00e1s de exigir su dimisi\u00f3n, los ciudadanos demandan una auditor\u00eda completa de todos los recursos que han llegado al municipio durante su gesti\u00f3n.<\/p>\n<p>La protesta refleja un creciente descontento con la administraci\u00f3n local y una demanda de mayor transparencia y responsabilidad en la gesti\u00f3n p\u00fablica.<\/p>\n<p>El bloqueo ha generado una serie de inconvenientes para los viajeros y residentes de la regi\u00f3n, quienes se han visto afectados por la interrupci\u00f3n del tr\u00e1fico.<\/p>\n<p>&nbsp;<\/p>\n<p><strong>MARCHA LA\u00a0\u00a0CNTE\u00a0<\/strong><\/p>\n<p><strong>DE LA ENTIDAD<\/strong><\/p>\n<p>&nbsp;<\/p>\n<p>Septiembre\u00a0\u00a04.- Un contingente representativo de la CNTE march\u00f3 este mi\u00e9rcoles en Oaxaca.<\/p>\n<p>El objetivo es cubrir una reuni\u00f3n de trabajo que tiene el magisterio con autoridades educativas de los niveles federal y estatal.<\/p>\n<p>La marcha inici\u00f3 en el crucero del Bienestar y lleg\u00f3 al centro de convenciones, en Santa Luc\u00eda del Camino.<\/p>\n<p>En ese lugar estar\u00e1 la dirigencia estatal de la Secci\u00f3n 22 y la presencia del magisterio ser\u00e1 hasta que concluya o alcancen alg\u00fan acuerdo.<\/p>\n","protected":false},"excerpt":{"rendered":"<p>Estudiantes exigir\u00e1n la destituci\u00f3n de Juan Carlos Garc\u00eda M\u00e1rquez, edil de Santa Luc\u00eda por el crimen de Diego I. P. Juan Carlos Garc\u00eda M\u00e1rquez, alcalde de Santa Luc\u00eda, revictimiza a Diego I. P. y se va contra los medios de informaci\u00f3n El hospital civil \u201cAurelio Valdivieso\u201d, colapsado y a punto de cerrar; hay carencias de &#8230;<\/p>\n","protected":false},"author":1,"featured_media":232,"comment_status":"closed","ping_status":"open","sticky":false,"template":"","format":"standard","meta":{"footnotes":""},"categories":[19],"tags":[],"class_list":["post-223","post","type-post","status-publish","format-standard","has-post-thumbnail","hentry","category-columna"],"_links":{"self":[{"href":"https:\/\/elcorreodeoaxaca.com\/index.php?rest_route=\/wp\/v2\/posts\/223","targetHints":{"allow":["GET"]}}],"collection":[{"href":"https:\/\/elcorreodeoaxaca.com\/index.php?rest_route=\/wp\/v2\/posts"}],"about":[{"href":"https:\/\/elcorreodeoaxaca.com\/index.php?rest_route=\/wp\/v2\/types\/post"}],"author":[{"embeddable":true,"href":"https:\/\/elcorreodeoaxaca.com\/index.php?rest_route=\/wp\/v2\/users\/1"}],"replies":[{"embeddable":true,"href":"https:\/\/elcorreodeoaxaca.com\/index.php?rest_route=%2Fwp%2Fv2%2Fcomments&post=223"}],"version-history":[{"count":0,"href":"https:\/\/elcorreodeoaxaca.com\/index.php?rest_route=\/wp\/v2\/posts\/223\/revisions"}],"wp:featuredmedia":[{"embeddable":true,"href":"https:\/\/elcorreodeoaxaca.com\/index.php?rest_route=\/wp\/v2\/media\/232"}],"wp:attachment":[{"href":"https:\/\/elcorreodeoaxaca.com\/index.php?rest_route=%2Fwp%2Fv2%2Fmedia&parent=223"}],"wp:term":[{"taxonomy":"category","embeddable":true,"href":"https:\/\/elcorreodeoaxaca.com\/index.php?rest_route=%2Fwp%2Fv2%2Fcategories&post=223"},{"taxonomy":"post_tag","embeddable":true,"href":"https:\/\/elcorreodeoaxaca.com\/index.php?rest_route=%2Fwp%2Fv2%2Ftags&post=223"}],"curies":[{"name":"wp","href":"https:\/\/api.w.org\/{rel}","templated":true}]}}