{"id":2101,"date":"2024-12-07T12:29:10","date_gmt":"2024-12-07T18:29:10","guid":{"rendered":"https:\/\/elcorreodeoaxaca.com\/?p=2101"},"modified":"2024-12-07T12:29:10","modified_gmt":"2024-12-07T18:29:10","slug":"cien-anos-de-soledad-en-vivo-y-a-todo-color","status":"publish","type":"post","link":"https:\/\/elcorreodeoaxaca.com\/?p=2101","title":{"rendered":"Cien a\u00f1os de soledad, en vivo y a todo color"},"content":{"rendered":"<p style=\"text-align: center;\"><em><strong>Sergio Ram\u00edrez Mercado\/La Jornada<\/strong><\/em><\/p>\n<figure id=\"attachment_2103\" aria-describedby=\"caption-attachment-2103\" style=\"width: 290px\" class=\"wp-caption alignright\"><a href=\"https:\/\/elcorreodeoaxaca.com\/wp-content\/uploads\/2024\/12\/ramirez-gabriel-garcia-marquez.jpg\"><img loading=\"lazy\" decoding=\"async\" class=\"size-medium wp-image-2103\" src=\"https:\/\/elcorreodeoaxaca.com\/wp-content\/uploads\/2024\/12\/ramirez-gabriel-garcia-marquez-300x218.jpg\" alt=\"\" width=\"300\" height=\"218\" srcset=\"https:\/\/elcorreodeoaxaca.com\/wp-content\/uploads\/2024\/12\/ramirez-gabriel-garcia-marquez-300x218.jpg 300w, https:\/\/elcorreodeoaxaca.com\/wp-content\/uploads\/2024\/12\/ramirez-gabriel-garcia-marquez-335x244.jpg 335w, https:\/\/elcorreodeoaxaca.com\/wp-content\/uploads\/2024\/12\/ramirez-gabriel-garcia-marquez.jpg 756w\" sizes=\"auto, (max-width: 300px) 100vw, 300px\" \/><\/a><figcaption id=\"caption-attachment-2103\" class=\"wp-caption-text\">Gabriel Garc\u00eda M\u00e1rquez<\/figcaption><\/figure>\n<p>He asistido en Casa de Am\u00e9rica al pase del primer cap\u00edtulo de\u00a0<em>Cien a\u00f1os de soledad<\/em>, de Gabriel Garc\u00eda M\u00e1rquez, la serie que Netflix estrenar\u00e1 el 11 de diciembre de este a\u00f1o. No pretendo juzgar con base en una muestra el todo de este ambicioso proyecto cinematogr\u00e1fico \u2212la mayor superproducci\u00f3n que se ha filmado nunca en Am\u00e9rica Latina\u2212, sino hacer algunas consideraciones sobre las distancias, a veces tan insalvables, que hay entre un libro y una pel\u00edcula.<\/p>\n<p>Una vieja\u00a0<em>boutade<\/em>\u00a0cuenta que unas cabras comen en un bald\u00edo pel\u00edculas, desde luego que las cabras comen de todo, y una le pregunta a la otra: \u201c\u00bfqu\u00e9 te parece?\u201d A lo que la interpelada contesta: \u201cestaba mejor el libro\u201d. Para el espectador que ha le\u00eddo el libro, siempre estar\u00e1 mejor el libro, y es a partir de este prejuicio que la versi\u00f3n en la pantalla de una obra literaria debe abrirse paso.<\/p>\n<p>Y sobre todo en el caso de\u00a0<em>Cien a\u00f1os de soledad<\/em>. Quien se sienta en la butaca puede no haber le\u00eddo el libro y, motivado, sale despu\u00e9s a buscarlo para comparar. Pero esta es una novela que desde su publicaci\u00f3n en 1967 fue le\u00edda con avidez y asombro por todo el mundo, porque desbord\u00f3 los c\u00edrculos habituales de lectores de libros literarios para pasar a las barber\u00edas, sigui\u00f3 siendo devorada por sucesivas generaciones de lectores cultos y profanos, en espa\u00f1ol y en todos los idiomas del mundo, y se mantiene en los programas escolares.<\/p>\n<figure id=\"attachment_2104\" aria-describedby=\"caption-attachment-2104\" style=\"width: 190px\" class=\"wp-caption alignright\"><a href=\"https:\/\/elcorreodeoaxaca.com\/wp-content\/uploads\/2024\/12\/ramirez-Los-personajes.jpg\"><img loading=\"lazy\" decoding=\"async\" class=\"size-medium wp-image-2104\" src=\"https:\/\/elcorreodeoaxaca.com\/wp-content\/uploads\/2024\/12\/ramirez-Los-personajes-200x300.jpg\" alt=\"\" width=\"200\" height=\"300\" srcset=\"https:\/\/elcorreodeoaxaca.com\/wp-content\/uploads\/2024\/12\/ramirez-Los-personajes-200x300.jpg 200w, https:\/\/elcorreodeoaxaca.com\/wp-content\/uploads\/2024\/12\/ramirez-Los-personajes-683x1024.jpg 683w, https:\/\/elcorreodeoaxaca.com\/wp-content\/uploads\/2024\/12\/ramirez-Los-personajes-224x335.jpg 224w, https:\/\/elcorreodeoaxaca.com\/wp-content\/uploads\/2024\/12\/ramirez-Los-personajes.jpg 756w\" sizes=\"auto, (max-width: 200px) 100vw, 200px\" \/><\/a><figcaption id=\"caption-attachment-2104\" class=\"wp-caption-text\">Los personajes\u2026<\/figcaption><\/figure>\n<p>No hay entonces espectadores desprevenidos para este libro. Todos tienen en la cabeza sus propias im\u00e1genes de los personajes, y de la secuencia de la acci\u00f3n y de sus escenarios y, por tanto, cada quien ha filmado su propia pel\u00edcula. Necesariamente habr\u00e1 de comparar, de cara a la pantalla, la versi\u00f3n que la superproducci\u00f3n le ofrece, con la que tiene en su memoria.<\/p>\n<p>Porque el milagro de la literatura consiste en una transferencia de im\u00e1genes, de la cabeza de quien las concibe, a quien las descifra a trav\u00e9s de la lectura, para construir, a su vez, su propia imagen en su propia cabeza; y esa operaci\u00f3n se hace a trav\u00e9s del veh\u00edculo de las palabras. Nunca hay dos im\u00e1genes iguales, porque la imaginaci\u00f3n es m\u00faltiple y nunca reclama fidelidades entre el autor y los lectores; y como tampoco hay un solo lector, habr\u00e1 tantas im\u00e1genes como lectores.<\/p>\n<p>Por tanto, toda obra literaria es una construcci\u00f3n verbal, y las im\u00e1genes en un libro est\u00e1n hechas con base en palabras. Y\u00a0<em>Cien a\u00f1os de soledad<\/em>, m\u00e1s all\u00e1 del membrete de realismo m\u00e1gico, es una de las m\u00e1s espl\u00e9ndidas construcciones verbales de nuestro idioma.<\/p>\n<p>El cine es, en cambio, una construcci\u00f3n hecha en base a im\u00e1genes, y la narraci\u00f3n que corresponde a las im\u00e1genes nunca podr\u00e1 ser sustituida por las palabras, digamos la voz de un narrador en\u00a0<em>off<\/em>, porque esta clase de auxilio viene a ser una especie de rescate de las im\u00e1genes, cuando no funcionan. Otra cosa son los di\u00e1logos, que cuando en un libro son decisivos por eficaces, pasan \u00edntegros al guion.<\/p>\n<p>Pero aqu\u00ed hay otra dificultad que\u00a0<em>Cien a\u00f1os de soledad<\/em>\u00a0presenta al guionista: en el libro no hay di\u00e1logos. Cuando un personaje habla lo hace con una frase muy rotunda, terminante, y entonces los di\u00e1logos hay que inventarlos, lo cual viene a ser un desaf\u00edo may\u00fasculo: ponerse a la par del autor.<\/p>\n<figure id=\"attachment_2102\" aria-describedby=\"caption-attachment-2102\" style=\"width: 290px\" class=\"wp-caption alignright\"><a href=\"https:\/\/elcorreodeoaxaca.com\/wp-content\/uploads\/2024\/12\/ramirez-pasajes-cumbre.jpg\"><img loading=\"lazy\" decoding=\"async\" class=\"size-medium wp-image-2102\" src=\"https:\/\/elcorreodeoaxaca.com\/wp-content\/uploads\/2024\/12\/ramirez-pasajes-cumbre-300x203.jpg\" alt=\"\" width=\"300\" height=\"203\" srcset=\"https:\/\/elcorreodeoaxaca.com\/wp-content\/uploads\/2024\/12\/ramirez-pasajes-cumbre-300x203.jpg 300w, https:\/\/elcorreodeoaxaca.com\/wp-content\/uploads\/2024\/12\/ramirez-pasajes-cumbre-335x226.jpg 335w, https:\/\/elcorreodeoaxaca.com\/wp-content\/uploads\/2024\/12\/ramirez-pasajes-cumbre.jpg 756w\" sizes=\"auto, (max-width: 300px) 100vw, 300px\" \/><\/a><figcaption id=\"caption-attachment-2102\" class=\"wp-caption-text\">Pasajes cumbre<\/figcaption><\/figure>\n<p>En una escena del primer cap\u00edtulo que vimos, la voz en\u00a0<em>off<\/em>\u00a0nos est\u00e1 contando que en los a\u00f1os de fundaci\u00f3n de Macondo \u201cel mundo era tan reciente que muchas cosas carec\u00edan de nombre, y para nombrarlas hab\u00eda que se\u00f1alarlas con el dedo\u201d, mientras un ni\u00f1o desnudo, Jos\u00e9 Arcadio Buend\u00eda, recibe unas frutas de una vecina para que las lleve a \u00darsula Iguar\u00e1n, su madre. Sabemos que son corozos por una menci\u00f3n de la vecina, o de la madre; pero es el momento en que las cosas no ten\u00edan nombre, con lo que se impone aqu\u00ed es el silencio. La palabra la tiene la imagen, si a\u00fan no hay palabras.<\/p>\n<p>Por el di\u00e1logo que sigui\u00f3 a la proyecci\u00f3n nos enteramos de que la voz en\u00a0<em>off<\/em>\u00a0que narra es la de Aureliano Babilonia, el \u00faltimo de los Buend\u00eda; pero son las palabras de Garc\u00eda M\u00e1rquez, una interposici\u00f3n textual de la novela que fuerza a las im\u00e1genes a convertirse en una ilustraci\u00f3n de la narraci\u00f3n; dificultad agregada, porque la voz literal del autor se vuelve un pie de amigo que no deja a las im\u00e1genes hablar por s\u00ed solas.<\/p>\n<p>El primero en desconfiar de que sus novelas pudieran ser eficaces en el cine fue el propio Garc\u00eda M\u00e1rquez, quien vio c\u00f3mo no cuajaban los buenos intentos con las versiones filmadas de otros libros suyos, y tem\u00eda que la tentativa con\u00a0<em>Cien a\u00f1os de soledad<\/em>\u00a0no curara su escepticismo.<\/p>\n<p>Es muy temprano saberlo con esta serie antes de terminar de ver los 16 cap\u00edtulos de que consta y, ojal\u00e1, como se nos anunci\u00f3 al final del pase, cada uno de ellos sea mejor que el otro.<\/p>\n<p><em><a href=\"http:\/\/www.sergioramirez.com\/\">www.sergioramirez.com<\/a><\/em><\/p>\n<p><em><a href=\"https:\/\/www.facebook.com\/escritorsergioramirez\">www.facebook.com\/escritorsergioramirez<\/a><\/em><\/p>\n<p><em><a href=\"https:\/\/twitter.com\/sergioramirezm\">http:\/\/twitter.com\/sergioramirezm<\/a><\/em><\/p>\n<p><em><a href=\"https:\/\/www.instagram.com\/sergioramirezmercado\">www.instagram.com\/sergioramirezmercado<\/a><\/em><\/p>\n","protected":false},"excerpt":{"rendered":"<p>Sergio Ram\u00edrez Mercado\/La Jornada He asistido en Casa de Am\u00e9rica al pase del primer cap\u00edtulo de\u00a0Cien a\u00f1os de soledad, de Gabriel Garc\u00eda M\u00e1rquez, la serie que Netflix estrenar\u00e1 el 11 de diciembre de este a\u00f1o. No pretendo juzgar con base en una muestra el todo de este ambicioso proyecto cinematogr\u00e1fico \u2212la mayor superproducci\u00f3n que se &#8230;<\/p>\n","protected":false},"author":1,"featured_media":2105,"comment_status":"open","ping_status":"open","sticky":false,"template":"","format":"standard","meta":{"footnotes":""},"categories":[18],"tags":[],"class_list":["post-2101","post","type-post","status-publish","format-standard","has-post-thumbnail","hentry","category-opinion"],"_links":{"self":[{"href":"https:\/\/elcorreodeoaxaca.com\/index.php?rest_route=\/wp\/v2\/posts\/2101","targetHints":{"allow":["GET"]}}],"collection":[{"href":"https:\/\/elcorreodeoaxaca.com\/index.php?rest_route=\/wp\/v2\/posts"}],"about":[{"href":"https:\/\/elcorreodeoaxaca.com\/index.php?rest_route=\/wp\/v2\/types\/post"}],"author":[{"embeddable":true,"href":"https:\/\/elcorreodeoaxaca.com\/index.php?rest_route=\/wp\/v2\/users\/1"}],"replies":[{"embeddable":true,"href":"https:\/\/elcorreodeoaxaca.com\/index.php?rest_route=%2Fwp%2Fv2%2Fcomments&post=2101"}],"version-history":[{"count":1,"href":"https:\/\/elcorreodeoaxaca.com\/index.php?rest_route=\/wp\/v2\/posts\/2101\/revisions"}],"predecessor-version":[{"id":2106,"href":"https:\/\/elcorreodeoaxaca.com\/index.php?rest_route=\/wp\/v2\/posts\/2101\/revisions\/2106"}],"wp:featuredmedia":[{"embeddable":true,"href":"https:\/\/elcorreodeoaxaca.com\/index.php?rest_route=\/wp\/v2\/media\/2105"}],"wp:attachment":[{"href":"https:\/\/elcorreodeoaxaca.com\/index.php?rest_route=%2Fwp%2Fv2%2Fmedia&parent=2101"}],"wp:term":[{"taxonomy":"category","embeddable":true,"href":"https:\/\/elcorreodeoaxaca.com\/index.php?rest_route=%2Fwp%2Fv2%2Fcategories&post=2101"},{"taxonomy":"post_tag","embeddable":true,"href":"https:\/\/elcorreodeoaxaca.com\/index.php?rest_route=%2Fwp%2Fv2%2Ftags&post=2101"}],"curies":[{"name":"wp","href":"https:\/\/api.w.org\/{rel}","templated":true}]}}