{"id":2057,"date":"2024-11-30T21:32:45","date_gmt":"2024-12-01T03:32:45","guid":{"rendered":"https:\/\/elcorreodeoaxaca.com\/?p=2057"},"modified":"2024-11-30T21:32:45","modified_gmt":"2024-12-01T03:32:45","slug":"tequio-y-politica-8","status":"publish","type":"post","link":"https:\/\/elcorreodeoaxaca.com\/?p=2057","title":{"rendered":"Tequio y Pol\u00edtica"},"content":{"rendered":"<ul>\n<li>\u201d Alito\u201d Moreno, un caso psicopatol\u00f3gico muy especial en la vida pol\u00edtica nacional; tiene vidas paralelas<\/li>\n<li>Festeja como suya la victoria presidencial del izquierdista Yamand\u00fa Ors\u00ed en Uruguay y visit\u00f3 a Jos\u00e9 Mujica<\/li>\n<li>Brinco, grit\u00f3 y levantaba el pu\u00f1o derecho, tras la victoria del progresista Ors\u00ed; el 2 de junio, otra historia<\/li>\n<li>Mientras en M\u00e9xico, persiste en ser cabeza de playa del fascismo mexicano y se dice \u201cperseguido pol\u00edtico\u201d<\/li>\n<li>Esquizofrenia, S\u00edndrome de Dorian Grey, narcisismo y males que podr\u00edan aquejar a A.. Moreno C\u00e1rdenas<\/li>\n<li>En 2023 y 2024, Mexicanos contra la Corrupci\u00f3n y la Impunidad, de Claudio X., lo exhibi\u00f3 de corrupto<\/li>\n<li>Creci\u00f3 como un muchacho bravuc\u00f3n y pendenciero y as\u00ed fueron sus primeros pasos en la pol\u00edtica: El Pa\u00eds<\/li>\n<li>\u201cTiene un trastorno de la personalidad, aires de grandeza, no soporta que nadie le opaque\u00bb, manifest\u00f3<\/li>\n<li>\u201dVive fuera de la realidad\u201d\u2026\u00a0\u201cEs como uno de los caudillos mexicanos del siglo XIX, tomar el poder y no solarlo\u201d<\/li>\n<li>\u2018De m\u00ed han dicho de todo, que soy corrupto, que soy mayate [gigol\u00f3], pero conmigo sucede como con el sol,,,\u201d<\/li>\n<\/ul>\n<p style=\"text-align: center;\">\n<strong><em>Carlos Velasco M.\/MCCI\/El Pa\u00eds<\/em><\/strong><\/p>\n<p><strong>EN URUGUAY, \u201cALITO\u201d DISFRUT\u00d3 \u201cSU\u201d\u00a0<\/strong><\/p>\n<p><strong>PRIMERA VICTORIA PRESIDENCIAL<\/strong><\/p>\n<p><strong>\u00a0<\/strong><\/p>\n<figure id=\"attachment_2073\" aria-describedby=\"caption-attachment-2073\" style=\"width: 290px\" class=\"wp-caption alignright\"><a href=\"https:\/\/elcorreodeoaxaca.com\/wp-content\/uploads\/2024\/11\/tequio-su-encuentro-con-jose-mujica.jpg\"><img loading=\"lazy\" decoding=\"async\" class=\"size-medium wp-image-2073\" src=\"https:\/\/elcorreodeoaxaca.com\/wp-content\/uploads\/2024\/11\/tequio-su-encuentro-con-jose-mujica-300x169.jpg\" alt=\"\" width=\"300\" height=\"169\" srcset=\"https:\/\/elcorreodeoaxaca.com\/wp-content\/uploads\/2024\/11\/tequio-su-encuentro-con-jose-mujica-300x169.jpg 300w, https:\/\/elcorreodeoaxaca.com\/wp-content\/uploads\/2024\/11\/tequio-su-encuentro-con-jose-mujica-335x188.jpg 335w, https:\/\/elcorreodeoaxaca.com\/wp-content\/uploads\/2024\/11\/tequio-su-encuentro-con-jose-mujica-700x394.jpg 700w, https:\/\/elcorreodeoaxaca.com\/wp-content\/uploads\/2024\/11\/tequio-su-encuentro-con-jose-mujica.jpg 756w\" sizes=\"auto, (max-width: 300px) 100vw, 300px\" \/><\/a><figcaption id=\"caption-attachment-2073\" class=\"wp-caption-text\">Su encuentro con Jos\u00e9 Mujica<\/figcaption><\/figure>\n<p>Siendo de derecha, ser cacique de una organizaci\u00f3n al servicio de los empresarios como es el PRI, haber convertido en t\u00edtere y cabeza de playa de ciertos grupos empresariales para enfrentar a la izquierda en M\u00e9xico que encabeza Claudia Sheinbaum, alguien en su sano juicio puede explicar c\u00f3mo Alejandro \u201cAlito\u201d Moreno C\u00e1rdenas, viaj\u00f3 hasta Uruguay para festejar como ni\u00f1o con zapatos nuevos (en el video se le ve saltar, alzar el pu\u00f1o derecho y gritar \u201csu\u201d triunfo) la victoria a la presidencia del izquierdista Yamand\u00fa Ors\u00ed sobre el derechista, \u00c1lvaro Delgado, con el 49 por ciento de la votaci\u00f3n\u2026<\/p>\n<p>Salvo Sigmud Freud, Lev Vygotsky, Daniel Kahneman y\u00a0Steven Pinker, cuatro de los diez psic\u00f3logos del mundo, nadie m\u00e1s entiende las actitudes fuera de toda l\u00f3gica del tal \u201calito\u201d\u2026 Su realidad paralela, tambi\u00e9n provoc\u00f3 que visitar\u00e1 al ex guerrillero y ex presidente uruguayo, Jos\u00e9 Mujica.<\/p>\n<p>&nbsp;<\/p>\n<p><strong>ALEJANDRO \u201cALITO\u201d MORENO, CASO\u00a0<\/strong><\/p>\n<p><strong>PSICOPATOL\u00d3GICO DE LA POL\u00cdTICA<\/strong><\/p>\n<p>&nbsp;<\/p>\n<figure id=\"attachment_2059\" aria-describedby=\"caption-attachment-2059\" style=\"width: 290px\" class=\"wp-caption alignleft\"><a href=\"https:\/\/elcorreodeoaxaca.com\/wp-content\/uploads\/2024\/11\/tequio-Alito-y-su-hermano-Emigdio-Gabriel.png\"><img loading=\"lazy\" decoding=\"async\" class=\"size-medium wp-image-2059\" src=\"https:\/\/elcorreodeoaxaca.com\/wp-content\/uploads\/2024\/11\/tequio-Alito-y-su-hermano-Emigdio-Gabriel-300x203.png\" alt=\"\" width=\"300\" height=\"203\" srcset=\"https:\/\/elcorreodeoaxaca.com\/wp-content\/uploads\/2024\/11\/tequio-Alito-y-su-hermano-Emigdio-Gabriel-300x203.png 300w, https:\/\/elcorreodeoaxaca.com\/wp-content\/uploads\/2024\/11\/tequio-Alito-y-su-hermano-Emigdio-Gabriel-335x227.png 335w, https:\/\/elcorreodeoaxaca.com\/wp-content\/uploads\/2024\/11\/tequio-Alito-y-su-hermano-Emigdio-Gabriel.png 651w\" sizes=\"auto, (max-width: 300px) 100vw, 300px\" \/><\/a><figcaption id=\"caption-attachment-2059\" class=\"wp-caption-text\">Alito y su hermano Emigdio Gabriel Moreno C\u00e1rdenas<\/figcaption><\/figure>\n<p>Despu\u00e9s de conocer que el ex gobernador de Campeche, Alejandro Moreno C\u00e1rdenas y actual cacique del PRI, hoy convertido en partido de derecha, visit\u00f3 en d\u00edas pasados a Jos\u00e9 Mujica, quien en los a\u00f1os sesenta, integr\u00f3 el movimiento guerrillero Movimiento de Liberaci\u00f3n Nacional-Tupamaros y que, de 1972 a 1985, fue encarcelado por la dictadura uruguaya,\u00a0\u00a0para posteriormente se convirtiera en presidente de Uruguay en el lapso 2010 al 2015, llegamos a la conclusi\u00f3n que Moreno C\u00e1rdenas es un caso psicopatol\u00f3gico de la pol\u00edtica mexicana que ni el mismo Sigmund Freud, podr\u00eda explicar.<\/p>\n<p>Otra: Hace unos 24 a\u00f1os, el porro o sicario del entonces gobernador campechano, Antonio Gonz\u00e1lez Kuri, 1997-2003, en una comitiva oficial de esa entidad, viaj\u00f3 a la isla de Cuba, donde busc\u00f3 el \u00e1ngulo perfecto para aparecer al lado del Comandante Fidel Castro\u2026 Nadie imagin\u00f3 en ese momento que muchos a\u00f1os despu\u00e9s despotricaba contra el gobierno de cubano y se convirtiera en punta de lanza del fascismo mexicano para atacar al gobierno \u201ccomunista\u201d de Cuba\u2026<\/p>\n<p>Por cierto, un breviario cultural:\u00a0\u00a0Muchos a\u00f1os despu\u00e9s, la derecha y la ultraderecha en M\u00e9xico desconocen que el socialismo es el primer paso hacia el comunismo, ideolog\u00eda que solamente ha sido alcanzada en China\u2026 En la ex URSS, solamente se lleg\u00f3 al comunismo, de ah\u00ed su nombre Uni\u00f3n de Rep\u00fablicas Socialistas Sovi\u00e9ticas.<\/p>\n<p>Pero, volvamos al caso psiqui\u00e1trico de Alejandro \u201cAlito\u201d Moreno C\u00e1rdenas:<\/p>\n<figure id=\"attachment_2066\" aria-describedby=\"caption-attachment-2066\" style=\"width: 121px\" class=\"wp-caption alignright\"><a href=\"https:\/\/elcorreodeoaxaca.com\/wp-content\/uploads\/2024\/11\/tequio-Antonio-Gonzalez-Kuri.jpg.jpg\"><img loading=\"lazy\" decoding=\"async\" class=\" wp-image-2066\" src=\"https:\/\/elcorreodeoaxaca.com\/wp-content\/uploads\/2024\/11\/tequio-Antonio-Gonzalez-Kuri.jpg-145x300.jpg\" alt=\"\" width=\"131\" height=\"271\" srcset=\"https:\/\/elcorreodeoaxaca.com\/wp-content\/uploads\/2024\/11\/tequio-Antonio-Gonzalez-Kuri.jpg-145x300.jpg 145w, https:\/\/elcorreodeoaxaca.com\/wp-content\/uploads\/2024\/11\/tequio-Antonio-Gonzalez-Kuri.jpg-162x335.jpg 162w, https:\/\/elcorreodeoaxaca.com\/wp-content\/uploads\/2024\/11\/tequio-Antonio-Gonzalez-Kuri.jpg.jpg 441w\" sizes=\"auto, (max-width: 131px) 100vw, 131px\" \/><\/a><figcaption id=\"caption-attachment-2066\" class=\"wp-caption-text\">Antonio Gonz\u00e1lez Kuri<\/figcaption><\/figure>\n<p>Si, como dirigente del PRI, encabez\u00f3 el maridaje junto con el ex dirigente panista Marko Cort\u00e9s,\u00a0\u00a0obvio, convertidos en t\u00edteres de el fascista Claudio X. Gonz\u00e1lez Guajjardo, con estos antecedentes, \u00bfPor qu\u00e9 viaj\u00f3 al Cono Sur para visitar a los izquierdistas Jos\u00e9 Mujica y a Yamand\u00fa Ors\u00ed, reci\u00e9n electo presidente de Uruguay?<\/p>\n<p>Un par\u00e9ntesis para saber qui\u00e9n ser\u00e1 el nuevo mandatario de la rep\u00fablica uruguaya y el o los por qu\u00e9\u00a0\u00a0este pol\u00edtico de Uruguay es abismalmente opuesto a Moreno C\u00e1rdenas:<\/p>\n<p>Yamand\u00fa Orsi<strong>,\u00a0<\/strong>naci\u00f3 el 3 de julio de 1967 en Canelones, Uruguay, una ciudad hist\u00f3ricamente agr\u00edcola y con fuerte tradici\u00f3n sindical. Su infancia transcurri\u00f3 durante la dictadura militar\u00a0\u00a0(1973-1985), per\u00edodo marcado por la represi\u00f3n y las carencias que enfrentan miles de uruguayos.<\/p>\n<p>La experiencia de crecer en este contexto no solo defini\u00f3 sus valores, sino que tambi\u00e9n despert\u00f3 su inter\u00e9s por las luchas sociales. Como muchos uruguayos de su generaci\u00f3n, vio de cerca c\u00f3mo la represi\u00f3n y las limitaciones econ\u00f3micas afectan a las familias trabajadoras.<\/p>\n<p>Desde joven, particip\u00f3 en movimientos de barrios y comunitarios, lo que consolid\u00f3 su compromiso con las causas populares.<\/p>\n<p>Continuamos con el dictador tricolor:<\/p>\n<p>Este tipo de acciones del priista, inquietan y preocupan al interior del PRI, muchos afirman que no est\u00e1n en sus cabales, que ya se siente presidenciable, que es cuesti\u00f3n de tiempo, que son delirios de poder, pero m\u00e1s de dinero, por ello es primera vez en la historia de la pol\u00edtica nacional que se intenta buscar un diagn\u00f3stico cl\u00ednico del cacique priista, por cierto tipo de acciones y decisiones que rayan en la psicopatolog\u00eda:<\/p>\n<p>&nbsp;<\/p>\n<p><strong>S\u00cdNDROME DE DORIAN GREY<\/strong><\/p>\n<p><strong>\u00a0<\/strong><\/p>\n<p>1).-\u00a0\u00a0Narcisismo, es el sentido exagerado de egocentrismo.\u00a0Preocupaci\u00f3n extrema por s\u00ed mismo.\u00a0Falta de empat\u00eda por otras personas\u2026 Qui\u00e9n puede explicar que, por una parte, se pinta canas y, por otro, cae el el uso exagerado del botox, \u00bfQuiere ser viejo?&#8230; \u00bfBusca no envejecer?<\/p>\n<figure id=\"attachment_2079\" aria-describedby=\"caption-attachment-2079\" style=\"width: 147px\" class=\"wp-caption alignleft\"><a href=\"https:\/\/elcorreodeoaxaca.com\/wp-content\/uploads\/2024\/11\/tequio-carlos-salinas.jpeg\"><img loading=\"lazy\" decoding=\"async\" class=\"size-medium wp-image-2079\" src=\"https:\/\/elcorreodeoaxaca.com\/wp-content\/uploads\/2024\/11\/tequio-carlos-salinas-157x300.jpeg\" alt=\"\" width=\"157\" height=\"300\" srcset=\"https:\/\/elcorreodeoaxaca.com\/wp-content\/uploads\/2024\/11\/tequio-carlos-salinas-157x300.jpeg 157w, https:\/\/elcorreodeoaxaca.com\/wp-content\/uploads\/2024\/11\/tequio-carlos-salinas-175x335.jpeg 175w, https:\/\/elcorreodeoaxaca.com\/wp-content\/uploads\/2024\/11\/tequio-carlos-salinas.jpeg 441w\" sizes=\"auto, (max-width: 157px) 100vw, 157px\" \/><\/a><figcaption id=\"caption-attachment-2079\" class=\"wp-caption-text\">Carlo Salinas de Gortari<\/figcaption><\/figure>\n<p>2).- S\u00edndrome de Dorian Grey: Fen\u00f3meno cultural y social caracterizado por una preocupaci\u00f3n excesiva hacia la propia apariencia del individuo\u00a0(dismorfobia). Generalmente se acompa\u00f1a de dificultades en el ajuste (coping) hacia el proceso de envejecimiento y a los fen\u00f3menos propios de la madurez.<\/p>\n<p>3).- Trastorno histri\u00f3nico de la personalidad: Es una afecci\u00f3n mental\u00a0por la cual las personas act\u00faan de una manera muy emocional y dram\u00e1tica que atrae la atenci\u00f3n hacia ellas\u2026 Las causas del trastorno histri\u00f3nico de la personalidad se desconocen. Los acontecimientos de la primera infancia y los genes pueden ser los responsables. Se diagnostica con mayor frecuencia en mujeres que en hombres. Los m\u00e9dicos creen que hay m\u00e1s hombres que pueden tener el trastorno de los que reciben el diagn\u00f3stico.<\/p>\n<p>4).- Trastorno disocial: Este tipo de pacientes, mienten o roban\u2026 Emprenden acciones intimidatorias, amenazas, peleas frecuentes\u2026 Carecen de un sentido de culpabilidad apropiado\u2026 Este tipo de trastorno, generalmente se registra en los ni\u00f1os.<\/p>\n<p>5).- Esquizofrenia: Es una enfermedad mental grave que afecta el modo de pensar, sentir y comportarse de las personas. Puede dar lugar a una mezcla de alucinaciones, ideas delirantes y pensamientos y comportamientos desorganizados. Las alucinaciones consisten en ver cosas o escuchar voces que los dem\u00e1s no ven ni escuchan. Las ideas delirantes son creencias firmes sobre cosas que no son ciertas. Puede parecer que las personas con esquizofrenia han perdido contacto con la realidad, lo que puede dificultar mucho su vida cotidiana\u2026 En otras palabras se creen sus propias mentiras.<\/p>\n<p>&nbsp;<\/p>\n<p><strong>EL PRI, POR DECRETO Y POR VISITAS,<\/strong><\/p>\n<p><strong>ES DE IZQUIERDA, SEG\u00daN MORENO C.<\/strong><\/p>\n<p>&nbsp;<\/p>\n<figure id=\"attachment_2062\" aria-describedby=\"caption-attachment-2062\" style=\"width: 159px\" class=\"wp-caption alignright\"><a href=\"https:\/\/elcorreodeoaxaca.com\/wp-content\/uploads\/2024\/11\/tequio-pedro-sanchez.jpg\"><img loading=\"lazy\" decoding=\"async\" class=\"size-medium wp-image-2062\" src=\"https:\/\/elcorreodeoaxaca.com\/wp-content\/uploads\/2024\/11\/tequio-pedro-sanchez-169x300.jpg\" alt=\"\" width=\"169\" height=\"300\" srcset=\"https:\/\/elcorreodeoaxaca.com\/wp-content\/uploads\/2024\/11\/tequio-pedro-sanchez-169x300.jpg 169w, https:\/\/elcorreodeoaxaca.com\/wp-content\/uploads\/2024\/11\/tequio-pedro-sanchez-188x335.jpg 188w, https:\/\/elcorreodeoaxaca.com\/wp-content\/uploads\/2024\/11\/tequio-pedro-sanchez.jpg 441w\" sizes=\"auto, (max-width: 169px) 100vw, 169px\" \/><\/a><figcaption id=\"caption-attachment-2062\" class=\"wp-caption-text\">Pedro S\u00e1nchez<\/figcaption><\/figure>\n<p>Lo que no tiene en M\u00e9xico, en su realidad virtual, lo busca en el extranjero\u2026 Busca que la imagen del priismo, pero lo m\u00e1s importante la de \u00e9l, se de izquierda, que vean que los residuos tricolores son progresistas, que responden a los intereses populares, a los campesinos, a los pueblos originarios y que el racismo, el clasismo, as\u00ed como la discriminaci\u00f3n son arte de la lucha del Partido Revolucionario Institucional, o sea que quieren ser lo que nunca fueron.<\/p>\n<p>Para \u201cborrar\u201d esa imagen, Alejandro Moreno C\u00e1rdenas, fue al extranjero para pedir apoyo y el intervencionismo extranjero a la Organizaci\u00f3n de Estados Americanos, OEA, primero para que llegaran a M\u00e9xico cientos de observadores de este organismo continental y, despu\u00e9s, para intentar evitar que se llevara a cabo el plan \u201cC\u201d de la Cuatro T, es decir la Reforma Judicial\u2026 Lo mismo hizo el otro derechista , Marko Cort\u00e9s, dirigente del PAN.<\/p>\n<p>El ex gobernador de Campeche de marras, tambi\u00e9n viaj\u00f3 a Espa\u00f1a, para visitar en lo oscurito a Carlos Salinas de Gortari, se reuni\u00f3 con el presidente Pedro S\u00e1nchez, t\u00edtere del rey Felipe de Borb\u00f3n e intent\u00f3 una entrevista con el que lleva la corona en ese pa\u00eds\u2026 Entre su atascada agenda, estaba llegar a la ONU y al Parlamento Europeo, donde denunciaba la \u201cpersecuci\u00f3n pol\u00edtica\u201d de la cual es \u201cv\u00edctima\u201d debido a las acusaciones de corrupci\u00f3n durante su gobierno en Campeche\u2026. Su encuentro con Luis Almagro, no sorprendi\u00f3 a nadie, pues son dos coyotes de la misma loma, porque traicionaron a quienes les dieron la oportunidad de llegar a lo alto en la pol\u00edtica gubernamental.<\/p>\n<figure id=\"attachment_2064\" aria-describedby=\"caption-attachment-2064\" style=\"width: 157px\" class=\"wp-caption alignleft\"><a href=\"https:\/\/elcorreodeoaxaca.com\/wp-content\/uploads\/2024\/11\/tequio-marko-cortes.jpg\"><img loading=\"lazy\" decoding=\"async\" class=\"size-medium wp-image-2064\" src=\"https:\/\/elcorreodeoaxaca.com\/wp-content\/uploads\/2024\/11\/tequio-marko-cortes-167x300.jpg\" alt=\"\" width=\"167\" height=\"300\" srcset=\"https:\/\/elcorreodeoaxaca.com\/wp-content\/uploads\/2024\/11\/tequio-marko-cortes-167x300.jpg 167w, https:\/\/elcorreodeoaxaca.com\/wp-content\/uploads\/2024\/11\/tequio-marko-cortes-187x335.jpg 187w, https:\/\/elcorreodeoaxaca.com\/wp-content\/uploads\/2024\/11\/tequio-marko-cortes.jpg 441w\" sizes=\"auto, (max-width: 167px) 100vw, 167px\" \/><\/a><figcaption id=\"caption-attachment-2064\" class=\"wp-caption-text\">Marko Cort\u00e9s<\/figcaption><\/figure>\n<p>Luis Almagro, durante el gobierno de Pepe Mujica, fue canciller, posteriormente, lo traicionar\u00eda y mostrar\u00eda su verdadero rostro de fascista y hoy est\u00e1 al servicio de Estados Unidos\u2026 Moreno C\u00e1rdenas, traicion\u00f3 a Enrique Pe\u00f1a Nieto, a Manlio Fabio Beltros, a Claudia Ruiz Massieu, a Miguel \u00c1ngel Osorio Chong y a Beatriz Paredes, entre muchos otros.<\/p>\n<p>&nbsp;<\/p>\n<p><strong>MEXICANOS CONTRA LA CORRUPCI\u00d3N<\/strong><\/p>\n<p><strong>EXHIBE A MORENO C\u00c1RDENAS<\/strong><\/p>\n<p>&nbsp;<\/p>\n<p>La voz popular reza que \u201cpara que la cu\u00f1a apriete debe ser del mismo palo\u201d, refr\u00e1n que no est\u00e1 alejado de la realidad cuando la organizaci\u00f3n no gubernamental \u201cMexicanos contra la Corrupci\u00f3n\u201d, propiedad de Claudio X. Gonz\u00e1lez, public\u00f3 en este a\u00f1o casi todos los delitos cometidos por el ahora \u201cdirigente\u201d priista en el lapso que administr\u00f3 el presupuesto de los campechanos\u2026 Fue el 25 de julio del 2024 cuando estall\u00f3 la bomba de los amigos de \u201calito\u201d contra el dirigente priista que, por cierto, presume tener muchos amigos en su realidad paralela.<\/p>\n<p>Va el recuento:<\/p>\n<figure id=\"attachment_2070\" aria-describedby=\"caption-attachment-2070\" style=\"width: 265px\" class=\"wp-caption alignright\"><a href=\"https:\/\/elcorreodeoaxaca.com\/wp-content\/uploads\/2024\/11\/tequio-Luis-Almagro.jpg\"><img loading=\"lazy\" decoding=\"async\" class=\"size-medium wp-image-2070\" src=\"https:\/\/elcorreodeoaxaca.com\/wp-content\/uploads\/2024\/11\/tequio-Luis-Almagro-275x300.jpg\" alt=\"\" width=\"275\" height=\"300\" srcset=\"https:\/\/elcorreodeoaxaca.com\/wp-content\/uploads\/2024\/11\/tequio-Luis-Almagro-275x300.jpg 275w, https:\/\/elcorreodeoaxaca.com\/wp-content\/uploads\/2024\/11\/tequio-Luis-Almagro-307x335.jpg 307w, https:\/\/elcorreodeoaxaca.com\/wp-content\/uploads\/2024\/11\/tequio-Luis-Almagro.jpg 441w\" sizes=\"auto, (max-width: 275px) 100vw, 275px\" \/><\/a><figcaption id=\"caption-attachment-2070\" class=\"wp-caption-text\">Luis Almagro<\/figcaption><\/figure>\n<p>A).-\u00a0\u00a0\u201cLa Fiscal\u00eda General de la Rep\u00fablica (FGR) y la Unidad de Inteligencia Financiera (UIF) investigaron un entramado de empresas fachada utilizadas para triangular recursos en las que el familiar del l\u00edder nacional del PRI aparece como accionista. En sus operaciones se hallaron transacciones bancarias al actual diputado federal que encendieron las alertas de la autoridad financiera.<\/p>\n<p>B).- Adem\u00e1s de indagar traspasos millonarios en momentos clave en la carrera pol\u00edtica del priista, las instituciones le siguieron la pista a seis propiedades que Emigdio adquiri\u00f3 en la Ciudad de M\u00e9xico y una m\u00e1s de la que fue due\u00f1o en el condado de Harris en Houston, Texas, en Estados Unidos.<\/p>\n<p>Desde 2017, al hermano de \u201cAlito\u201d se le \u201cidentifica como apoderado de seis empresas, las cuales se encuentran en una red de empresas fachada\u201d, se lee en un perfil financiero de Alejandro Moreno al que Mexicanos contra la Corrupci\u00f3n y la Impunidad tuvo acceso.<\/p>\n<p>C).- Una investigaci\u00f3n tramitada ante el Registro P\u00fablico de la Propiedad y de Comercio de la Ciudad de M\u00e9xico arroj\u00f3 que Emigdio Gabriel es titular de EMC Metering Systems SA de CV y Flow Control Instrumentation SA de CV; adem\u00e1s, constituy\u00f3 las sociedades EMC Metering Systems Inc y First International Flow Control Inc en Estados Unidos, seg\u00fan bases de datos p\u00fablicas de aquel pa\u00eds.<\/p>\n<p>Cuentas asociadas a EMC Metering Systems SA de CV sirvieron como puente en m\u00e1s de una ocasi\u00f3n para transferir dinero al exgobernador de Campeche a trav\u00e9s de su allegado, involucrando a terceras compa\u00f1\u00edas que tambi\u00e9n fueron analizadas por irregularidades en sus actividades financieras.<\/p>\n<figure id=\"attachment_2076\" aria-describedby=\"caption-attachment-2076\" style=\"width: 148px\" class=\"wp-caption alignleft\"><a href=\"https:\/\/elcorreodeoaxaca.com\/wp-content\/uploads\/2024\/11\/tequio-Enrique-Pena-Nieto.jpg\"><img loading=\"lazy\" decoding=\"async\" class=\"size-medium wp-image-2076\" src=\"https:\/\/elcorreodeoaxaca.com\/wp-content\/uploads\/2024\/11\/tequio-Enrique-Pena-Nieto-158x300.jpg\" alt=\"\" width=\"158\" height=\"300\" srcset=\"https:\/\/elcorreodeoaxaca.com\/wp-content\/uploads\/2024\/11\/tequio-Enrique-Pena-Nieto-158x300.jpg 158w, https:\/\/elcorreodeoaxaca.com\/wp-content\/uploads\/2024\/11\/tequio-Enrique-Pena-Nieto-176x335.jpg 176w, https:\/\/elcorreodeoaxaca.com\/wp-content\/uploads\/2024\/11\/tequio-Enrique-Pena-Nieto.jpg 441w\" sizes=\"auto, (max-width: 158px) 100vw, 158px\" \/><\/a><figcaption id=\"caption-attachment-2076\" class=\"wp-caption-text\">Enrique Pe\u00f1a Nieto<\/figcaption><\/figure>\n<p>D).- Un reporte del 12 julio de 2019 alert\u00f3 que la empresa Power Petroleum de M\u00e9xico SA de CV, constituida cinco meses antes, present\u00f3 operatividad incongruente por la recepci\u00f3n y retiro de montos \u201cinusualmente elevados\u201d.<\/p>\n<p>Entre esas triangulaciones, la Unidad de Inteligencia estableci\u00f3 que esa sociedad recibi\u00f3 cuatro dep\u00f3sitos de EMC Metering Systems por 4 millones de pesos entre el 30 de mayo y el 31 de julio de 2019, mediante una cuenta BBVA Bancomer. El concepto de las transferencias, indica el informe, fue por servicios de organizaci\u00f3n y administraci\u00f3n de empresas.<\/p>\n<p>E).- La autoridad continu\u00f3 la ruta del dinero y se percat\u00f3 que Power Petroleum de M\u00e9xico traspas\u00f3 los recursos a otras empresas y finalmente regresaron a las arcas de Emigdio, a una de sus cuentas como accionista, y despu\u00e9s fueron transferidas a Alito.<\/p>\n<p>Lo anterior ocurri\u00f3 en el periodo en que Alejandro Moreno solicit\u00f3 licencia como gobernador de Campeche para buscar la dirigencia nacional de su partido.<\/p>\n<p>Las actividades sospechosas de Emigdio Moreno llevaron a que la UIF siguiera sus pasos durante 12 meses. La autoridad alert\u00f3 que del 14 de junio de 2016 al 13 de junio de 2017 se realizaron 67 dep\u00f3sitos por 11 millones 362 mil pesos a una cuenta de cheques que ten\u00eda registrada en banco Banamex.<\/p>\n<p>F).- De esa cantidad recibida, el hermano de Alito transfiri\u00f3 3 millones 125 mil pesos a la empresa Cuda Consulting SC por concepto de servicios de organizaci\u00f3n y administraci\u00f3n. Sin embargo, dicha sociedad ten\u00eda un reporte financiero previo con fecha del 31 de mayo de 2017 por un esquema de operatividad incongruente y posible empresa fachada, ya que formaba parte de una investigaci\u00f3n a otra compa\u00f1\u00eda de nombre Recycling Group S de RL de CV.<\/p>\n<p>G).- De la cantidad restante, Emigdio transfiri\u00f3 a una cuenta de Banco Multiva a nombre de Alejandro la cantidad de 4 millones de pesos. La operaci\u00f3n fue advertida por la autoridad.<\/p>\n<p>&nbsp;<\/p>\n<p><strong>LAS TRANSFERENCIAS MILLONARIAS<\/strong><\/p>\n<p><strong>DESDE EL GOBIERNO DE CAMPECHE<\/strong><\/p>\n<p>&nbsp;<\/p>\n<figure id=\"attachment_2069\" aria-describedby=\"caption-attachment-2069\" style=\"width: 147px\" class=\"wp-caption alignright\"><a href=\"https:\/\/elcorreodeoaxaca.com\/wp-content\/uploads\/2024\/11\/tequio-Manlio-Fabio-Beltrones.jpg\"><img loading=\"lazy\" decoding=\"async\" class=\"size-medium wp-image-2069\" src=\"https:\/\/elcorreodeoaxaca.com\/wp-content\/uploads\/2024\/11\/tequio-Manlio-Fabio-Beltrones-157x300.jpg\" alt=\"\" width=\"157\" height=\"300\" srcset=\"https:\/\/elcorreodeoaxaca.com\/wp-content\/uploads\/2024\/11\/tequio-Manlio-Fabio-Beltrones-157x300.jpg 157w, https:\/\/elcorreodeoaxaca.com\/wp-content\/uploads\/2024\/11\/tequio-Manlio-Fabio-Beltrones-175x335.jpg 175w, https:\/\/elcorreodeoaxaca.com\/wp-content\/uploads\/2024\/11\/tequio-Manlio-Fabio-Beltrones.jpg 441w\" sizes=\"auto, (max-width: 157px) 100vw, 157px\" \/><\/a><figcaption id=\"caption-attachment-2069\" class=\"wp-caption-text\">Manlio Fabio Beltrones<\/figcaption><\/figure>\n<p>La transferencia, catalogada como irregular, ocurri\u00f3 cuando Alejandro Moreno era gobernador constitucional del estado de Campeche.<\/p>\n<p>Adem\u00e1s del perfil financiero de Alejandro Moreno emanado de la UIF en el que se involucra a Emigdio en las investigaciones tambi\u00e9n se incluy\u00f3 un resumen de los ejercicios fiscales de las empresas del hermano del priista.<\/p>\n<p>H).- Dichos res\u00famenes muestran incongruencias en los ingresos contra los gastos, as\u00ed como los pagos de n\u00f3mina de ambas sociedades.<\/p>\n<p>Por ejemplo, en el caso de Flow Control Instrumentation SA de CV, el informe asegura que en los ejercicios fiscales de 2015 a 2021, la compa\u00f1\u00eda report\u00f3 ingresos por 85 millones 468 mil pesos. Pero, que tuvo gastos por 88 millones 950 mil pesos. Es decir, que en todos esos a\u00f1os la empresa registr\u00f3 p\u00e9rdidas.<\/p>\n<p>En el apartado de pago de n\u00f3mina, el resumen aparece en cero. Lo que muestra que la empresa tuvo ingresos superiores a 85 millones de pesos sin reportar a un solo empleado.<\/p>\n<p>I).- Sobre EMC Metering Systems SA de CV, el resumen fiscal indica que de los ejercicios de 2015 a 2021 registr\u00f3 ingresos por 335 millones 336 mil pesos, de los cuales gast\u00f3 286 millones 908 mil pesos, de los cuales s\u00f3lo 6.5 millones de pesos correspondieron a pagos de n\u00f3mina. No obstante, la empresa report\u00f3 pagos a empleados hasta el 2019, por lo que entre 2015 y 2018 no tuvo una plantilla laboral<\/p>\n<figure id=\"attachment_2071\" aria-describedby=\"caption-attachment-2071\" style=\"width: 159px\" class=\"wp-caption alignleft\"><a href=\"https:\/\/elcorreodeoaxaca.com\/wp-content\/uploads\/2024\/11\/tequio-claudia-ruiz-massieu.jpg\"><img loading=\"lazy\" decoding=\"async\" class=\"size-medium wp-image-2071\" src=\"https:\/\/elcorreodeoaxaca.com\/wp-content\/uploads\/2024\/11\/tequio-claudia-ruiz-massieu-169x300.jpg\" alt=\"\" width=\"169\" height=\"300\" srcset=\"https:\/\/elcorreodeoaxaca.com\/wp-content\/uploads\/2024\/11\/tequio-claudia-ruiz-massieu-169x300.jpg 169w, https:\/\/elcorreodeoaxaca.com\/wp-content\/uploads\/2024\/11\/tequio-claudia-ruiz-massieu-189x335.jpg 189w, https:\/\/elcorreodeoaxaca.com\/wp-content\/uploads\/2024\/11\/tequio-claudia-ruiz-massieu.jpg 441w\" sizes=\"auto, (max-width: 169px) 100vw, 169px\" \/><\/a><figcaption id=\"caption-attachment-2071\" class=\"wp-caption-text\">Claudia Ruiz Massieu<\/figcaption><\/figure>\n<p>J).- En ocho a\u00f1os, 2016, el ingeniero qu\u00edmico obtuvo la propiedad de seis inmuebles en la Ciudad de M\u00e9xico por un valor que super\u00f3 los 40.7 millones de pesos, consta en documentos obtenidos por MCCI ante el Registro P\u00fablico de la Propiedad y de Comercio (RPPyC).<\/p>\n<p>K).- Con base en los expedientes se comprob\u00f3 que el hermano del dirigente nacional tricolor adquiri\u00f3 tres de los seis bienes en complejos muy exclusivos en Polanco, una de las zonas con mayor plusval\u00eda en el pa\u00eds, ubicada al poniente de la capital.\u00a0 Dos m\u00e1s se encuentran en las colonias Irrigaci\u00f3n y An\u00e1huac I Secci\u00f3n, en la alcald\u00eda Miguel Hidalgo. El \u00faltimo forma parte de \u201cPuerta Alameda\u201d, un conjunto habitacional situado en la alcald\u00eda Cuauht\u00e9moc, a unos pasos del Palacio de Bellas Artes.<\/p>\n<p>Uno de los departamentos se ubica en la Avenida Ej\u00e9rcito Nacional 769, en el condominio conocido como \u201cMiyana Polanco\u201d o \u201cCiudad Moliere\u201d. Los antecedentes registrales muestran que Emigdio lo adquiri\u00f3 a finales de 2017 cuando su hermano era gobernador de Campeche. El monto de la transacci\u00f3n fue de 5 millones 884 mil pesos y la extensi\u00f3n del bien es de 116 metros cuadrados.<\/p>\n<p>L).- La propiedad tiene una extensi\u00f3n de 406 metros cuadrados y la adquiri\u00f3 en febrero de 2013, cuando su hermano era diputado federal del tricolor por segunda ocasi\u00f3n.<\/p>\n<figure id=\"attachment_2074\" aria-describedby=\"caption-attachment-2074\" style=\"width: 131px\" class=\"wp-caption alignright\"><a href=\"https:\/\/elcorreodeoaxaca.com\/wp-content\/uploads\/2024\/11\/tequio-Miguel-A.-Osorio-Chong.jpg\"><img loading=\"lazy\" decoding=\"async\" class=\"size-medium wp-image-2074\" src=\"https:\/\/elcorreodeoaxaca.com\/wp-content\/uploads\/2024\/11\/tequio-Miguel-A.-Osorio-Chong-141x300.jpg\" alt=\"\" width=\"141\" height=\"300\" srcset=\"https:\/\/elcorreodeoaxaca.com\/wp-content\/uploads\/2024\/11\/tequio-Miguel-A.-Osorio-Chong-141x300.jpg 141w, https:\/\/elcorreodeoaxaca.com\/wp-content\/uploads\/2024\/11\/tequio-Miguel-A.-Osorio-Chong-482x1024.jpg 482w, https:\/\/elcorreodeoaxaca.com\/wp-content\/uploads\/2024\/11\/tequio-Miguel-A.-Osorio-Chong-723x1536.jpg 723w, https:\/\/elcorreodeoaxaca.com\/wp-content\/uploads\/2024\/11\/tequio-Miguel-A.-Osorio-Chong-158x335.jpg 158w, https:\/\/elcorreodeoaxaca.com\/wp-content\/uploads\/2024\/11\/tequio-Miguel-A.-Osorio-Chong.jpg 756w\" sizes=\"auto, (max-width: 141px) 100vw, 141px\" \/><\/a><figcaption id=\"caption-attachment-2074\" class=\"wp-caption-text\">Miguel A. Osorio Chong<\/figcaption><\/figure>\n<p>En enero de 2019, Emigdio compr\u00f3 un departamento de 82 metros cuadrados en una de las torres que conforman el \u201cCondominio habitacional Parques Plaza Nuevo Polanco\u201d, situado en la vialidad Lago Alberto, de la colonia An\u00e1huac I Secci\u00f3n, por un monto de 4 millones 660 mil pesos. Para esta transacci\u00f3n, Banorte le otorg\u00f3 otro cr\u00e9dito hipotecario por 3 millones 265 mil pesos, el cual deber\u00e1 liquidarse durante 20 a\u00f1os.<\/p>\n<p>M).- Solo tres meses despu\u00e9s, el hermano de Alito obtuvo la propiedad de otro bien, en la calle Arist\u00f3teles, en Polanco. Seg\u00fan los documentos del RPPyC, ese inmueble de 195 metros cuadrados ten\u00eda un valor de 10 millones de pesos y se encontraba en un esquema de copropiedad con dos personas m\u00e1s. En abril de 2019, las copropietarias le cedieron su parte y qued\u00f3 como \u00fanico due\u00f1o.<\/p>\n<p>N).- En 2010, Emigdio consigui\u00f3 otro departamento en el condominio Puerta Alameda, que lleva ese nombre por estar a unos metros de la Alameda Central de la Ciudad de M\u00e9xico. La propiedad tuvo un costo de un mill\u00f3n 912 mil pesos, seg\u00fan consta en los expedientes.\u00a0Durante ese mismo a\u00f1o, el ingeniero compr\u00f3 una casa en la calle Presa Cointzio, colonia Irrigaci\u00f3n, alcald\u00eda Miguel Hidalgo, por un monto de 3 millones de pesos. En cat\u00e1logos empresariales y de registro de exportaciones e importaciones disponibles en la web, se establece que la compa\u00f1\u00eda EMCMetering Sistems SA de CV tiene como sede ese domicilio.<\/p>\n<p>&nbsp;<\/p>\n<p><strong>EMIGDIO, EL HERMANO Y\u00a0<\/strong><\/p>\n<p><strong>LAS INVERSIONES EN EEUU\u2026<\/strong><\/p>\n<p>&nbsp;<\/p>\n<figure id=\"attachment_2077\" aria-describedby=\"caption-attachment-2077\" style=\"width: 164px\" class=\"wp-caption alignleft\"><a href=\"https:\/\/elcorreodeoaxaca.com\/wp-content\/uploads\/2024\/11\/tequio-Beatriz-Paredes.jpg\"><img loading=\"lazy\" decoding=\"async\" class=\"size-medium wp-image-2077\" src=\"https:\/\/elcorreodeoaxaca.com\/wp-content\/uploads\/2024\/11\/tequio-Beatriz-Paredes-174x300.jpg\" alt=\"\" width=\"174\" height=\"300\" srcset=\"https:\/\/elcorreodeoaxaca.com\/wp-content\/uploads\/2024\/11\/tequio-Beatriz-Paredes-174x300.jpg 174w, https:\/\/elcorreodeoaxaca.com\/wp-content\/uploads\/2024\/11\/tequio-Beatriz-Paredes-195x335.jpg 195w, https:\/\/elcorreodeoaxaca.com\/wp-content\/uploads\/2024\/11\/tequio-Beatriz-Paredes.jpg 441w\" sizes=\"auto, (max-width: 174px) 100vw, 174px\" \/><\/a><figcaption id=\"caption-attachment-2077\" class=\"wp-caption-text\">Beatriz Paredes<\/figcaption><\/figure>\n<p>O).- El historial de operaciones inmobiliarias de Emigdio Gabriel tiene su origen en 2006. El 30 de noviembre de ese a\u00f1o, solo tres meses despu\u00e9s de que su hermano Alejandro rindi\u00f3 protesta como senador de la LX Legislatura, adquiri\u00f3 una casa en el Condado de Harris, en Houston.<\/p>\n<p>P).- La propiedad se encuentra en el vecindario de Creekside Park, en la calle Lake Paloma Trail, justo frente al lago principal de la zona.<\/p>\n<p>La casa, que estuvo en manos del ingeniero qu\u00edmico durante 15 a\u00f1os, fue vendida en 2021 a la compa\u00f1\u00eda Beltran Jaimes LLC.<\/p>\n<p>Q).- Pese a que Emigdio era due\u00f1o de la propiedad en Lake Paloma, dentro de los registros de pago de impuestos disponibles de 2018 a la fecha, Beltran Jaimes LLC aparece como la responsable de haber cumplido con esa obligaci\u00f3n.\u00a0En la actualidad, la casa tiene un valor comercial que va de los 947 mil a un mill\u00f3n 082 mil d\u00f3lares, as\u00ed lo informa el sitio HAR.com. La misma plataforma especializada en tema inmobiliario asegura que la venta entre Emigdio y Beltran Jaimes LLC ocurri\u00f3 en noviembre de 2021.<\/p>\n<p>R).- No es la primera vez que Alejandro Moreno e integrantes de su familia se encuentran bajo investigaci\u00f3n.<\/p>\n<p>En julio de 2019, la FGR abri\u00f3 una carpeta de investigaci\u00f3n por una denuncia que present\u00f3 Ulises Ruiz, exgobernador de Oaxaca y contrincante de Alejandro Moreno por la dirigencia nacional del PRI que se disput\u00f3 ese mismo a\u00f1o, y en la que el exmandatario campechano result\u00f3 ganador.<\/p>\n<p>S).- Ulises Ruiz pidi\u00f3 a la autoridad que averiguara la utilizaci\u00f3n de recursos p\u00fablicos en su campa\u00f1a para dirigir al Revolucionario Institucional, adem\u00e1s de solicitar que se revisara la compra de casas y terrenos de 2012 a 2015 declarados por Moreno en su 3de3, advirtiendo que hab\u00eda incongruencias, ya que consideraba que el valor de compra era mucho menor comparado con el valor comercial de los inmuebles.<\/p>\n<figure id=\"attachment_2072\" aria-describedby=\"caption-attachment-2072\" style=\"width: 155px\" class=\"wp-caption alignright\"><a href=\"https:\/\/elcorreodeoaxaca.com\/wp-content\/uploads\/2024\/11\/tequio-Aurelio-nuno.jpg\"><img loading=\"lazy\" decoding=\"async\" class=\"size-medium wp-image-2072\" src=\"https:\/\/elcorreodeoaxaca.com\/wp-content\/uploads\/2024\/11\/tequio-Aurelio-nuno-165x300.jpg\" alt=\"\" width=\"165\" height=\"300\" srcset=\"https:\/\/elcorreodeoaxaca.com\/wp-content\/uploads\/2024\/11\/tequio-Aurelio-nuno-165x300.jpg 165w, https:\/\/elcorreodeoaxaca.com\/wp-content\/uploads\/2024\/11\/tequio-Aurelio-nuno-184x335.jpg 184w, https:\/\/elcorreodeoaxaca.com\/wp-content\/uploads\/2024\/11\/tequio-Aurelio-nuno.jpg 441w\" sizes=\"auto, (max-width: 165px) 100vw, 165px\" \/><\/a><figcaption id=\"caption-attachment-2072\" class=\"wp-caption-text\">Aurelio Nu\u00f1o<\/figcaption><\/figure>\n<p>T).- En el fragmento de los hechos, el exgobernador de Oaxaca incluy\u00f3 una nota que el peri\u00f3dico Reforma public\u00f3 unos d\u00edas antes de que presentara la denuncia. La publicaci\u00f3n revel\u00f3 que Alejandro Moreno era propietario de una mansi\u00f3n en Lomas del Castillo,\u00a0un complejo residencial ubicado en la capital de Campeche.<\/p>\n<p>U).- El medio de circulaci\u00f3n nacional estableci\u00f3 que dicha propiedad se construy\u00f3 en dos a\u00f1os y ten\u00eda un valor de 46 millones de pesos, una cantidad muy superior a los 5 millones de pesos en ingresos que declar\u00f3 Alito en ese periodo. No obstante, el titular de la Fiscal\u00eda General del Estado de Campeche (FGECAM), Renato Sales, declar\u00f3 en 2022 que el valor del inmueble y su menaje superaba los 130 millones de pesos.<\/p>\n<p>V).- La investigaci\u00f3n contra Alejandro Moreno a nivel federal estuvo a cargo de la Fiscal\u00eda Especializada en Materia de Combate a la Corrupci\u00f3n (FEMCC) de la FGR, la cual determin\u00f3 el no ejercicio de la acci\u00f3n penal en 2020.<\/p>\n<p>En mayo de 2022, Layda Sansores, gobernadora de Campeche, present\u00f3 otra denuncia contra su antecesor por probable enriquecimiento il\u00edcito ante la Fiscal\u00eda General de la Rep\u00fablica.<\/p>\n<p>&nbsp;<\/p>\n<p><strong>\u00a0UIF REGISTR\u00d3 TODAS\u00a0<\/strong><\/p>\n<p><strong>LAS TRANSFERENCIAS<\/strong><\/p>\n<p>&nbsp;<\/p>\n<p>En esta nueva denuncia, la autoridad identific\u00f3 que los hermanos Moreno C\u00e1rdenas estuvieron envueltos en irregularidades por transacciones y el intercambio de fondos entre las cuentas de Emigdio a las de Alejandro. Lo anterior se encuentra en los informes financieros que la FEMCC solicit\u00f3 a la Unidad de Inteligencia Financiera, instituci\u00f3n que entreg\u00f3 los perfiles de ambos personajes.<\/p>\n<figure id=\"attachment_2065\" aria-describedby=\"caption-attachment-2065\" style=\"width: 190px\" class=\"wp-caption alignleft\"><a href=\"https:\/\/elcorreodeoaxaca.com\/wp-content\/uploads\/2024\/11\/tequio-layda-sansores.jpg\"><img loading=\"lazy\" decoding=\"async\" class=\"wp-image-2065 size-medium\" src=\"https:\/\/elcorreodeoaxaca.com\/wp-content\/uploads\/2024\/11\/tequio-layda-sansores-e1733023839282-200x300.jpg\" alt=\"\" width=\"200\" height=\"300\" srcset=\"https:\/\/elcorreodeoaxaca.com\/wp-content\/uploads\/2024\/11\/tequio-layda-sansores-e1733023839282-200x300.jpg 200w, https:\/\/elcorreodeoaxaca.com\/wp-content\/uploads\/2024\/11\/tequio-layda-sansores-e1733023839282-224x335.jpg 224w, https:\/\/elcorreodeoaxaca.com\/wp-content\/uploads\/2024\/11\/tequio-layda-sansores-e1733023839282.jpg 441w\" sizes=\"auto, (max-width: 200px) 100vw, 200px\" \/><\/a><figcaption id=\"caption-attachment-2065\" class=\"wp-caption-text\">Layda Sansores<\/figcaption><\/figure>\n<p>X).- Pese a que los traspasos resultaron sospechosos para la FEMCC, no hubo pesquisas contra Emigdio Gabriel, ya que la Fiscal\u00eda Especializada solo tiene atribuciones para investigar a funcionarios p\u00fablicos que hacen uso de recursos federales.<\/p>\n<p>La Fiscal\u00eda de Campeche mantiene abierta la carpeta de investigaci\u00f3n CI\/139-2022\/FECCECAM en la que se imputa a Alito de peculado y operaciones con recursos de procedencia il\u00edcita. Con relaci\u00f3n a ese proceso, al exgobernador se le asegur\u00f3 la mencionada casa de Lomas del Castillo.<\/p>\n<p>Y).- Alejandro Moreno realiz\u00f3 operaciones en efectivo que tambi\u00e9n fueron observadas por la UIF. En el perfil financiero del exgobernador de Campeche aparecen grandes sumas de dinero que se depositaron y retiraron de sus cuentas entre 2004 y 2014, periodo en el que fue diputado federal en dos ocasiones, senador y tambi\u00e9n ocup\u00f3 cargos directivos dentro de su partido.<\/p>\n<p>Z).- El historial detalla que, en el periodo se\u00f1alado, Alito hizo dep\u00f3sitos en \u201ccash\u201d por 8 millones 345 mil 071 pesos y retiros por 12 millones 364 mil 400 pesos.<\/p>\n<p>El r\u00e9cord de transacciones inicia con un dep\u00f3sito de 150 mil pesos que se registr\u00f3 el 16 de diciembre de 2004. De la lista, el dep\u00f3sito m\u00e1s alto ocurri\u00f3 el 2 de junio de 2009 por 600 mil pesos.<\/p>\n<p>Mientras que el retiro de mayor cantidad tuvo lugar en una sucursal de BBVA Bancomer en la colonia San Angel Inn, al sur de la Ciudad de M\u00e9xico por un mill\u00f3n 250 mil pesos\u201d.<\/p>\n<p>&nbsp;<\/p>\n<p><strong>INTENTO DE DESMENTIDO DEL<\/strong><\/p>\n<p><strong>HONESTO MORENO C\u00c1RDENAS<\/strong><\/p>\n<p><strong>\u00a0<\/strong><\/p>\n<figure id=\"attachment_2058\" aria-describedby=\"caption-attachment-2058\" style=\"width: 290px\" class=\"wp-caption alignright\"><a href=\"https:\/\/elcorreodeoaxaca.com\/wp-content\/uploads\/2024\/11\/tequio-transacciones-de-emilio-gabriel-moreno.png\"><img loading=\"lazy\" decoding=\"async\" class=\"size-medium wp-image-2058\" src=\"https:\/\/elcorreodeoaxaca.com\/wp-content\/uploads\/2024\/11\/tequio-transacciones-de-emilio-gabriel-moreno-300x146.png\" alt=\"\" width=\"300\" height=\"146\" srcset=\"https:\/\/elcorreodeoaxaca.com\/wp-content\/uploads\/2024\/11\/tequio-transacciones-de-emilio-gabriel-moreno-300x146.png 300w, https:\/\/elcorreodeoaxaca.com\/wp-content\/uploads\/2024\/11\/tequio-transacciones-de-emilio-gabriel-moreno-335x164.png 335w, https:\/\/elcorreodeoaxaca.com\/wp-content\/uploads\/2024\/11\/tequio-transacciones-de-emilio-gabriel-moreno.png 756w\" sizes=\"auto, (max-width: 300px) 100vw, 300px\" \/><\/a><figcaption id=\"caption-attachment-2058\" class=\"wp-caption-text\">Transacciones de Emilio Gabriel Moreno Cardenas<\/figcaption><\/figure>\n<p>Ante todos estos se\u00f1alamientos de la publicaci\u00f3n de Mexicanos contra la Corrupci\u00f3n, aparecidos en julio de 2024, el cacique o dictador tricolor, intent\u00f3 defender lo indefendible, de ah\u00ed que tratara de que Mexicanos contra la Corrupci\u00f3n y la Impunidad, pero lejos de aminorar la tempestad, los vientos se convirtieron en hurac\u00e1n y vino la respuesta\u00a0\u00a0lapidaria de la publicaci\u00f3n:<\/p>\n<p>&nbsp;<\/p>\n<p><strong>RESPUESTA DE MCCI<\/strong><\/p>\n<p><strong>\u00a0<\/strong><\/p>\n<p>\u201cMexicanos contra la Corrupci\u00f3n y la Impunidad (MCCI) hace las siguientes precisiones ante la r\u00e9plica enviada por Alejandro Moreno C\u00e1rdenas:<\/p>\n<figure id=\"attachment_2068\" aria-describedby=\"caption-attachment-2068\" style=\"width: 152px\" class=\"wp-caption alignleft\"><a href=\"https:\/\/elcorreodeoaxaca.com\/wp-content\/uploads\/2024\/11\/tequio-renato-sales.jpg\"><img loading=\"lazy\" decoding=\"async\" class=\"size-medium wp-image-2068\" src=\"https:\/\/elcorreodeoaxaca.com\/wp-content\/uploads\/2024\/11\/tequio-renato-sales-162x300.jpg\" alt=\"\" width=\"162\" height=\"300\" srcset=\"https:\/\/elcorreodeoaxaca.com\/wp-content\/uploads\/2024\/11\/tequio-renato-sales-162x300.jpg 162w, https:\/\/elcorreodeoaxaca.com\/wp-content\/uploads\/2024\/11\/tequio-renato-sales-181x335.jpg 181w, https:\/\/elcorreodeoaxaca.com\/wp-content\/uploads\/2024\/11\/tequio-renato-sales.jpg 441w\" sizes=\"auto, (max-width: 162px) 100vw, 162px\" \/><\/a><figcaption id=\"caption-attachment-2068\" class=\"wp-caption-text\">Renato Sales<\/figcaption><\/figure>\n<p>El reportaje titulado \u201cEl expediente contra Alito, su hermano y sus empresas\u201d muestra informaci\u00f3n propia e independiente recopilada por MCCI, la cual no tiene relaci\u00f3n alguna con los actos reclamados ni con las autoridades responsables en el amparo mencionado.<\/p>\n<p>Documentos presentados en el cuerpo de dicha investigaci\u00f3n fueron obtenidos de instituciones como el Registro P\u00fablico de Comercio de la Ciudad de M\u00e9xico y de bases de datos accesibles a todo p\u00fablico en Estados Unidos, tal y como se menciona en el reportaje.<\/p>\n<p>En el texto period\u00edstico se enlistan denuncias en las que se imput\u00f3 a Alejandro Moreno C\u00e1rdenas de diversos delitos; pero tambi\u00e9n se indica que en uno de esos tr\u00e1mites se determin\u00f3 el no ejercicio de la acci\u00f3n penal en 2020.<\/p>\n<p>Asimismo, dentro de la publicaci\u00f3n no se hizo menci\u00f3n alguna a que el hermano de Alejandro Moreno, Emigdio Gabriel Moreno C\u00e1rdenas, haya incurrido en alg\u00fan il\u00edcito o conflicto de inter\u00e9s.<\/p>\n<p>Es importante subrayar que tanto a Alejandro Moreno como a su hermano Emigdio se les busc\u00f3 desde el 23 de julio de 2024 para obtener su postura antes de publicar el reportaje mencionado. Adem\u00e1s, hace un a\u00f1o, al inicio de nuestra investigaci\u00f3n, buscamos v\u00eda correo electr\u00f3nico a Emigdio a trav\u00e9s de una direcci\u00f3n p\u00fablica en la p\u00e1gina de una de sus empresas, del cual tampoco hubo respuesta\u201d.<\/p>\n<p>&nbsp;<\/p>\n<p><strong>LO QUE PUBLIC\u00d3\u00a0<\/strong><\/p>\n<p><strong>MCCI EN 2023<\/strong><\/p>\n<p>&nbsp;<\/p>\n<figure id=\"attachment_2080\" aria-describedby=\"caption-attachment-2080\" style=\"width: 178px\" class=\"wp-caption alignright\"><a href=\"https:\/\/elcorreodeoaxaca.com\/wp-content\/uploads\/2024\/11\/tequio-ulises-ruiz-1.jpg\"><img loading=\"lazy\" decoding=\"async\" class=\"size-medium wp-image-2080\" src=\"https:\/\/elcorreodeoaxaca.com\/wp-content\/uploads\/2024\/11\/tequio-ulises-ruiz-1-188x300.jpg\" alt=\"\" width=\"188\" height=\"300\" srcset=\"https:\/\/elcorreodeoaxaca.com\/wp-content\/uploads\/2024\/11\/tequio-ulises-ruiz-1-188x300.jpg 188w, https:\/\/elcorreodeoaxaca.com\/wp-content\/uploads\/2024\/11\/tequio-ulises-ruiz-1-210x335.jpg 210w, https:\/\/elcorreodeoaxaca.com\/wp-content\/uploads\/2024\/11\/tequio-ulises-ruiz-1.jpg 441w\" sizes=\"auto, (max-width: 188px) 100vw, 188px\" \/><\/a><figcaption id=\"caption-attachment-2080\" class=\"wp-caption-text\">Ulises Ruiz Ortiz<\/figcaption><\/figure>\n<p>\u201cEl 4 de julio, la Fiscal\u00eda de Campeche cate\u00f3 una de las casas de Moreno en Campeche, como parte de la indagatoria por los delitos de lavado de dinero y evasi\u00f3n fiscal. Dos d\u00edas despu\u00e9s, de acuerdo con una investigaci\u00f3n del peri\u00f3dico Reforma, Alejandro Moreno declar\u00f3 un valor de 5.3 millones por las 15 propiedades que adquiri\u00f3 entre 2012 y 2015, las cuales ten\u00edan un valor real de casi 103 millones de pesos. Al d\u00eda siguiente, Moreno fue a Nueva York para denunciar ante la ONU una supuesta persecuci\u00f3n pol\u00edtica a opositores en M\u00e9xico.<\/p>\n<p>En agosto, el fiscal de Campeche, Renato Sales, solicit\u00f3 ante la C\u00e1mara de Diputados el desafuero de Alejandro Moreno, qui\u00e9n tambi\u00e9n es diputado federal, para ser juzgado por los delitos de enriquecimiento il\u00edcito. Las y los diputados nombraron una Secci\u00f3n Instructora para poder dar tr\u00e1mite a esta solicitud. Sin embargo, los diputados de Morena integrantes de la misma dijeron que tomar\u00edan con calma esta solicitud de desafuero, luego de que la bancada del PRI propusiera y aceptara extender el periodo constitucional en el que los militares pueden realizar labores de seguridad\u201d<\/p>\n<p>&nbsp;<\/p>\n<p><strong>LO QUE DIJO EL PA\u00cdS, DIARIO<\/strong><\/p>\n<p><strong>ESPA\u00d1OL DE \u201cALITO\u201d<\/strong><\/p>\n<p>&nbsp;<\/p>\n<figure id=\"attachment_2078\" aria-describedby=\"caption-attachment-2078\" style=\"width: 146px\" class=\"wp-caption alignleft\"><a href=\"https:\/\/elcorreodeoaxaca.com\/wp-content\/uploads\/2024\/11\/tequio-Claudio-X.-Gonzalez.jpg\"><img loading=\"lazy\" decoding=\"async\" class=\"size-medium wp-image-2078\" src=\"https:\/\/elcorreodeoaxaca.com\/wp-content\/uploads\/2024\/11\/tequio-Claudio-X.-Gonzalez-156x300.jpg\" alt=\"\" width=\"156\" height=\"300\" srcset=\"https:\/\/elcorreodeoaxaca.com\/wp-content\/uploads\/2024\/11\/tequio-Claudio-X.-Gonzalez-156x300.jpg 156w, https:\/\/elcorreodeoaxaca.com\/wp-content\/uploads\/2024\/11\/tequio-Claudio-X.-Gonzalez-174x335.jpg 174w, https:\/\/elcorreodeoaxaca.com\/wp-content\/uploads\/2024\/11\/tequio-Claudio-X.-Gonzalez.jpg 441w\" sizes=\"auto, (max-width: 156px) 100vw, 156px\" \/><\/a><figcaption id=\"caption-attachment-2078\" class=\"wp-caption-text\">Claudio X. Gonz\u00e1lez<\/figcaption><\/figure>\n<p>Ocurri\u00f3 el 13 de julio de 2023, fecha en que Carmen Mor\u00e1n Pe\u00f1a, escribi\u00f3 en el diario espa\u00f1ol, El Pa\u00eds:<\/p>\n<p>1).- Creci\u00f3 como un muchacho bravuc\u00f3n y pendenciero y as\u00ed fueron sus primeros pasos en la pol\u00edtica: amenazante y a los pu\u00f1os. Le recuerdan acatando \u00f3rdenes e imponiendo su ley en la Universidad de Campeche, rodeado de una mara de j\u00f3venes que vapulearon al rector. Despu\u00e9s de la\u00a0<em>haza\u00f1a\u00a0<\/em>llegaron los premios. La carrera pol\u00edtica de Alejandro Moreno subi\u00f3 como la espuma a base de favores recompensados a los que \u00e9l incorporaba sus buenas dosis de audacia y traici\u00f3n. Los escalones le alzaron a diputado, senador, gobernador en su tierra y presidente nacional del PRI. Hoy sigue de jefe en un partido que se deshace como un azucarillo\u00a0\u00a0en el caf\u00e9, al que se aferra porque todav\u00eda no ha cumplido su sue\u00f1o, llegar a presidente de la Rep\u00fablica, algo que se antoja cada d\u00eda m\u00e1s complicado. Pero Alito, como le conoce todo el mundo, no desiste: la perseverancia y el trabajo incansable son algunas de sus virtudes. Y cuesta encontrar a alguien que cite alguna m\u00e1s.<\/p>\n<p>2).- De Alejandro Moreno C\u00e1rdenas (San Francisco de Campeche, 49 a\u00f1os) se puede escribir un libro voluminoso, pero habr\u00eda que indagar en una infancia semioculta en su curr\u00edculo y quiz\u00e1 tambi\u00e9n en su cabeza. Cuentan que nunca super\u00f3 los or\u00edgenes humildes de su familia y que su adolescencia y juventud las pas\u00f3 tratando de fabricar un personaje de clase alta a costa de cualquier sacrificio por m\u00e1s \u00edntimo que fuera. De estos principios nace su af\u00e1n por poseer y mostrar lo que posee, una colecci\u00f3n de autom\u00f3viles, motos, relojes y casas. \u201cTiene un trastorno de la personalidad, aires de grandeza, no soporta que nadie le opaque, est\u00e1 fuera de la realidad\u201d, dice Rosita Santana, una periodista de Campeche que se las vio con \u00e9l en varias ocasiones y necesit\u00f3 la protecci\u00f3n de su revista,\u00a0<em>Proceso<\/em>, para no perder su trabajo. \u201cEn una ocasi\u00f3n me dijo esta frase textual: \u2018De m\u00ed han dicho de todo, que soy corrupto, que soy mayate [gigol\u00f3], pero conmigo sucede como con el sol, que es hermoso, pero al mediod\u00eda nadie soporta su brillo\u201d.<\/p>\n<figure id=\"attachment_2067\" aria-describedby=\"caption-attachment-2067\" style=\"width: 150px\" class=\"wp-caption alignright\"><a href=\"https:\/\/elcorreodeoaxaca.com\/wp-content\/uploads\/2024\/11\/tequio-Yamandu-Orsi.jpg\"><img loading=\"lazy\" decoding=\"async\" class=\"size-medium wp-image-2067\" src=\"https:\/\/elcorreodeoaxaca.com\/wp-content\/uploads\/2024\/11\/tequio-Yamandu-Orsi-160x300.jpg\" alt=\"\" width=\"160\" height=\"300\" srcset=\"https:\/\/elcorreodeoaxaca.com\/wp-content\/uploads\/2024\/11\/tequio-Yamandu-Orsi-160x300.jpg 160w, https:\/\/elcorreodeoaxaca.com\/wp-content\/uploads\/2024\/11\/tequio-Yamandu-Orsi-179x335.jpg 179w, https:\/\/elcorreodeoaxaca.com\/wp-content\/uploads\/2024\/11\/tequio-Yamandu-Orsi.jpg 441w\" sizes=\"auto, (max-width: 160px) 100vw, 160px\" \/><\/a><figcaption id=\"caption-attachment-2067\" class=\"wp-caption-text\">Yamand\u00fa Ors\u00ed<\/figcaption><\/figure>\n<p>3).- Pero el brillo se est\u00e1 apagando y los rayos van quemando todo a su paso. Bajo su mandato, que ahora retorciendo los procesos legales, el PRI ha perdido todo lo que pod\u00eda perder: los territorios que anta\u00f1o fueron del tricolor, incluido el Estado de M\u00e9xico, incluido su propio Estado, Campeche, que gobern\u00f3 con mano firme y medidas estramb\u00f3ticas; las \u00faltimas elecciones, que han dejado su bancada en los huesos, tanto en el Senado como en la C\u00e1mara de Diputados; millones de militantes, de base y de renombre, han tomado otros rumbos. En estas \u00faltimas semanas, en que el partido es apenas un club privado, seg\u00fan dicen p\u00fablicamente algunos de los que a\u00fan militan, muchos amenazan tambi\u00e9n con irse. Como un tibur\u00f3n de Wall Street que lo ha tenido todo y cae estrepitosamente, Alito se agarra a la dirigencia de un partido agotado para salvarse. Pero salvarse \u00bfde qu\u00e9?<\/p>\n<p>4).- La p\u00e9rdida de Campeche en las elecciones de 2021 fueron un punto y aparte que anunciaba los peores tiempos para el dirigente. La entrada de Morena en la gubernatura, bajo la batuta de Layda Sansores, Las causas judiciales, por sobornos, corrupci\u00f3n, fraude, empresas fantasma, compraventas il\u00edcitas y qui\u00e9n sabe cu\u00e1ntas cosas m\u00e1s, fueron acorralando al l\u00edder nacional. Cada paso que ha dado en pol\u00edtica desde entonces se interpreta como un salvavidas personal, lo mismo sus alianzas con los adversarios pol\u00edticos que las traiciones a estos mismos para estar a bien con quienes gobiernan: se trata de escapar de la justicia y \u00e9l sabe qui\u00e9n le puede hacer da\u00f1o. Moreno se ha asegurado un asiento en el Senado en estos comicios, otra salvaguarda contra las causas abiertas en la Fiscal\u00eda. Pero el mal est\u00e1 hecho. En el Gobierno de Sansores han salido a la luz conversaciones grabadas que pueden no servir como pruebas judiciales, pero muestran a un personaje que se revuelve como un toro contra la adversidad:\u00a0\u00a0\u00a0\u201cVamos a cogernos a los empresarios con una reforma. \u201cQue meta el Gobierno al bote al PAN, al PRD, pero que no se meta con nosotros\u201d. O esta otra: \u201cA los periodistas no hay que matarlos a balazos, hay que matarlos de hambre\u201d.<\/p>\n<figure id=\"attachment_2075\" aria-describedby=\"caption-attachment-2075\" style=\"width: 290px\" class=\"wp-caption alignleft\"><a href=\"https:\/\/elcorreodeoaxaca.com\/wp-content\/uploads\/2024\/11\/tequio-Flow-Control-Instrumentation-SA-de-CV.jpg\"><img loading=\"lazy\" decoding=\"async\" class=\"size-medium wp-image-2075\" src=\"https:\/\/elcorreodeoaxaca.com\/wp-content\/uploads\/2024\/11\/tequio-Flow-Control-Instrumentation-SA-de-CV-300x147.jpg\" alt=\"\" width=\"300\" height=\"147\" srcset=\"https:\/\/elcorreodeoaxaca.com\/wp-content\/uploads\/2024\/11\/tequio-Flow-Control-Instrumentation-SA-de-CV-300x147.jpg 300w, https:\/\/elcorreodeoaxaca.com\/wp-content\/uploads\/2024\/11\/tequio-Flow-Control-Instrumentation-SA-de-CV-335x164.jpg 335w, https:\/\/elcorreodeoaxaca.com\/wp-content\/uploads\/2024\/11\/tequio-Flow-Control-Instrumentation-SA-de-CV.jpg 756w\" sizes=\"auto, (max-width: 300px) 100vw, 300px\" \/><\/a><figcaption id=\"caption-attachment-2075\" class=\"wp-caption-text\">Flow Control Instrumentation SA de CV<\/figcaption><\/figure>\n<p>5).- Cuando Alito lleg\u00f3 al poder en Campeche en 2015, comenz\u00f3 a comprar medios de comunicaci\u00f3n, hasta cinco lleg\u00f3 a tener y a\u00fan posee, a su nombre o al de otros, aseguran. Pero no era suficiente. El hostigamiento p\u00fablico y privado contra los pocos que se mantuvieron independientes fue constante. \u201cDe aqu\u00ed salieron los esc\u00e1ndalos de la Casa Blanca, los vuelos privados de Alito con dinero de su gobierno, el desastre en los hospitales, el tr\u00e1fico de medicinas, las extorsiones o la matanza de perros callejeros\u201d, relata Miguel Villarino, uno de los que aguant\u00f3 el acoso. Le cost\u00f3 caro. A Villarino trataron de comprarle con dinero por ceder en sus cr\u00edticas, pero acab\u00f3 en la c\u00e1rcel casi dos meses. A Rosita Santana trataron de apartarla del periodismo. \u201cPidieron mi cabeza tres veces, pero\u00a0<em>Proceso\u00a0<\/em>no quiso concederla\u201d, dice por tel\u00e9fono. Ambos conocen bien la trayectoria de Moreno y algunas de las an\u00e9cdotas que aqu\u00ed se cuentan son de su boca. Otras no, la mayor\u00eda de quienes han hablado para este art\u00edculo muestran su temor y prefieren el anonimato.<\/p>\n<p>6).- Moreno ha ido regando de enemigos su camino es natural, dice el coordinador de los senadores priistas, Manuel A\u00f1orve: \u201cCuando escalas a los niveles que \u00e9l ha escalado siempre tienes cr\u00edticos, pero \u00e9l es firme y conserva much\u00edsimos amigos que lo defienden y lo admiran\u201d. Este peri\u00f3dico ha tratado de hablar con varios de ellos, afines a su gesti\u00f3n, pero no han contestado o no han querido participar. A\u00f1orve, s\u00ed. Lo conoce desde hace tiempo y ahora manifiesta su \u201ccercan\u00eda\u201d al l\u00edder. Afirma que Alito vive las 24 horas del d\u00eda inmerso en la pol\u00edtica,\u00a0\u00a0que duerme poco y ara\u00f1a horas a la madrugada para leer, algunas menos para jugar al p\u00e1del, que le gustaba el boxeo de joven y que es hombre de buen comer. Nada de rencores y enorme habilidad para descifrar a quien tiene enfrente, dice el senador. Nadie puede negar la astucia a Alito, la mejor cualidad del zorro y la que distingue a no pocos pol\u00edticos que triunfan.<\/p>\n<p>7).- A\u00f1orve asegura tambi\u00e9n que es un \u201camigo leal, un hombre claro y transparente, directo, que no usa intermediarios para decir las cosas, de car\u00e1cter y compromiso, que sabe escuchar y solo usa la confrontaci\u00f3n cuando ha agotado todos los recursos de la negociaci\u00f3n\u201d. Y a\u00f1ade: \u201cTiene una gran capacidad de resistencia, por menos de lo que le han hecho a \u00e9l, otros habr\u00edan salido ya corriendo de M\u00e9xico\u201d. El propio Moreno denunci\u00f3 en Suiza, en una cumbre de l\u00edderes socialistas, a la que pertenece el PRI, las \u201cpersecuciones\u201d que estaba sufriendo por parte del gobierno de Andr\u00e9s Manuel L\u00f3pez Obrador, dijo. \u201cAmenazas y espionaje\u201d. Otros dir\u00edan, dicen, que esas son sus especialidades.<\/p>\n<p>8).- Si Alito se siente tan hostigado puede darse por bueno el rumor que circula de que duerme con la luz encendida y un guardaespaldas dentro del cuarto. Pero no es prudente atender a los rumores, que en el caso de Moreno se hilan como cerezas. Un par de fuentes han confirmado que ten\u00eda a su servicio a dos personas enanas cuando era gobernador, el que le llevaba los documentos y el que hac\u00eda de mesero. Una tercera a\u00f1adir\u00e1 despu\u00e9s que los disfrazaba de duendes en Navidad. Y otra asegura que se re\u00eda con las visitas al respecto de estos empleados: \u201cMira, al estilo de la edad media\u201d. Esto \u00faltimo lo asegura un priista que lo conoce muy de cerca.<\/p>\n<p>9).- Moreno ha tenido tres matrimonios, pero su relaci\u00f3n con las mujeres tampoco despierta entusiasmo entre quienes lo conocen, por decirlo suavemente. De la vida privada del dirigente, como de su infancia, se sabe poco. Pero de la p\u00fablica s\u00ed. Desde aquel \u201cchamaco incontrolable\u201d que ped\u00eda trabajo en la universidad para poder estudiar. Otro cap\u00edtulo nebuloso. Moreno es licenciado en Derecho, seg\u00fan su curr\u00edculum p\u00fablico. No lo es, aunque as\u00ed ha aparecido a veces en sus documentos oficiales, por la Universidad de Campeche, donde se hizo pol\u00edtico a base de disturbios agresivos, a las \u00f3rdenes del gobernador de entonces, Antonio Gonz\u00e1lez Curi, su mentor, el que le conoce al dedillo, pero que no quiere hablar de \u00e9l, ya no guardan las mejores relaciones. Es otro de los enemigos que dej\u00f3 en su trayectoria. El t\u00edtulo, en realidad, lo obtuvo en la Ren\u00e9 Descartes, un centro universitario de Campeche que, dicen, recibi\u00f3 a cambio una buena donaci\u00f3n cuando sali\u00f3 egresado. Tambi\u00e9n la hemeroteca sabe de sus dos partidas de nacimiento, una primera, la de siempre, y una segunda que le permiti\u00f3 la edad reglamentaria para presentarse a gobernador.<\/p>\n<figure id=\"attachment_2063\" aria-describedby=\"caption-attachment-2063\" style=\"width: 290px\" class=\"wp-caption alignright\"><a href=\"https:\/\/elcorreodeoaxaca.com\/wp-content\/uploads\/2024\/11\/tequio-millonarias-depositos-de-cash.jpg\"><img loading=\"lazy\" decoding=\"async\" class=\"size-medium wp-image-2063\" src=\"https:\/\/elcorreodeoaxaca.com\/wp-content\/uploads\/2024\/11\/tequio-millonarias-depositos-de-cash-300x225.jpg\" alt=\"\" width=\"300\" height=\"225\" srcset=\"https:\/\/elcorreodeoaxaca.com\/wp-content\/uploads\/2024\/11\/tequio-millonarias-depositos-de-cash-300x225.jpg 300w, https:\/\/elcorreodeoaxaca.com\/wp-content\/uploads\/2024\/11\/tequio-millonarias-depositos-de-cash-335x251.jpg 335w, https:\/\/elcorreodeoaxaca.com\/wp-content\/uploads\/2024\/11\/tequio-millonarias-depositos-de-cash.jpg 756w\" sizes=\"auto, (max-width: 300px) 100vw, 300px\" \/><\/a><figcaption id=\"caption-attachment-2063\" class=\"wp-caption-text\">Millonarios dep\u00f3sitos de cash<\/figcaption><\/figure>\n<p>10).- A quienes sostienen que el dirigente representa al \u201cPRI m\u00e1s cavernario\u201d, el de la corrupci\u00f3n y los moches\u00a0\u00a0a los periodistas, las humillaciones y las extorsiones para financiar las campa\u00f1as, a\u00f1aden otros: \u201cEs como uno de los caudillos mexicanos del siglo XIX, un general dispuesto a cualquier cosa con tal de llegar al poder y no soltarlo\u201d y eso empez\u00f3 cuando era l\u00edder de las juventudes revolucionarias del partido, afirman. 11).- Aurelio Nu\u00f1o, que fue secretario de Educaci\u00f3n con el PRI, y quien ha manifestado sus discrepancias con la actual dirigencia, sostiene que Alito \u201cno tiene ni le interesa tener una visi\u00f3n de pa\u00eds, no tiene una orientaci\u00f3n ideol\u00f3gica y no ha buscado hacer una carrera pol\u00edtica por tener unos principios, sino para enriquecerse\u201d, algo que reafirman quienes lo califican de personaje \u201cacomplejado y siniestro\u201d. Nadie ahorra en calificativos. Incluso los que defienden que es \u201cun muchacho muy audaz, trabajador, incansable y verticalista\u201d, como lo hace un exdirigente priista que no quiere ser identificado, afirman a rengl\u00f3n seguido, que \u201cen \u00e9l aplica lo de \u2018si no est\u00e1s conmigo, est\u00e1s contra m\u00ed\u2019. Est\u00e1 todo el tiempo pendiente: desayuna, come y cena pol\u00edtica. Es muy pragm\u00e1tico y calculador, pero no muy ideol\u00f3gico\u201d.<\/p>\n<p>12).- En una cosa coinciden todos: quiere ser presidente de la Rep\u00fablica y har\u00e1 lo que haga falta para ello, aunque no le alcance. \u201cTodav\u00eda no ha llegado a un punto l\u00edmite, pero puede llegar\u201d, afirma una fuente bien informada. Cu\u00e1l sea ese l\u00edmite no se sabe, pero las \u00faltimas se\u00f1ales del l\u00edder indican que no est\u00e1 dispuesta a dejar el barco.\u00a0\u00a0Trabaj\u00f3 mucho y con astucia hasta olvidarse de aquel muchacho humilde que ten\u00eda poco para tirar ahora la toalla sin haber conseguido su sue\u00f1o\u201d.<\/p>\n","protected":false},"excerpt":{"rendered":"<p>\u201d Alito\u201d Moreno, un caso psicopatol\u00f3gico muy especial en la vida pol\u00edtica nacional; tiene vidas paralelas Festeja como suya la victoria presidencial del izquierdista Yamand\u00fa Ors\u00ed en Uruguay y visit\u00f3 a Jos\u00e9 Mujica Brinco, grit\u00f3 y levantaba el pu\u00f1o derecho, tras la victoria del progresista Ors\u00ed; el 2 de junio, otra historia Mientras en M\u00e9xico, &#8230;<\/p>\n","protected":false},"author":1,"featured_media":2060,"comment_status":"open","ping_status":"open","sticky":false,"template":"","format":"standard","meta":{"footnotes":""},"categories":[19],"tags":[],"class_list":["post-2057","post","type-post","status-publish","format-standard","has-post-thumbnail","hentry","category-columna"],"_links":{"self":[{"href":"https:\/\/elcorreodeoaxaca.com\/index.php?rest_route=\/wp\/v2\/posts\/2057","targetHints":{"allow":["GET"]}}],"collection":[{"href":"https:\/\/elcorreodeoaxaca.com\/index.php?rest_route=\/wp\/v2\/posts"}],"about":[{"href":"https:\/\/elcorreodeoaxaca.com\/index.php?rest_route=\/wp\/v2\/types\/post"}],"author":[{"embeddable":true,"href":"https:\/\/elcorreodeoaxaca.com\/index.php?rest_route=\/wp\/v2\/users\/1"}],"replies":[{"embeddable":true,"href":"https:\/\/elcorreodeoaxaca.com\/index.php?rest_route=%2Fwp%2Fv2%2Fcomments&post=2057"}],"version-history":[{"count":1,"href":"https:\/\/elcorreodeoaxaca.com\/index.php?rest_route=\/wp\/v2\/posts\/2057\/revisions"}],"predecessor-version":[{"id":2081,"href":"https:\/\/elcorreodeoaxaca.com\/index.php?rest_route=\/wp\/v2\/posts\/2057\/revisions\/2081"}],"wp:featuredmedia":[{"embeddable":true,"href":"https:\/\/elcorreodeoaxaca.com\/index.php?rest_route=\/wp\/v2\/media\/2060"}],"wp:attachment":[{"href":"https:\/\/elcorreodeoaxaca.com\/index.php?rest_route=%2Fwp%2Fv2%2Fmedia&parent=2057"}],"wp:term":[{"taxonomy":"category","embeddable":true,"href":"https:\/\/elcorreodeoaxaca.com\/index.php?rest_route=%2Fwp%2Fv2%2Fcategories&post=2057"},{"taxonomy":"post_tag","embeddable":true,"href":"https:\/\/elcorreodeoaxaca.com\/index.php?rest_route=%2Fwp%2Fv2%2Ftags&post=2057"}],"curies":[{"name":"wp","href":"https:\/\/api.w.org\/{rel}","templated":true}]}}