{"id":1950,"date":"2024-11-30T19:22:57","date_gmt":"2024-12-01T01:22:57","guid":{"rendered":"https:\/\/elcorreodeoaxaca.com\/?p=1950"},"modified":"2024-11-30T19:22:57","modified_gmt":"2024-12-01T01:22:57","slug":"para-entender-el-porfiriato","status":"publish","type":"post","link":"https:\/\/elcorreodeoaxaca.com\/?p=1950","title":{"rendered":"Para entender el porfiriato"},"content":{"rendered":"<p style=\"text-align: center;\"><strong><em>Pedro Salmer\u00f3n Sangin\u00e9s\/La Jornada<\/em><\/strong><\/p>\n<p>&nbsp;<\/p>\n<figure id=\"attachment_1952\" aria-describedby=\"caption-attachment-1952\" style=\"width: 290px\" class=\"wp-caption alignright\"><a href=\"https:\/\/elcorreodeoaxaca.com\/wp-content\/uploads\/2024\/11\/salme-los-irredentos-parias.jpg\"><img loading=\"lazy\" decoding=\"async\" class=\"size-medium wp-image-1952\" src=\"https:\/\/elcorreodeoaxaca.com\/wp-content\/uploads\/2024\/11\/salme-los-irredentos-parias-300x225.jpg\" alt=\"\" width=\"300\" height=\"225\" srcset=\"https:\/\/elcorreodeoaxaca.com\/wp-content\/uploads\/2024\/11\/salme-los-irredentos-parias-300x225.jpg 300w, https:\/\/elcorreodeoaxaca.com\/wp-content\/uploads\/2024\/11\/salme-los-irredentos-parias-335x251.jpg 335w, https:\/\/elcorreodeoaxaca.com\/wp-content\/uploads\/2024\/11\/salme-los-irredentos-parias.jpg 756w\" sizes=\"auto, (max-width: 300px) 100vw, 300px\" \/><\/a><figcaption id=\"caption-attachment-1952\" class=\"wp-caption-text\">Los irredentos parias, Raquel Padilla<\/figcaption><\/figure>\n<p>Otra vez la derecha llora por\u00a0Porfirio D\u00edaz. Es extremadamente curioso que admirara a una dictadura sin cortapisas (la porfirista) y al mismo tiempo descalifique como dictadura \u2013desde los an\u00e1lisis m\u00e1s irracionales y disparatados\u2013 a un gobierno democr\u00e1ticamente electo que est\u00e1 transformando al pa\u00eds por v\u00edas legales y pac\u00edficas obedeciendo el mandato recibido de las urnas, pues las acciones que rechaza con rabia la oposici\u00f3n estaban claramente expuestas en los programas de gobierno de 2018 y 2024. As\u00ed que regresemos al porfiriato con algunas claves de lectura:<\/p>\n<figure id=\"attachment_1955\" aria-describedby=\"caption-attachment-1955\" style=\"width: 151px\" class=\"wp-caption alignleft\"><a href=\"https:\/\/elcorreodeoaxaca.com\/wp-content\/uploads\/2024\/11\/salme-porfirio-diaz.jpg\"><img loading=\"lazy\" decoding=\"async\" class=\"wp-image-1955 size-medium\" src=\"https:\/\/elcorreodeoaxaca.com\/wp-content\/uploads\/2024\/11\/salme-porfirio-diaz-e1733016072420-161x300.jpg\" alt=\"\" width=\"161\" height=\"300\" srcset=\"https:\/\/elcorreodeoaxaca.com\/wp-content\/uploads\/2024\/11\/salme-porfirio-diaz-e1733016072420-161x300.jpg 161w, https:\/\/elcorreodeoaxaca.com\/wp-content\/uploads\/2024\/11\/salme-porfirio-diaz-e1733016072420-180x335.jpg 180w, https:\/\/elcorreodeoaxaca.com\/wp-content\/uploads\/2024\/11\/salme-porfirio-diaz-e1733016072420.jpg 441w\" sizes=\"auto, (max-width: 161px) 100vw, 161px\" \/><\/a><figcaption id=\"caption-attachment-1955\" class=\"wp-caption-text\">Porfirio D\u00edaz<\/figcaption><\/figure>\n<p>Friedrich Katz,\u00a0<em>La servidumbre agraria en la \u00e9poca porfiriana<\/em>, sintetiza las formas de la propiedad y las relaciones laborales en el campo. Horacio Crespo,\u00a0<em>Modernizaci\u00f3n y conflicto social. La hacienda azucarera en el estado de Morelos, 1880-1913<\/em>, muestra c\u00f3mo se desarroll\u00f3 el capitalismo agrario en Morelos y las razones del movimiento zapatista. Armando Bartra,\u00a0<em>El M\u00e9xico b\u00e1rbaro: monter\u00edas y plantaciones del sureste en el porfiriato<\/em>, analiza la brutal explotaci\u00f3n de la mano de obra en las \u00e1reas dedicadas al cultivo y expolio de productos agr\u00edcolas y silv\u00edcolas de exportaci\u00f3n: nos ense\u00f1a que el famoso reportaje de John Kenneth Turner se qued\u00f3 muy corto y que\u00a0<em>La rebeli\u00f3n de los colgados,\u00a0<\/em>de B. Traven, es una novela testimonial, como dej\u00f3 claro Jan de Vos en\u00a0<em>Oro verde<\/em>.<\/p>\n<p>Leticia Reyna escribi\u00f3\u00a0<em>Las rebeliones campesinas en M\u00e9xico (1819-1906)<\/em>, donde estudia la resistencia contra el avance de un sistema que los oprim\u00eda y las pol\u00edticas orientadas a despojarlos de sus tierras, y c\u00f3mo se van transformando de levantamientos espont\u00e1neos en luchas que\u00a0pon\u00edan en cuesti\u00f3n la estructura del poder en conjunto de manera consciente y organizada. Para el intento de exterminio de los yaquis,\u00a0<em>Los irredentos parias<\/em>, de Raquel Padilla, y\u00a0<em>Yaquis<\/em>, de Paco Ignacio Taibo II. Para entender las campa\u00f1as de exterminio del n\u00f3mada, Carlos Gonz\u00e1lez y Ricardo Le\u00f3n,\u00a0<em>Civilizar o exterminar: tarahumaras y apaches en Chihuahua,<\/em>\u00a0y Martha Rodr\u00edguez,\u00a0<em>Los indios en Coahuila durante el siglo XIX<\/em>. Para acercarse a la guerra contra los mayas de Yucat\u00e1n,\u00a0<em>El cristo ind\u00edgena, el rey nativo<\/em>, de Victoria Reiffler, y\u00a0<em>Ki: historia de una planta y un pueblo,<\/em>\u00a0de Fernando Ben\u00edtez, que, adem\u00e1s, pone \u00e9nfasis en la brutalidad del enclave de plantaci\u00f3n en torno al henequ\u00e9n.<\/p>\n<figure id=\"attachment_1956\" aria-describedby=\"caption-attachment-1956\" style=\"width: 165px\" class=\"wp-caption alignright\"><a href=\"https:\/\/elcorreodeoaxaca.com\/wp-content\/uploads\/2024\/11\/salme-Friedrich-Katz.jpeg\"><img loading=\"lazy\" decoding=\"async\" class=\"size-medium wp-image-1956\" src=\"https:\/\/elcorreodeoaxaca.com\/wp-content\/uploads\/2024\/11\/salme-Friedrich-Katz-175x300.jpeg\" alt=\"\" width=\"175\" height=\"300\" srcset=\"https:\/\/elcorreodeoaxaca.com\/wp-content\/uploads\/2024\/11\/salme-Friedrich-Katz-175x300.jpeg 175w, https:\/\/elcorreodeoaxaca.com\/wp-content\/uploads\/2024\/11\/salme-Friedrich-Katz-195x335.jpeg 195w, https:\/\/elcorreodeoaxaca.com\/wp-content\/uploads\/2024\/11\/salme-Friedrich-Katz.jpeg 441w\" sizes=\"auto, (max-width: 175px) 100vw, 175px\" \/><\/a><figcaption id=\"caption-attachment-1956\" class=\"wp-caption-text\">Friedrich Katz<\/figcaption><\/figure>\n<p>Rodney Anderson,\u00a0<em>Parias en su propia tierra: los trabajadores industriales en M\u00e9xico, 1906-1911<\/em>, presenta el estudio m\u00e1s completo acerca de los obreros. La oposici\u00f3n pol\u00edtica contra la dictadura y las formas en que fue silenciada y reprimida pueden leerse en James Cockroft,\u00a0<em>Precursores intelectuales de la Revoluci\u00f3n Mexicana<\/em>; Armando Bartra,\u00a0<em>Regeneraci\u00f3n: la corriente m\u00e1s radical de la Revoluci\u00f3n a trav\u00e9s de su peri\u00f3dico de combate<\/em>, o Claudio Lomnitz,\u00a0<em>El regreso del camarada Ricardo Flores Mag\u00f3n<\/em>. Y hay un mont\u00f3n de monograf\u00edas sobre rebeliones antiporfiristas y su violenta represi\u00f3n, por ejemplo: Jes\u00fas Vargas Vald\u00e9s\u00a0<em>Tom\u00f3chic: la revoluci\u00f3n adelantada<\/em>; Emilio Kour\u00ed\u00a0<em>Un pueblo dividido<\/em>; o Andr\u00e9s Manuel L\u00f3pez Obrador,\u00a0<em>Catarino Erasmo Garza Rodr\u00edguez<\/em>\u2026<\/p>\n<figure id=\"attachment_1954\" aria-describedby=\"caption-attachment-1954\" style=\"width: 180px\" class=\"wp-caption alignleft\"><a href=\"https:\/\/elcorreodeoaxaca.com\/wp-content\/uploads\/2024\/11\/salme-La-era-del-imperio.jpg\"><img loading=\"lazy\" decoding=\"async\" class=\"size-medium wp-image-1954\" src=\"https:\/\/elcorreodeoaxaca.com\/wp-content\/uploads\/2024\/11\/salme-La-era-del-imperio-190x300.jpg\" alt=\"\" width=\"190\" height=\"300\" srcset=\"https:\/\/elcorreodeoaxaca.com\/wp-content\/uploads\/2024\/11\/salme-La-era-del-imperio-190x300.jpg 190w, https:\/\/elcorreodeoaxaca.com\/wp-content\/uploads\/2024\/11\/salme-La-era-del-imperio-650x1024.jpg 650w, https:\/\/elcorreodeoaxaca.com\/wp-content\/uploads\/2024\/11\/salme-La-era-del-imperio-213x335.jpg 213w, https:\/\/elcorreodeoaxaca.com\/wp-content\/uploads\/2024\/11\/salme-La-era-del-imperio.jpg 756w\" sizes=\"auto, (max-width: 190px) 100vw, 190px\" \/><\/a><figcaption id=\"caption-attachment-1954\" class=\"wp-caption-text\">La era del Imperio<\/figcaption><\/figure>\n<p>El car\u00e1cter del porfiriato como agente del gran capital internacional (90 por ciento de nuestras exportaciones beneficiaban directamente a los grandes\u00a0<em>trusts\u00a0<\/em>petroleros y mineros brit\u00e1nicos y estadunidenses, y a empresas como la International Rubber Co, de caucho, o la International Harvester Co, del entonces vital henequ\u00e9n) puede verse en el ya citado libro de Bartra,\u00a0<em>El M\u00e9xico b\u00e1rbaro<\/em>\u2026, y en la obra maestra de Friedrich Katz,\u00a0<em>La guerra secreta en M\u00e9xico<\/em>. Tambi\u00e9n, en los libros de Priscila Connolly, John Mason Harth, Lorenzo Meyer, Fernando Ben\u00edtez, Carlos Marichal y numerosos autores. Y sali\u00e9ndonos de M\u00e9xico, para entender globalmente el periodo, sugiero Eric Hobsbawn,\u00a0<em>La era del imperio<\/em>.<\/p>\n<figure id=\"attachment_1951\" aria-describedby=\"caption-attachment-1951\" style=\"width: 209px\" class=\"wp-caption alignright\"><a href=\"https:\/\/elcorreodeoaxaca.com\/wp-content\/uploads\/2024\/11\/salme-Libro-el-mexico.jpg\"><img loading=\"lazy\" decoding=\"async\" class=\"size-medium wp-image-1951\" src=\"https:\/\/elcorreodeoaxaca.com\/wp-content\/uploads\/2024\/11\/salme-Libro-el-mexico-219x300.jpg\" alt=\"\" width=\"219\" height=\"300\" srcset=\"https:\/\/elcorreodeoaxaca.com\/wp-content\/uploads\/2024\/11\/salme-Libro-el-mexico-219x300.jpg 219w, https:\/\/elcorreodeoaxaca.com\/wp-content\/uploads\/2024\/11\/salme-Libro-el-mexico-245x335.jpg 245w, https:\/\/elcorreodeoaxaca.com\/wp-content\/uploads\/2024\/11\/salme-Libro-el-mexico.jpg 504w\" sizes=\"auto, (max-width: 219px) 100vw, 219px\" \/><\/a><figcaption id=\"caption-attachment-1951\" class=\"wp-caption-text\">Libro, El M\u00e9xico b\u00e1rbaro: monter\u00edas y ..<\/figcaption><\/figure>\n<p>Ese imperialismo ten\u00eda una ideolog\u00eda: el positivismo, el darwinismo social, la religi\u00f3n de la ciencia. Repitiendo en M\u00e9xico el discurso racista, organicista y civilizador de los imperios, el porfiriato convirti\u00f3 las guerras end\u00e9micas contra apaches, comanches, yaquis y mayas en guerras de exterminio fundadas en el mismo tipo de argumentos cient\u00edficos con los que el imperialismo brit\u00e1nico justificaba las atrocidades que perpetraba en \u00c1frica o Australia; el franc\u00e9s en Argelia y Vietnam, la corona belga en el Congo, EU en las grandes llanuras y Rusia en Asia central (similares argumentos del Holocausto o de las leyes de segregaci\u00f3n vigentes en EU hasta mediados del siglo XX). En ese y otros aspectos, el porfirista fue un r\u00e9gimen entreguista, al servicio de los intereses econ\u00f3micos de las grandes potencias. En el porfiriato se hablaba de civilizar o exterminar y ese discurso\u00a0cient\u00edfico\u00a0fue absorbido por importantes sectores de las clases medias y populares y a\u00fan persiste. Para entenderlo, Arnaldo C\u00f3rdova,\u00a0<em>La ideolog\u00eda de la Revoluci\u00f3n Mexicana<\/em>, y Leopoldo Zea,\u00a0<em>El positivismo en M\u00e9xico<\/em>.<\/p>\n<p>Entre 1955 y 1972, bajo la coordinaci\u00f3n de Daniel Cos\u00edo Villegas, se publicaron las m\u00e1s de 8 mil p\u00e1ginas de la\u00a0<em>Historia Moderna de M\u00e9xico\u00a0<\/em>(con la colaboraci\u00f3n de enormes historiadores, como Luis Gonz\u00e1lez y Gonz\u00e1lez, Mois\u00e9s Gonz\u00e1lez Navarro y otros) en que intentaron comprender y explicar los procesos hist\u00f3ricos de M\u00e9xico de 1867 a 1911.<\/p>\n<p>\u00bfLes parecen demasiados libros, se\u00f1ores de la derecha? Me atrevo a sugerirles la s\u00edntesis que de sus descubrimientos hicimos Felipe \u00c1vila y un servidor en el cap\u00edtulo inicial de\u00a0<em>Breve historia de la Revoluci\u00f3n Mexicana<\/em>\u00a0(\u00a0<a href=\"https:\/\/acortar.link\/MiHZMa\">https:\/\/acortar.link\/MiHZMa<\/a>\u00a0).<\/p>\n","protected":false},"excerpt":{"rendered":"<p>Pedro Salmer\u00f3n Sangin\u00e9s\/La Jornada &nbsp; Otra vez la derecha llora por\u00a0Porfirio D\u00edaz. Es extremadamente curioso que admirara a una dictadura sin cortapisas (la porfirista) y al mismo tiempo descalifique como dictadura \u2013desde los an\u00e1lisis m\u00e1s irracionales y disparatados\u2013 a un gobierno democr\u00e1ticamente electo que est\u00e1 transformando al pa\u00eds por v\u00edas legales y pac\u00edficas obedeciendo el &#8230;<\/p>\n","protected":false},"author":1,"featured_media":1953,"comment_status":"open","ping_status":"open","sticky":false,"template":"","format":"standard","meta":{"footnotes":""},"categories":[18],"tags":[],"class_list":["post-1950","post","type-post","status-publish","format-standard","has-post-thumbnail","hentry","category-opinion"],"_links":{"self":[{"href":"https:\/\/elcorreodeoaxaca.com\/index.php?rest_route=\/wp\/v2\/posts\/1950","targetHints":{"allow":["GET"]}}],"collection":[{"href":"https:\/\/elcorreodeoaxaca.com\/index.php?rest_route=\/wp\/v2\/posts"}],"about":[{"href":"https:\/\/elcorreodeoaxaca.com\/index.php?rest_route=\/wp\/v2\/types\/post"}],"author":[{"embeddable":true,"href":"https:\/\/elcorreodeoaxaca.com\/index.php?rest_route=\/wp\/v2\/users\/1"}],"replies":[{"embeddable":true,"href":"https:\/\/elcorreodeoaxaca.com\/index.php?rest_route=%2Fwp%2Fv2%2Fcomments&post=1950"}],"version-history":[{"count":1,"href":"https:\/\/elcorreodeoaxaca.com\/index.php?rest_route=\/wp\/v2\/posts\/1950\/revisions"}],"predecessor-version":[{"id":1957,"href":"https:\/\/elcorreodeoaxaca.com\/index.php?rest_route=\/wp\/v2\/posts\/1950\/revisions\/1957"}],"wp:featuredmedia":[{"embeddable":true,"href":"https:\/\/elcorreodeoaxaca.com\/index.php?rest_route=\/wp\/v2\/media\/1953"}],"wp:attachment":[{"href":"https:\/\/elcorreodeoaxaca.com\/index.php?rest_route=%2Fwp%2Fv2%2Fmedia&parent=1950"}],"wp:term":[{"taxonomy":"category","embeddable":true,"href":"https:\/\/elcorreodeoaxaca.com\/index.php?rest_route=%2Fwp%2Fv2%2Fcategories&post=1950"},{"taxonomy":"post_tag","embeddable":true,"href":"https:\/\/elcorreodeoaxaca.com\/index.php?rest_route=%2Fwp%2Fv2%2Ftags&post=1950"}],"curies":[{"name":"wp","href":"https:\/\/api.w.org\/{rel}","templated":true}]}}