{"id":1753,"date":"2024-11-16T23:02:48","date_gmt":"2024-11-17T05:02:48","guid":{"rendered":"https:\/\/elcorreodeoaxaca.com\/?p=1753"},"modified":"2024-11-16T23:02:48","modified_gmt":"2024-11-17T05:02:48","slug":"ruiz-healy-times-con-su-nueva-dirigencia-resulta-imposible-que-el-pan-sea-exitoso","status":"publish","type":"post","link":"https:\/\/elcorreodeoaxaca.com\/?p=1753","title":{"rendered":"Ruiz Healy Times : Con su nueva dirigencia resulta imposible que el PAN sea exitoso"},"content":{"rendered":"<ul>\n<li>Pasadas victorias del albiazul obedecieron a circunstancias <em>especiales<\/em>.<\/li>\n<li>PAN se muestra actualmente desgastado y sin estrategias para triunfar.<\/li>\n<li>Proyecta Sheinbaum Pardo construir un mill\u00f3n de viviendas en su sexenio.<\/li>\n<li>Su meta palidece ante las cifras de Zedillo, Fox, Calder\u00f3n y Pe\u00f1a Nieto.<\/li>\n<li>Si Trump cumple promesa de deportar a indocumentados da\u00f1ar\u00eda a EU.<\/li>\n<\/ul>\n<p style=\"text-align: center;\"><em><strong>Eduardo Ru\u00edz-Healy\u00a0\u00a0\u00a0\u00a0\u00a0\u00a0\u00a0\u00a0<\/strong><\/em><\/p>\n<figure id=\"attachment_1761\" aria-describedby=\"caption-attachment-1761\" style=\"width: 196px\" class=\"wp-caption alignright\"><a href=\"https:\/\/elcorreodeoaxaca.com\/wp-content\/uploads\/2024\/11\/RUIZ-VICENTE-FOX.jpg\"><img loading=\"lazy\" decoding=\"async\" class=\"size-medium wp-image-1761\" src=\"https:\/\/elcorreodeoaxaca.com\/wp-content\/uploads\/2024\/11\/RUIZ-VICENTE-FOX-206x300.jpg\" alt=\"\" width=\"206\" height=\"300\" srcset=\"https:\/\/elcorreodeoaxaca.com\/wp-content\/uploads\/2024\/11\/RUIZ-VICENTE-FOX-206x300.jpg 206w, https:\/\/elcorreodeoaxaca.com\/wp-content\/uploads\/2024\/11\/RUIZ-VICENTE-FOX-230x335.jpg 230w, https:\/\/elcorreodeoaxaca.com\/wp-content\/uploads\/2024\/11\/RUIZ-VICENTE-FOX.jpg 441w\" sizes=\"auto, (max-width: 206px) 100vw, 206px\" \/><\/a><figcaption id=\"caption-attachment-1761\" class=\"wp-caption-text\">Vicente Fox<\/figcaption><\/figure>\n<p>\u201cEsta dirigencia viene a ganar elecciones, porque somos un partido pol\u00edtico. Y que me escuchen bien quien me tenga que escuchar, venimos a ganar elecciones&#8230; Y mientras m\u00e1s nos subestimen, m\u00e1s vamos a perfilarnos al triunfo, se los puedo asegurar\u2026 Vamos a retener lo que hoy gobernamos\u201d. Con estas palabras, Jorge Romero, el nuevo presidente nacional del PAN, contribuye a un mito que lleva d\u00e9cadas nutri\u00e9ndose: el supuesto \u00e9xito y crecimiento imparable de su partido. Sin embargo, una revisi\u00f3n objetiva de los logros del PAN muestra una historia muy distinta, marcada por victorias presidenciales que obedecieron m\u00e1s a circunstancias externas que a la fortaleza intr\u00ednseca del partido.<\/p>\n<p>El caso de Vicente Fox en el 2000 es ilustrativo. Fox no gan\u00f3 porque el PAN contara con una estructura s\u00f3lida y unificada; su campa\u00f1a fue impulsada por su carisma y el descontento generalizado con el PRI. A pesar de estar bajo la bandera panista, Fox no se alineaba completamente con las viejas guardias del partido y dependi\u00f3 m\u00e1s de su organizaci\u00f3n paralela, \u201cAmigos de Fox\u201d, que de las estructuras tradicionales del PAN. En otras palabras, el PAN fue un simple veh\u00edculo para un movimiento de cambio m\u00e1s amplio que encarn\u00f3 Fox, no el protagonista del cambio mismo.<\/p>\n<p>Con Felipe Calder\u00f3n en 2006, la historia fue similar, aunque con un matiz distinto. La elecci\u00f3n fue extremadamente cerrada y su victoria, de apenas 0.6 puntos porcentuales sobre Andr\u00e9s Manuel L\u00f3pez Obrador, no fue tanto una muestra del poder del PAN como del miedo a un presunto autoritarismo de izquierda que AMLO inspir\u00f3 en un sector del electorado. En lugar de consolidar al PAN, Calder\u00f3n gan\u00f3 bajo un entorno de polarizaci\u00f3n que ayud\u00f3 a capturar votos de rechazo hacia su contrincante.<\/p>\n<figure id=\"attachment_1754\" aria-describedby=\"caption-attachment-1754\" style=\"width: 155px\" class=\"wp-caption alignleft\"><a href=\"https:\/\/elcorreodeoaxaca.com\/wp-content\/uploads\/2024\/11\/RUIZ-FELIPE-CALDERON.jpeg\"><img loading=\"lazy\" decoding=\"async\" class=\"size-medium wp-image-1754\" src=\"https:\/\/elcorreodeoaxaca.com\/wp-content\/uploads\/2024\/11\/RUIZ-FELIPE-CALDERON-165x300.jpeg\" alt=\"\" width=\"165\" height=\"300\" srcset=\"https:\/\/elcorreodeoaxaca.com\/wp-content\/uploads\/2024\/11\/RUIZ-FELIPE-CALDERON-165x300.jpeg 165w, https:\/\/elcorreodeoaxaca.com\/wp-content\/uploads\/2024\/11\/RUIZ-FELIPE-CALDERON-184x335.jpeg 184w, https:\/\/elcorreodeoaxaca.com\/wp-content\/uploads\/2024\/11\/RUIZ-FELIPE-CALDERON.jpeg 441w\" sizes=\"auto, (max-width: 165px) 100vw, 165px\" \/><\/a><figcaption id=\"caption-attachment-1754\" class=\"wp-caption-text\">Felipe Calder\u00f3n<\/figcaption><\/figure>\n<p>Los resultados legislativos muestran esta tendencia: en 1994 el PAN obtuvo solo 21 distritos, y aunque mejor\u00f3 en 1997 con 63, no fue hasta 2000 cuando Fox impuls\u00f3 al partido a ganar 136 distritos. Luego, en 2003, cayeron a 43, y solo en 2006, bajo el temor a AMLO, lograron un repunte a 137. Desde entonces, el declive fue sostenido: 68 en 2009, 52 en 2012, 56 en 2015, 41 en 2018, y 72 en 2021. En 2024, volvieron a caer a 31.<\/p>\n<p>Desde 2012 la situaci\u00f3n solo ha empeorado. Ese a\u00f1o, la candidata presidencial panista Josefina V\u00e1zquez Mota qued\u00f3 en un distante tercer lugar, y en 2018, el candidato Ricardo Anaya apenas alcanz\u00f3 el 22% de los votos. Finalmente, este a\u00f1o, el PAN toc\u00f3 su punto m\u00e1s bajo en una elecci\u00f3n presidencial, con un magro 16.04% de apoyo, a pesar de su alianza con el\u00a0<u>PRI.<\/u><\/p>\n<p>La elecci\u00f3n de Jorge Romero revela un PAN desgastado y fragmentado, incapaz de conectarse con nuevas bases o de innovar su mensaje., Se\u00f1alado por v\u00ednculos con corrupci\u00f3n y clientelismo en la alcald\u00eda Benito Ju\u00e1rez, Romero simboliza el alejamiento del PAN de sus principios fundacionales y de su incapacidad para reinventarse. M\u00e1s que un partido en ascenso, parece una agrupaci\u00f3n que se desmorona bajo el peso de sus conflictos internos y su falta de visi\u00f3n para el futuro.<\/p>\n<p>En conclusi\u00f3n, las victorias del PAN en el pasado fueron producto de circunstancias externas y liderazgos individuales. Hoy, esas condiciones han desaparecido, dejando al PAN debilitado y sin una estrategia clara para recuperar el terreno perdido.<\/p>\n<p><strong>CLAUDIA SHEINBAUM\u00a0<\/strong><\/p>\n<p><strong>Y EL RETO DE VIVIENDA\u00a0<\/strong><\/p>\n<figure id=\"attachment_1759\" aria-describedby=\"caption-attachment-1759\" style=\"width: 162px\" class=\"wp-caption alignright\"><a href=\"https:\/\/elcorreodeoaxaca.com\/wp-content\/uploads\/2024\/11\/RUIZ-JOSEFINA-VAZQUEZ-M.jpg\"><img loading=\"lazy\" decoding=\"async\" class=\"size-medium wp-image-1759\" src=\"https:\/\/elcorreodeoaxaca.com\/wp-content\/uploads\/2024\/11\/RUIZ-JOSEFINA-VAZQUEZ-M-172x300.jpg\" alt=\"\" width=\"172\" height=\"300\" srcset=\"https:\/\/elcorreodeoaxaca.com\/wp-content\/uploads\/2024\/11\/RUIZ-JOSEFINA-VAZQUEZ-M-172x300.jpg 172w, https:\/\/elcorreodeoaxaca.com\/wp-content\/uploads\/2024\/11\/RUIZ-JOSEFINA-VAZQUEZ-M-192x335.jpg 192w, https:\/\/elcorreodeoaxaca.com\/wp-content\/uploads\/2024\/11\/RUIZ-JOSEFINA-VAZQUEZ-M.jpg 441w\" sizes=\"auto, (max-width: 172px) 100vw, 172px\" \/><\/a><figcaption id=\"caption-attachment-1759\" class=\"wp-caption-text\">Josefina V\u00e1zquez M<\/figcaption><\/figure>\n<p>La presidenta Claudia Sheinbaum present\u00f3 ayer la actualizaci\u00f3n de su ambicioso Programa Nacional de Vivienda para el Bienestar, con metas claras que lo diferencian de sexenios anteriores. Su promesa de construir un mill\u00f3n de viviendas en seis a\u00f1os parece modesta frente a los 3.9 millones de Enrique Pe\u00f1a Nieto, los 3.7 millones de Felipe Calder\u00f3n, los 3.1 millones de Vicente Fox y los 2.5 millones de Ernesto Zedillo, pero el enfoque social y de inclusi\u00f3n de este plan son su verdadera apuesta. Sin embargo, considerando que el d\u00e9ficit habitacional actual se estima entre 2.4 y 9 millones de viviendas, dependiendo de la definici\u00f3n de d\u00e9ficit que se utilice, el desaf\u00edo es significativo.<\/p>\n<p>El programa busca atender a grupos hist\u00f3ricamente olvidados: mujeres jefas de familia, madres solteras, poblaci\u00f3n ind\u00edgena, personas con discapacidad, adultos mayores, j\u00f3venes y familias en riesgo. No se trata solo de construir casas, sino de mejorar y ampliar 450,000 viviendas ya existentes para elevar la calidad de vida de sus habitantes. Adem\u00e1s, congelar\u00e1 saldos y mensualidades de dos millones de cr\u00e9ditos hipotecarios otorgados antes de 2013, un respiro para tantas familias que apenas pueden cubrir sus gastos b\u00e1sicos.<\/p>\n<p>La idea suena bien, pero el reto est\u00e1 en la implementaci\u00f3n. Lograr una coordinaci\u00f3n efectiva entre los niveles de gobierno -federal, estatal y municipal- es una meta que, hasta ahora, pocos han alcanzado en M\u00e9xico. Las mesas de coordinaci\u00f3n que se plantean son una soluci\u00f3n en teor\u00eda, pero la experiencia nos ha mostrado que demasiadas manos en la ejecuci\u00f3n tienden a desorden y poca eficiencia. \u00bfSer\u00e1 distinto esta vez?<\/p>\n<figure id=\"attachment_1760\" aria-describedby=\"caption-attachment-1760\" style=\"width: 166px\" class=\"wp-caption alignleft\"><a href=\"https:\/\/elcorreodeoaxaca.com\/wp-content\/uploads\/2024\/11\/RUIZ-RICARDO-ANAYA.jpg\"><img loading=\"lazy\" decoding=\"async\" class=\"size-medium wp-image-1760\" src=\"https:\/\/elcorreodeoaxaca.com\/wp-content\/uploads\/2024\/11\/RUIZ-RICARDO-ANAYA-176x300.jpg\" alt=\"\" width=\"176\" height=\"300\" srcset=\"https:\/\/elcorreodeoaxaca.com\/wp-content\/uploads\/2024\/11\/RUIZ-RICARDO-ANAYA-176x300.jpg 176w, https:\/\/elcorreodeoaxaca.com\/wp-content\/uploads\/2024\/11\/RUIZ-RICARDO-ANAYA-196x335.jpg 196w, https:\/\/elcorreodeoaxaca.com\/wp-content\/uploads\/2024\/11\/RUIZ-RICARDO-ANAYA.jpg 441w\" sizes=\"auto, (max-width: 176px) 100vw, 176px\" \/><\/a><figcaption id=\"caption-attachment-1760\" class=\"wp-caption-text\">Ricardo Anaya<\/figcaption><\/figure>\n<p>El programa tambi\u00e9n enfrenta un problema grave y constante: la inflaci\u00f3n en el sector construcci\u00f3n. Entre 2021 y 2023, el precio de materiales como acero y cemento subi\u00f3 m\u00e1s del 10% anual, encareciendo todo. Este incremento, impulsado por la depreciaci\u00f3n del peso y la inflaci\u00f3n global, amenaza con afectar el presupuesto del plan. Aunque la presidenta ha anunciado medidas para estabilizar el mercado de materiales, la proyecci\u00f3n para 2024 a\u00fan indica un aumento del 7-8% en costos. Cada peso invertido rinde menos, y la meta de un mill\u00f3n de viviendas se vuelve a\u00fan m\u00e1s dif\u00edcil de alcanzar.<\/p>\n<p>Otro punto cr\u00edtico es la regularizaci\u00f3n de terrenos, especialmente en \u00e1reas ejidales. Sin terrenos legalmente adecuados, ni el mejor plan de vivienda ser\u00e1 exitoso. La complejidad de regularizar propiedades en zonas ejidales y resolver conflictos legales alarga el proceso y retrasa el acceso a viviendas para quienes m\u00e1s las necesitan.<\/p>\n<p>La comparaci\u00f3n con administraciones anteriores revela un enfoque diferente. Pe\u00f1a Nieto promovi\u00f3 una urbanizaci\u00f3n r\u00e1pida y desordenada; Calder\u00f3n, aunque aument\u00f3 el n\u00famero de viviendas, alent\u00f3 una expansi\u00f3n sin control. AMLO redujo la meta de construcci\u00f3n a 1.5 millones y enfoc\u00f3 su plan en vivienda social, aunque las limitaciones presupuestarias restringieron sus resultados. El nuevo gobierno parece haber aprendido de estos errores, priorizando un enfoque social sobre uno meramente cuantitativo.<\/p>\n<p>El Programa Nacional de Vivienda para el Bienestar es un esfuerzo necesario y loable, pero solo el tiempo dir\u00e1 si alcanzar\u00e1 sus metas o si sucumbir\u00e1 ante los obst\u00e1culos estructurales y econ\u00f3micos de siempre.<\/p>\n<figure id=\"attachment_1755\" aria-describedby=\"caption-attachment-1755\" style=\"width: 138px\" class=\"wp-caption alignright\"><a href=\"https:\/\/elcorreodeoaxaca.com\/wp-content\/uploads\/2024\/11\/RUIZ-CLAUDIA-S.jpg\"><img loading=\"lazy\" decoding=\"async\" class=\"size-medium wp-image-1755\" src=\"https:\/\/elcorreodeoaxaca.com\/wp-content\/uploads\/2024\/11\/RUIZ-CLAUDIA-S-148x300.jpg\" alt=\"\" width=\"148\" height=\"300\" srcset=\"https:\/\/elcorreodeoaxaca.com\/wp-content\/uploads\/2024\/11\/RUIZ-CLAUDIA-S-148x300.jpg 148w, https:\/\/elcorreodeoaxaca.com\/wp-content\/uploads\/2024\/11\/RUIZ-CLAUDIA-S-165x335.jpg 165w, https:\/\/elcorreodeoaxaca.com\/wp-content\/uploads\/2024\/11\/RUIZ-CLAUDIA-S.jpg 441w\" sizes=\"auto, (max-width: 148px) 100vw, 148px\" \/><\/a><figcaption id=\"caption-attachment-1755\" class=\"wp-caption-text\">Claudia Sheinbaum Pardo<\/figcaption><\/figure>\n<p><strong>AL DEPORTAR A MILLONES,\u00a0<\/strong><\/p>\n<p><strong>TRUMP GOLPEAR\u00c1 A SU PA\u00cdS<\/strong><\/p>\n<p>Estados Unidos resultar\u00e1 gravemente afectado si Donald Trump deporta a 11 millones de inmigrantes indocumentados, como prometi\u00f3 incontables veces en su campa\u00f1a. Diversos estudios indican que esta medida no solo no beneficiar\u00e1 la econom\u00eda y seguridad estadounidense, sino que tendr\u00eda efectos devastadores en t\u00e9rminos econ\u00f3micos, sociales y log\u00edsticos.<\/p>\n<p>Para empezar, la p\u00e9rdida econ\u00f3mica ser\u00e1 gigantesca. Expulsar a esos 11 millones reducir\u00e1 el PIB entre un 4.2% y un 6.8%, lo que equivale a una p\u00e9rdida de hasta 1.7 billones de d\u00f3lares anuales, comparable a la Gran Recesi\u00f3n de 2008. Sectores clave como la construcci\u00f3n, la agricultura y la hospitalidad dependen de trabajadores indocumentados; su ausencia incrementar\u00e1 los costos de bienes y servicios, afectando el costo de vida del ciudadano promedio. En la agricultura, la escasez de mano de obra elevar\u00e1 el precio de los alimentos, impactando directamente a los consumidores en el supermercado.<\/p>\n<p>Otro tema es el fiscal. Los indocumentados contribuyen al sistema tributario: en 2022 pagaron 46.8 mil millones de d\u00f3lares en impuestos federales y 29.3 mil millones en impuestos estatales y locales. Su expulsi\u00f3n eliminar\u00e1 estos ingresos, reduciendo los fondos para programas y servicios p\u00fablicos esenciales. Adem\u00e1s, aportan a Seguridad Social y Medicare, aunque no reciben estos beneficios. Actualmente, estos sistemas reciben de ellos 22.6 mil millones y 5.7 mil millones de d\u00f3lares, respectivamente.<\/p>\n<p>Para lograr una deportaci\u00f3n de esta magnitud, Trump necesitar\u00e1 una movilizaci\u00f3n de recursos sin precedentes. El costo estimado oscila entre 88 mil millones y 315 mil millones de d\u00f3lares anuales. Incluso con el apoyo pol\u00edtico necesario, semejante gasto es insostenible. Adem\u00e1s, requerir\u00e1 la cooperaci\u00f3n de los pa\u00edses de origen de los deportados, como M\u00e9xico, lo que crear\u00e1 conflictos diplom\u00e1ticos y aumentar\u00e1 las tensiones bilaterales.<\/p>\n<p>La realidad es que cada deportado implica una familia dividida: casi 4 millones de familias de estatus mixto sufrir\u00e1n p\u00e9rdidas de hasta el 62.7% de sus ingresos. Esto afectar\u00e1 a comunidades enteras, especialmente en California, Texas y Florida, donde reside casi la mitad de los indocumentados. La eliminaci\u00f3n de esta mano de obra golpear\u00e1 duramente la productividad local, desencadenando problemas econ\u00f3micos que se sentir\u00e1n en todo el pa\u00eds.<\/p>\n<figure id=\"attachment_1757\" aria-describedby=\"caption-attachment-1757\" style=\"width: 250px\" class=\"wp-caption alignleft\"><a href=\"https:\/\/elcorreodeoaxaca.com\/wp-content\/uploads\/2024\/11\/RUIZ-ERNESTO-ZEDLLO.jpg\"><img loading=\"lazy\" decoding=\"async\" class=\"size-medium wp-image-1757\" src=\"https:\/\/elcorreodeoaxaca.com\/wp-content\/uploads\/2024\/11\/RUIZ-ERNESTO-ZEDLLO-260x300.jpg\" alt=\"\" width=\"260\" height=\"300\" srcset=\"https:\/\/elcorreodeoaxaca.com\/wp-content\/uploads\/2024\/11\/RUIZ-ERNESTO-ZEDLLO-260x300.jpg 260w, https:\/\/elcorreodeoaxaca.com\/wp-content\/uploads\/2024\/11\/RUIZ-ERNESTO-ZEDLLO-291x335.jpg 291w, https:\/\/elcorreodeoaxaca.com\/wp-content\/uploads\/2024\/11\/RUIZ-ERNESTO-ZEDLLO.jpg 441w\" sizes=\"auto, (max-width: 260px) 100vw, 260px\" \/><\/a><figcaption id=\"caption-attachment-1757\" class=\"wp-caption-text\">Ernesto Zedillo<\/figcaption><\/figure>\n<p>En t\u00e9rminos hist\u00f3ricos, Trump deport\u00f3 menos personas durante su primer mandato que Barack Obama, a pesar de su ret\u00f3rica antiinmigrante. Deportar a millones, como prometi\u00f3 hacerlo desde el primer d\u00eda de su mandato, ser\u00e1 imposible. El alto costo, la resistencia local y las barreras legales lo convierten en una fantas\u00eda m\u00e1s de su imaginaci\u00f3n. C\u00e1lculos realistas sugieren un rango de 200,000 a 400,000 deportaciones al a\u00f1o, muy lejos de los 2,750,000 anuales necesarios para cumplir su promesa.<\/p>\n<p>En el muy improbable caso que lograra hacerlo, Trump conseguir\u00eda una victoria pol\u00edtica moment\u00e1nea, pero a un precio muy alto para la econom\u00eda, la cohesi\u00f3n social y la reputaci\u00f3n de EEUU. Y todo por una promesa de campa\u00f1a que suena fuerte y hasta atractiva, pero que en la pr\u00e1ctica es demag\u00f3gica, insostenible y da\u00f1ina.<\/p>\n<p><strong>EQUIPO DE TRUMP COMPLICAR\u00c1\u00a0<\/strong><\/p>\n<p><strong>LAS RELACIONES M\u00c9XICO-EUA<\/strong><\/p>\n<p>Los recientes nombramientos en el pr\u00f3ximo gabinete de Donald Trump reflejan una pol\u00edtica donde la lealtad y el apego ideol\u00f3gico pesan m\u00e1s que la experiencia o los conocimientos. Trump est\u00e1 rode\u00e1ndose de personas afines que ejecutar\u00e1n sus \u00f3rdenes sin cuestionamientos. Varios de los designados impactar\u00e1n directamente la relaci\u00f3n entre M\u00e9xico y Estados Unidos, particularmente en la negociaci\u00f3n de temas comerciales, migraci\u00f3n y seguridad fronteriza.<\/p>\n<p>El ejemplo m\u00e1s notable es el de Stephen Miller, designado como Jefe Adjunto del Gabinete para Pol\u00edticas. Miller, conocido por su postura extrema contra la inmigraci\u00f3n, indica un retorno a pol\u00edticas como \u201cPermanecer en M\u00e9xico\u201d, junto con la presi\u00f3n para que M\u00e9xico refuerce el control de migrantes que cruzan su territorio. Su influencia se anticipa especialmente conflictiva, ya que su enfoque estrictamente migratorio probablemente incrementar\u00e1 la tensi\u00f3n entre ambos pa\u00edses, sobre todo si insiste en la ampliaci\u00f3n del muro fronterizo.<\/p>\n<p>Por su parte, Tom Homan, el \u201cZar de la Frontera\u201d, implementar\u00e1 a\u00fan m\u00e1s rigurosamente las leyes migratorias, incluyendo deportaciones masivas, lo que presionar\u00e1 al gobierno de la presidenta Claudia Sheinbaum a alinear sus pol\u00edticas con las de EEUU. Este tipo de medidas severas puede derivar en fricciones diplom\u00e1ticas y un fuerte desgaste en la relaci\u00f3n binacional, generando obst\u00e1culos adicionales en las negociaciones del T-MEC.<\/p>\n<p>Kristi Noem, propuesta como Secretaria de Seguridad Nacional, representa otro punto de conflicto por ser promotora de pol\u00edticas de asilo estrictas y de medidas de seguridad en la frontera. Estas disposiciones, combinadas con un aumento en las deportaciones, presionar\u00e1n a\u00fan m\u00e1s los recursos de M\u00e9xico.<\/p>\n<figure id=\"attachment_1756\" aria-describedby=\"caption-attachment-1756\" style=\"width: 155px\" class=\"wp-caption alignright\"><a href=\"https:\/\/elcorreodeoaxaca.com\/wp-content\/uploads\/2024\/11\/RUIZ-ENRIQUE-PENA.jpg\"><img loading=\"lazy\" decoding=\"async\" class=\"size-medium wp-image-1756\" src=\"https:\/\/elcorreodeoaxaca.com\/wp-content\/uploads\/2024\/11\/RUIZ-ENRIQUE-PENA-165x300.jpg\" alt=\"\" width=\"165\" height=\"300\" srcset=\"https:\/\/elcorreodeoaxaca.com\/wp-content\/uploads\/2024\/11\/RUIZ-ENRIQUE-PENA-165x300.jpg 165w, https:\/\/elcorreodeoaxaca.com\/wp-content\/uploads\/2024\/11\/RUIZ-ENRIQUE-PENA-184x335.jpg 184w, https:\/\/elcorreodeoaxaca.com\/wp-content\/uploads\/2024\/11\/RUIZ-ENRIQUE-PENA.jpg 441w\" sizes=\"auto, (max-width: 165px) 100vw, 165px\" \/><\/a><figcaption id=\"caption-attachment-1756\" class=\"wp-caption-text\">Enrique Pe\u00f1a Nieto<\/figcaption><\/figure>\n<p>En el \u00e1mbito de comercio, el nombramiento de Marco Rubio como Secretario de Estado podr\u00eda ser especialmente problem\u00e1tico para el T-MEC. El a\u00fan senador por Florida es un firme defensor de la \u201cAm\u00e9rica Primero\u201d e intentar\u00e1 renegociar los t\u00e9rminos para favorecer a la industria manufacturera y automotriz estadounidense, lo que complicar\u00e1 el panorama para las exportaciones mexicanas. Adem\u00e1s, est\u00e1 alineado con los intereses de EEUU para contener la influencia de China, lo cual podr\u00eda derivar en medidas restrictivas que afecten los t\u00e9rminos de intercambio con M\u00e9xico.<\/p>\n<p>Finalmente, Pete Hegseth, en Defensa, y Matt Gaetz, como Fiscal General, completan un equipo con una orientaci\u00f3n dura hacia M\u00e9xico, ya que ambos han propuesto pol\u00edticas agresivas contra los c\u00e1rteles de droga. La posibilidad de acciones militares de EEUU contra estas organizaciones criminales en territorio mexicano pone en riesgo la soberan\u00eda de M\u00e9xico y podr\u00eda generar una muy grave crisis diplom\u00e1tica.<\/p>\n<p>En conclusi\u00f3n, este equipo de funcionarios, cuyas lealtades est\u00e1n m\u00e1s cerca de la ideolog\u00eda de Trump que de un compromiso real con sus respectivas responsabilidades, amenaza con reducir las relaciones M\u00e9xico-EEUU a un juego de suma cero en el que M\u00e9xico lleva las de perder. La renegociaci\u00f3n del T-MEC y las pol\u00edticas migratorias estar\u00e1n plagadas de tensiones, guiadas por un enfoque transaccional que apenas deja espacio para la diplomacia y la cooperaci\u00f3n, sacrificando los intereses bilaterales en favor de un triunfalismo que poco beneficia a ambos pa\u00edses.<\/p>\n<p><strong>Twitter: @ruizhealy<\/strong><\/p>\n<p><strong>Facebook: Eduardo J Ruiz-Healy<\/strong><\/p>\n<p><strong>Instagram: ruizhealy<\/strong><\/p>\n<p><strong>Sitio:\u00a0<a href=\"http:\/\/ruizhealytimes.com\/\">ruizhealytimes.com<\/a><\/strong><\/p>\n","protected":false},"excerpt":{"rendered":"<p>Pasadas victorias del albiazul obedecieron a circunstancias especiales. PAN se muestra actualmente desgastado y sin estrategias para triunfar. Proyecta Sheinbaum Pardo construir un mill\u00f3n de viviendas en su sexenio. Su meta palidece ante las cifras de Zedillo, Fox, Calder\u00f3n y Pe\u00f1a Nieto. Si Trump cumple promesa de deportar a indocumentados da\u00f1ar\u00eda a EU. Eduardo Ru\u00edz-Healy\u00a0\u00a0\u00a0\u00a0\u00a0\u00a0\u00a0\u00a0 &#8230;<\/p>\n","protected":false},"author":1,"featured_media":1758,"comment_status":"open","ping_status":"open","sticky":false,"template":"","format":"standard","meta":{"footnotes":""},"categories":[19],"tags":[],"class_list":["post-1753","post","type-post","status-publish","format-standard","has-post-thumbnail","hentry","category-columna"],"_links":{"self":[{"href":"https:\/\/elcorreodeoaxaca.com\/index.php?rest_route=\/wp\/v2\/posts\/1753","targetHints":{"allow":["GET"]}}],"collection":[{"href":"https:\/\/elcorreodeoaxaca.com\/index.php?rest_route=\/wp\/v2\/posts"}],"about":[{"href":"https:\/\/elcorreodeoaxaca.com\/index.php?rest_route=\/wp\/v2\/types\/post"}],"author":[{"embeddable":true,"href":"https:\/\/elcorreodeoaxaca.com\/index.php?rest_route=\/wp\/v2\/users\/1"}],"replies":[{"embeddable":true,"href":"https:\/\/elcorreodeoaxaca.com\/index.php?rest_route=%2Fwp%2Fv2%2Fcomments&post=1753"}],"version-history":[{"count":1,"href":"https:\/\/elcorreodeoaxaca.com\/index.php?rest_route=\/wp\/v2\/posts\/1753\/revisions"}],"predecessor-version":[{"id":1762,"href":"https:\/\/elcorreodeoaxaca.com\/index.php?rest_route=\/wp\/v2\/posts\/1753\/revisions\/1762"}],"wp:featuredmedia":[{"embeddable":true,"href":"https:\/\/elcorreodeoaxaca.com\/index.php?rest_route=\/wp\/v2\/media\/1758"}],"wp:attachment":[{"href":"https:\/\/elcorreodeoaxaca.com\/index.php?rest_route=%2Fwp%2Fv2%2Fmedia&parent=1753"}],"wp:term":[{"taxonomy":"category","embeddable":true,"href":"https:\/\/elcorreodeoaxaca.com\/index.php?rest_route=%2Fwp%2Fv2%2Fcategories&post=1753"},{"taxonomy":"post_tag","embeddable":true,"href":"https:\/\/elcorreodeoaxaca.com\/index.php?rest_route=%2Fwp%2Fv2%2Ftags&post=1753"}],"curies":[{"name":"wp","href":"https:\/\/api.w.org\/{rel}","templated":true}]}}