{"id":1685,"date":"2024-11-16T22:15:59","date_gmt":"2024-11-17T04:15:59","guid":{"rendered":"https:\/\/elcorreodeoaxaca.com\/?p=1685"},"modified":"2024-11-16T23:44:36","modified_gmt":"2024-11-17T05:44:36","slug":"julio-cesar-chavez-y-las-leyendas-del-box-de-mexico","status":"publish","type":"post","link":"https:\/\/elcorreodeoaxaca.com\/?p=1685","title":{"rendered":"Julio C\u00e9sar Ch\u00e1vez y las leyendas del box de M\u00e9xico"},"content":{"rendered":"<p style=\"text-align: center;\"><em><strong>Fotos:Internet<\/strong><\/em><\/p>\n<figure id=\"attachment_1692\" aria-describedby=\"caption-attachment-1692\" style=\"width: 673px\" class=\"wp-caption aligncenter\"><a href=\"https:\/\/elcorreodeoaxaca.com\/wp-content\/uploads\/2024\/11\/Julio-Cesar-Chavez-copia.jpg\"><img loading=\"lazy\" decoding=\"async\" class=\"wp-image-1692 size-large\" src=\"https:\/\/elcorreodeoaxaca.com\/wp-content\/uploads\/2024\/11\/Julio-Cesar-Chavez-copia-683x1024.jpg\" alt=\"\" width=\"683\" height=\"1024\" \/><\/a><figcaption id=\"caption-attachment-1692\" class=\"wp-caption-text\">Julio C\u00e9sar Ch\u00e1vez&#8230; El mejor peleador mexicano en toda la historia del boxeo&#8230; Tuvo 37 combates de t\u00edtulo mundial, gan\u00f3 en 31&#8230; Invicto en 90 peleas&#8230;<\/figcaption><\/figure>\n<figure id=\"attachment_1693\" aria-describedby=\"caption-attachment-1693\" style=\"width: 695px\" class=\"wp-caption aligncenter\"><a href=\"https:\/\/elcorreodeoaxaca.com\/wp-content\/uploads\/2024\/11\/Kid-Azteca-copia.jpg\"><img loading=\"lazy\" decoding=\"async\" class=\"size-large wp-image-1693\" src=\"https:\/\/elcorreodeoaxaca.com\/wp-content\/uploads\/2024\/11\/Kid-Azteca-copia-705x1024.jpg\" alt=\"\" width=\"705\" height=\"1024\" srcset=\"https:\/\/elcorreodeoaxaca.com\/wp-content\/uploads\/2024\/11\/Kid-Azteca-copia-705x1024.jpg 705w, https:\/\/elcorreodeoaxaca.com\/wp-content\/uploads\/2024\/11\/Kid-Azteca-copia-207x300.jpg 207w, https:\/\/elcorreodeoaxaca.com\/wp-content\/uploads\/2024\/11\/Kid-Azteca-copia-231x335.jpg 231w, https:\/\/elcorreodeoaxaca.com\/wp-content\/uploads\/2024\/11\/Kid-Azteca-copia.jpg 756w\" sizes=\"auto, (max-width: 705px) 100vw, 705px\" \/><\/a><figcaption id=\"caption-attachment-1693\" class=\"wp-caption-text\">Boxeador mexicano apodado \u00abKid Azteca\u00bb. Su carrera abarc\u00f3 de 1932 a 1961, siendo uno de los pocos boxeadores profesionales que ha peleado por 40 a\u00f1os&#8230; Aqu\u00ed, con El Mejor<\/figcaption><\/figure>\n<figure id=\"attachment_1689\" aria-describedby=\"caption-attachment-1689\" style=\"width: 690px\" class=\"wp-caption aligncenter\"><a href=\"https:\/\/elcorreodeoaxaca.com\/wp-content\/uploads\/2024\/11\/Guadalupe-Pintor-copia.jpg\"><img loading=\"lazy\" decoding=\"async\" class=\"size-large wp-image-1689\" src=\"https:\/\/elcorreodeoaxaca.com\/wp-content\/uploads\/2024\/11\/Guadalupe-Pintor-copia-700x1024.jpg\" alt=\"\" width=\"700\" height=\"1024\" srcset=\"https:\/\/elcorreodeoaxaca.com\/wp-content\/uploads\/2024\/11\/Guadalupe-Pintor-copia-700x1024.jpg 700w, https:\/\/elcorreodeoaxaca.com\/wp-content\/uploads\/2024\/11\/Guadalupe-Pintor-copia-205x300.jpg 205w, https:\/\/elcorreodeoaxaca.com\/wp-content\/uploads\/2024\/11\/Guadalupe-Pintor-copia-229x335.jpg 229w, https:\/\/elcorreodeoaxaca.com\/wp-content\/uploads\/2024\/11\/Guadalupe-Pintor-copia.jpg 756w\" sizes=\"auto, (max-width: 700px) 100vw, 700px\" \/><\/a><figcaption id=\"caption-attachment-1689\" class=\"wp-caption-text\">Guadalupe Pintor&#8230; Doble campe\u00f3n del mundo del CMB en la categor\u00eda de peso Gallo de 1979 a 1982&#8230; De 72 peleas, 56 ganadas&#8230; 42 nocauts<\/figcaption><\/figure>\n<figure id=\"attachment_1701\" aria-describedby=\"caption-attachment-1701\" style=\"width: 746px\" class=\"wp-caption aligncenter\"><a href=\"https:\/\/elcorreodeoaxaca.com\/wp-content\/uploads\/2024\/11\/Chucho-Castillo-copia.jpg\"><img loading=\"lazy\" decoding=\"async\" class=\"size-full wp-image-1701\" src=\"https:\/\/elcorreodeoaxaca.com\/wp-content\/uploads\/2024\/11\/Chucho-Castillo-copia.jpg\" alt=\"\" width=\"756\" height=\"756\" srcset=\"https:\/\/elcorreodeoaxaca.com\/wp-content\/uploads\/2024\/11\/Chucho-Castillo-copia.jpg 756w, https:\/\/elcorreodeoaxaca.com\/wp-content\/uploads\/2024\/11\/Chucho-Castillo-copia-300x300.jpg 300w, https:\/\/elcorreodeoaxaca.com\/wp-content\/uploads\/2024\/11\/Chucho-Castillo-copia-150x150.jpg 150w, https:\/\/elcorreodeoaxaca.com\/wp-content\/uploads\/2024\/11\/Chucho-Castillo-copia-70x70.jpg 70w, https:\/\/elcorreodeoaxaca.com\/wp-content\/uploads\/2024\/11\/Chucho-Castillo-copia-335x335.jpg 335w, https:\/\/elcorreodeoaxaca.com\/wp-content\/uploads\/2024\/11\/Chucho-Castillo-copia-360x360.jpg 360w, https:\/\/elcorreodeoaxaca.com\/wp-content\/uploads\/2024\/11\/Chucho-Castillo-copia-375x375.jpg 375w, https:\/\/elcorreodeoaxaca.com\/wp-content\/uploads\/2024\/11\/Chucho-Castillo-copia-216x216.jpg 216w\" sizes=\"auto, (max-width: 756px) 100vw, 756px\" \/><\/a><figcaption id=\"caption-attachment-1701\" class=\"wp-caption-text\">Chucho Castillo&#8230; 16 de octubre de 1970, obtiene el t\u00edtulo mundial de peso Gallo a Rub\u00e9n Olivares&#8230; Pele\u00f3 en 67 ocasiones&#8230; Fue uno de los primeros diez gallos del mundo<\/figcaption><\/figure>\n<figure id=\"attachment_1695\" aria-describedby=\"caption-attachment-1695\" style=\"width: 746px\" class=\"wp-caption aligncenter\"><a href=\"https:\/\/elcorreodeoaxaca.com\/wp-content\/uploads\/2024\/11\/Rafael-Herrera-copia.jpg\"><img loading=\"lazy\" decoding=\"async\" class=\"size-full wp-image-1695\" src=\"https:\/\/elcorreodeoaxaca.com\/wp-content\/uploads\/2024\/11\/Rafael-Herrera-copia.jpg\" alt=\"\" width=\"756\" height=\"816\" srcset=\"https:\/\/elcorreodeoaxaca.com\/wp-content\/uploads\/2024\/11\/Rafael-Herrera-copia.jpg 756w, https:\/\/elcorreodeoaxaca.com\/wp-content\/uploads\/2024\/11\/Rafael-Herrera-copia-278x300.jpg 278w, https:\/\/elcorreodeoaxaca.com\/wp-content\/uploads\/2024\/11\/Rafael-Herrera-copia-310x335.jpg 310w\" sizes=\"auto, (max-width: 756px) 100vw, 756px\" \/><\/a><figcaption id=\"caption-attachment-1695\" class=\"wp-caption-text\">Rafael Herrera&#8230; Noque\u00f3 en 8 rounds a Olivares&#8230; 61 peleas, de las cuales gan\u00f3 48, perdi\u00f3 9 y empat\u00f3 cuatro<\/figcaption><\/figure>\n<figure id=\"attachment_1696\" aria-describedby=\"caption-attachment-1696\" style=\"width: 1014px\" class=\"wp-caption aligncenter\"><a href=\"https:\/\/elcorreodeoaxaca.com\/wp-content\/uploads\/2024\/11\/Raul-Raton-Macias-copia.jpg\"><img loading=\"lazy\" decoding=\"async\" class=\"size-large wp-image-1696\" src=\"https:\/\/elcorreodeoaxaca.com\/wp-content\/uploads\/2024\/11\/Raul-Raton-Macias-copia-1024x576.jpg\" alt=\"\" width=\"1024\" height=\"576\" srcset=\"https:\/\/elcorreodeoaxaca.com\/wp-content\/uploads\/2024\/11\/Raul-Raton-Macias-copia-1024x576.jpg 1024w, https:\/\/elcorreodeoaxaca.com\/wp-content\/uploads\/2024\/11\/Raul-Raton-Macias-copia-300x169.jpg 300w, https:\/\/elcorreodeoaxaca.com\/wp-content\/uploads\/2024\/11\/Raul-Raton-Macias-copia-768x432.jpg 768w, https:\/\/elcorreodeoaxaca.com\/wp-content\/uploads\/2024\/11\/Raul-Raton-Macias-copia-1536x865.jpg 1536w, https:\/\/elcorreodeoaxaca.com\/wp-content\/uploads\/2024\/11\/Raul-Raton-Macias-copia-150x83.jpg 150w, https:\/\/elcorreodeoaxaca.com\/wp-content\/uploads\/2024\/11\/Raul-Raton-Macias-copia-335x189.jpg 335w, https:\/\/elcorreodeoaxaca.com\/wp-content\/uploads\/2024\/11\/Raul-Raton-Macias-copia-700x394.jpg 700w, https:\/\/elcorreodeoaxaca.com\/wp-content\/uploads\/2024\/11\/Raul-Raton-Macias-copia-1080x608.jpg 1080w, https:\/\/elcorreodeoaxaca.com\/wp-content\/uploads\/2024\/11\/Raul-Raton-Macias-copia.jpg 1638w\" sizes=\"auto, (max-width: 1024px) 100vw, 1024px\" \/><\/a><figcaption id=\"caption-attachment-1696\" class=\"wp-caption-text\">Ra\u00fal Rat\u00f3n Mac\u00edas, el hijo del pueblo&#8230; Pele\u00f3 contra Nate Brooks y sin medios de comunicaci\u00f3n masivos llen\u00f3 la Plaza M\u00e9xico con 55 mil espectadores<\/figcaption><\/figure>\n<p><a href=\"https:\/\/elcorreodeoaxaca.com\/wp-content\/uploads\/2024\/11\/Efren-El-Alacran-Torres-copia.jpg\"><img loading=\"lazy\" decoding=\"async\" class=\"aligncenter size-full wp-image-1687\" src=\"https:\/\/elcorreodeoaxaca.com\/wp-content\/uploads\/2024\/11\/Efren-El-Alacran-Torres-copia.jpg\" alt=\"\" width=\"756\" height=\"961\" srcset=\"https:\/\/elcorreodeoaxaca.com\/wp-content\/uploads\/2024\/11\/Efren-El-Alacran-Torres-copia.jpg 756w, https:\/\/elcorreodeoaxaca.com\/wp-content\/uploads\/2024\/11\/Efren-El-Alacran-Torres-copia-236x300.jpg 236w, https:\/\/elcorreodeoaxaca.com\/wp-content\/uploads\/2024\/11\/Efren-El-Alacran-Torres-copia-264x335.jpg 264w\" sizes=\"auto, (max-width: 756px) 100vw, 756px\" \/><\/a><\/p>\n<figure id=\"attachment_1686\" aria-describedby=\"caption-attachment-1686\" style=\"width: 746px\" class=\"wp-caption aligncenter\"><a href=\"https:\/\/elcorreodeoaxaca.com\/wp-content\/uploads\/2024\/11\/Efren-El-Alacran-copia.jpg\"><img loading=\"lazy\" decoding=\"async\" class=\"size-full wp-image-1686\" src=\"https:\/\/elcorreodeoaxaca.com\/wp-content\/uploads\/2024\/11\/Efren-El-Alacran-copia.jpg\" alt=\"\" width=\"756\" height=\"953\" srcset=\"https:\/\/elcorreodeoaxaca.com\/wp-content\/uploads\/2024\/11\/Efren-El-Alacran-copia.jpg 756w, https:\/\/elcorreodeoaxaca.com\/wp-content\/uploads\/2024\/11\/Efren-El-Alacran-copia-238x300.jpg 238w, https:\/\/elcorreodeoaxaca.com\/wp-content\/uploads\/2024\/11\/Efren-El-Alacran-copia-266x335.jpg 266w\" sizes=\"auto, (max-width: 756px) 100vw, 756px\" \/><\/a><figcaption id=\"caption-attachment-1686\" class=\"wp-caption-text\">Efr\u00e9n \u00abEl Alacr\u00e1n\u00bb<br \/>Torres&#8230;Sus peleas m\u00e1s recordadas son contra Chartchai Chionoi en 1968 y 1969<\/figcaption><\/figure>\n<figure id=\"attachment_1698\" aria-describedby=\"caption-attachment-1698\" style=\"width: 1014px\" class=\"wp-caption aligncenter\"><a href=\"https:\/\/elcorreodeoaxaca.com\/wp-content\/uploads\/2024\/11\/Ruben-El-Puas-Olivares-copia.jpg\"><img loading=\"lazy\" decoding=\"async\" class=\"size-large wp-image-1698\" src=\"https:\/\/elcorreodeoaxaca.com\/wp-content\/uploads\/2024\/11\/Ruben-El-Puas-Olivares-copia-1024x575.jpg\" alt=\"\" width=\"1024\" height=\"575\" srcset=\"https:\/\/elcorreodeoaxaca.com\/wp-content\/uploads\/2024\/11\/Ruben-El-Puas-Olivares-copia-1024x575.jpg 1024w, https:\/\/elcorreodeoaxaca.com\/wp-content\/uploads\/2024\/11\/Ruben-El-Puas-Olivares-copia-300x168.jpg 300w, https:\/\/elcorreodeoaxaca.com\/wp-content\/uploads\/2024\/11\/Ruben-El-Puas-Olivares-copia-768x431.jpg 768w, https:\/\/elcorreodeoaxaca.com\/wp-content\/uploads\/2024\/11\/Ruben-El-Puas-Olivares-copia-1536x863.jpg 1536w, https:\/\/elcorreodeoaxaca.com\/wp-content\/uploads\/2024\/11\/Ruben-El-Puas-Olivares-copia-150x83.jpg 150w, https:\/\/elcorreodeoaxaca.com\/wp-content\/uploads\/2024\/11\/Ruben-El-Puas-Olivares-copia-335x188.jpg 335w, https:\/\/elcorreodeoaxaca.com\/wp-content\/uploads\/2024\/11\/Ruben-El-Puas-Olivares-copia-700x394.jpg 700w, https:\/\/elcorreodeoaxaca.com\/wp-content\/uploads\/2024\/11\/Ruben-El-Puas-Olivares-copia-1080x608.jpg 1080w, https:\/\/elcorreodeoaxaca.com\/wp-content\/uploads\/2024\/11\/Ruben-El-Puas-Olivares-copia-225x125.jpg 225w, https:\/\/elcorreodeoaxaca.com\/wp-content\/uploads\/2024\/11\/Ruben-El-Puas-Olivares-copia.jpg 1638w\" sizes=\"auto, (max-width: 1024px) 100vw, 1024px\" \/><\/a><figcaption id=\"caption-attachment-1698\" class=\"wp-caption-text\">Rub\u00e9n \u00abEl P\u00faas\u00bb Olivares&#8230; 13 peleas de campeonato mundial&#8230;105 combates y 89 triunfos<\/figcaption><\/figure>\n<figure id=\"attachment_1699\" aria-describedby=\"caption-attachment-1699\" style=\"width: 1014px\" class=\"wp-caption aligncenter\"><a href=\"https:\/\/elcorreodeoaxaca.com\/wp-content\/uploads\/2024\/11\/Salvador-Sanchez-copia.jpg\"><img loading=\"lazy\" decoding=\"async\" class=\"size-large wp-image-1699\" src=\"https:\/\/elcorreodeoaxaca.com\/wp-content\/uploads\/2024\/11\/Salvador-Sanchez-copia-1024x575.jpg\" alt=\"\" width=\"1024\" height=\"575\" srcset=\"https:\/\/elcorreodeoaxaca.com\/wp-content\/uploads\/2024\/11\/Salvador-Sanchez-copia-1024x575.jpg 1024w, https:\/\/elcorreodeoaxaca.com\/wp-content\/uploads\/2024\/11\/Salvador-Sanchez-copia-300x168.jpg 300w, https:\/\/elcorreodeoaxaca.com\/wp-content\/uploads\/2024\/11\/Salvador-Sanchez-copia-768x431.jpg 768w, https:\/\/elcorreodeoaxaca.com\/wp-content\/uploads\/2024\/11\/Salvador-Sanchez-copia-1536x863.jpg 1536w, https:\/\/elcorreodeoaxaca.com\/wp-content\/uploads\/2024\/11\/Salvador-Sanchez-copia-150x83.jpg 150w, https:\/\/elcorreodeoaxaca.com\/wp-content\/uploads\/2024\/11\/Salvador-Sanchez-copia-335x188.jpg 335w, https:\/\/elcorreodeoaxaca.com\/wp-content\/uploads\/2024\/11\/Salvador-Sanchez-copia-700x394.jpg 700w, https:\/\/elcorreodeoaxaca.com\/wp-content\/uploads\/2024\/11\/Salvador-Sanchez-copia-1080x608.jpg 1080w, https:\/\/elcorreodeoaxaca.com\/wp-content\/uploads\/2024\/11\/Salvador-Sanchez-copia-225x125.jpg 225w, https:\/\/elcorreodeoaxaca.com\/wp-content\/uploads\/2024\/11\/Salvador-Sanchez-copia.jpg 1638w\" sizes=\"auto, (max-width: 1024px) 100vw, 1024px\" \/><\/a><figcaption id=\"caption-attachment-1699\" class=\"wp-caption-text\">Salvador S\u00e1nchez&#8230; Defendi\u00f3 su t\u00edtulo Pluma en 10 ocasiones&#8230; Muri\u00f3 a los 23 a\u00f1os<\/figcaption><\/figure>\n<figure id=\"attachment_1700\" aria-describedby=\"caption-attachment-1700\" style=\"width: 1014px\" class=\"wp-caption aligncenter\"><a href=\"https:\/\/elcorreodeoaxaca.com\/wp-content\/uploads\/2024\/11\/Carlos-El-Canas-Zarate-copia.jpg\"><img loading=\"lazy\" decoding=\"async\" class=\"size-large wp-image-1700\" src=\"https:\/\/elcorreodeoaxaca.com\/wp-content\/uploads\/2024\/11\/Carlos-El-Canas-Zarate-copia-1024x632.jpg\" alt=\"\" width=\"1024\" height=\"632\" srcset=\"https:\/\/elcorreodeoaxaca.com\/wp-content\/uploads\/2024\/11\/Carlos-El-Canas-Zarate-copia-1024x632.jpg 1024w, https:\/\/elcorreodeoaxaca.com\/wp-content\/uploads\/2024\/11\/Carlos-El-Canas-Zarate-copia-300x185.jpg 300w, https:\/\/elcorreodeoaxaca.com\/wp-content\/uploads\/2024\/11\/Carlos-El-Canas-Zarate-copia-768x474.jpg 768w, https:\/\/elcorreodeoaxaca.com\/wp-content\/uploads\/2024\/11\/Carlos-El-Canas-Zarate-copia-335x207.jpg 335w, https:\/\/elcorreodeoaxaca.com\/wp-content\/uploads\/2024\/11\/Carlos-El-Canas-Zarate-copia.jpg 1197w\" sizes=\"auto, (max-width: 1024px) 100vw, 1024px\" \/><\/a><figcaption id=\"caption-attachment-1700\" class=\"wp-caption-text\">Carlos \u00abEl Ca\u00f1as\u00bb Z\u00e1rate&#8230; Ocup\u00f3 el puesto 21 entre los 100 mejores noqueadores de todos los tiempos&#8230;<\/figcaption><\/figure>\n<figure id=\"attachment_1690\" aria-describedby=\"caption-attachment-1690\" style=\"width: 1014px\" class=\"wp-caption aligncenter\"><a href=\"https:\/\/elcorreodeoaxaca.com\/wp-content\/uploads\/2024\/11\/Humberto-La-Chiquita-Gonzalez-copia.jpg\"><img loading=\"lazy\" decoding=\"async\" class=\"size-large wp-image-1690\" src=\"https:\/\/elcorreodeoaxaca.com\/wp-content\/uploads\/2024\/11\/Humberto-La-Chiquita-Gonzalez-copia-1024x576.jpg\" alt=\"\" width=\"1024\" height=\"576\" srcset=\"https:\/\/elcorreodeoaxaca.com\/wp-content\/uploads\/2024\/11\/Humberto-La-Chiquita-Gonzalez-copia-1024x576.jpg 1024w, https:\/\/elcorreodeoaxaca.com\/wp-content\/uploads\/2024\/11\/Humberto-La-Chiquita-Gonzalez-copia-300x169.jpg 300w, https:\/\/elcorreodeoaxaca.com\/wp-content\/uploads\/2024\/11\/Humberto-La-Chiquita-Gonzalez-copia-768x432.jpg 768w, https:\/\/elcorreodeoaxaca.com\/wp-content\/uploads\/2024\/11\/Humberto-La-Chiquita-Gonzalez-copia-150x83.jpg 150w, https:\/\/elcorreodeoaxaca.com\/wp-content\/uploads\/2024\/11\/Humberto-La-Chiquita-Gonzalez-copia-335x188.jpg 335w, https:\/\/elcorreodeoaxaca.com\/wp-content\/uploads\/2024\/11\/Humberto-La-Chiquita-Gonzalez-copia-700x394.jpg 700w, https:\/\/elcorreodeoaxaca.com\/wp-content\/uploads\/2024\/11\/Humberto-La-Chiquita-Gonzalez-copia-1080x608.jpg 1080w, https:\/\/elcorreodeoaxaca.com\/wp-content\/uploads\/2024\/11\/Humberto-La-Chiquita-Gonzalez-copia.jpg 1197w\" sizes=\"auto, (max-width: 1024px) 100vw, 1024px\" \/><\/a><figcaption id=\"caption-attachment-1690\" class=\"wp-caption-text\">Humberto \u00abLa Chiquita Gonz\u00e1lez\u00bb&#8230; 46 peleas&#8230; 43 victorias y 3 derrotas&#8230; Campe\u00f3n Mundial en 1989.<\/figcaption><\/figure>\n<figure id=\"attachment_1697\" aria-describedby=\"caption-attachment-1697\" style=\"width: 1014px\" class=\"wp-caption aligncenter\"><a href=\"https:\/\/elcorreodeoaxaca.com\/wp-content\/uploads\/2024\/11\/Ricardo-Finito-Lopez-copia.jpg\"><img loading=\"lazy\" decoding=\"async\" class=\"size-large wp-image-1697\" src=\"https:\/\/elcorreodeoaxaca.com\/wp-content\/uploads\/2024\/11\/Ricardo-Finito-Lopez-copia-1024x576.jpg\" alt=\"\" width=\"1024\" height=\"576\" srcset=\"https:\/\/elcorreodeoaxaca.com\/wp-content\/uploads\/2024\/11\/Ricardo-Finito-Lopez-copia-1024x576.jpg 1024w, https:\/\/elcorreodeoaxaca.com\/wp-content\/uploads\/2024\/11\/Ricardo-Finito-Lopez-copia-300x169.jpg 300w, https:\/\/elcorreodeoaxaca.com\/wp-content\/uploads\/2024\/11\/Ricardo-Finito-Lopez-copia-768x432.jpg 768w, https:\/\/elcorreodeoaxaca.com\/wp-content\/uploads\/2024\/11\/Ricardo-Finito-Lopez-copia-150x83.jpg 150w, https:\/\/elcorreodeoaxaca.com\/wp-content\/uploads\/2024\/11\/Ricardo-Finito-Lopez-copia-335x188.jpg 335w, https:\/\/elcorreodeoaxaca.com\/wp-content\/uploads\/2024\/11\/Ricardo-Finito-Lopez-copia-700x394.jpg 700w, https:\/\/elcorreodeoaxaca.com\/wp-content\/uploads\/2024\/11\/Ricardo-Finito-Lopez-copia-1080x608.jpg 1080w, https:\/\/elcorreodeoaxaca.com\/wp-content\/uploads\/2024\/11\/Ricardo-Finito-Lopez-copia.jpg 1197w\" sizes=\"auto, (max-width: 1024px) 100vw, 1024px\" \/><\/a><figcaption id=\"caption-attachment-1697\" class=\"wp-caption-text\">Ricardo \u00abFinito\u00bb L\u00f3pez&#8230; Campe\u00f3n Mundial de peso Mosca&#8230; Termin\u00f3 su carrera invicto en 52 combates<\/figcaption><\/figure>\n<figure id=\"attachment_1691\" aria-describedby=\"caption-attachment-1691\" style=\"width: 1014px\" class=\"wp-caption aligncenter\"><a href=\"https:\/\/elcorreodeoaxaca.com\/wp-content\/uploads\/2024\/11\/Juan-Manuel-Marquez-copia.jpg\"><img loading=\"lazy\" decoding=\"async\" class=\"size-large wp-image-1691\" src=\"https:\/\/elcorreodeoaxaca.com\/wp-content\/uploads\/2024\/11\/Juan-Manuel-Marquez-copia-1024x655.jpg\" alt=\"\" width=\"1024\" height=\"655\" srcset=\"https:\/\/elcorreodeoaxaca.com\/wp-content\/uploads\/2024\/11\/Juan-Manuel-Marquez-copia-1024x655.jpg 1024w, https:\/\/elcorreodeoaxaca.com\/wp-content\/uploads\/2024\/11\/Juan-Manuel-Marquez-copia-300x192.jpg 300w, https:\/\/elcorreodeoaxaca.com\/wp-content\/uploads\/2024\/11\/Juan-Manuel-Marquez-copia-768x491.jpg 768w, https:\/\/elcorreodeoaxaca.com\/wp-content\/uploads\/2024\/11\/Juan-Manuel-Marquez-copia-335x214.jpg 335w, https:\/\/elcorreodeoaxaca.com\/wp-content\/uploads\/2024\/11\/Juan-Manuel-Marquez-copia.jpg 1197w\" sizes=\"auto, (max-width: 1024px) 100vw, 1024px\" \/><\/a><figcaption id=\"caption-attachment-1691\" class=\"wp-caption-text\">Juan Manuel<br \/>M\u00e1rquez; Campe\u00f3n Mundial en 4 categor\u00edas&#8230; Su \u00faltima pelea fue contra Pacquiao<\/figcaption><\/figure>\n<figure id=\"attachment_1688\" aria-describedby=\"caption-attachment-1688\" style=\"width: 1014px\" class=\"wp-caption aligncenter\"><a href=\"https:\/\/elcorreodeoaxaca.com\/wp-content\/uploads\/2024\/11\/Erick-El-Terrible-Morales-copia.jpg\"><img loading=\"lazy\" decoding=\"async\" class=\"size-large wp-image-1688\" src=\"https:\/\/elcorreodeoaxaca.com\/wp-content\/uploads\/2024\/11\/Erick-El-Terrible-Morales-copia-1024x729.jpg\" alt=\"\" width=\"1024\" height=\"729\" srcset=\"https:\/\/elcorreodeoaxaca.com\/wp-content\/uploads\/2024\/11\/Erick-El-Terrible-Morales-copia-1024x729.jpg 1024w, https:\/\/elcorreodeoaxaca.com\/wp-content\/uploads\/2024\/11\/Erick-El-Terrible-Morales-copia-300x214.jpg 300w, https:\/\/elcorreodeoaxaca.com\/wp-content\/uploads\/2024\/11\/Erick-El-Terrible-Morales-copia-768x547.jpg 768w, https:\/\/elcorreodeoaxaca.com\/wp-content\/uploads\/2024\/11\/Erick-El-Terrible-Morales-copia-335x238.jpg 335w, https:\/\/elcorreodeoaxaca.com\/wp-content\/uploads\/2024\/11\/Erick-El-Terrible-Morales-copia.jpg 1197w\" sizes=\"auto, (max-width: 1024px) 100vw, 1024px\" \/><\/a><figcaption id=\"caption-attachment-1688\" class=\"wp-caption-text\">Erick \u00abEl Terrible\u00bb Morales&#8230; Primero en conseguir cuatro Campeonatos Mundiales&#8230; Enfrent\u00f3 a 19 campeones del mundo<\/figcaption><\/figure>\n<figure id=\"attachment_1694\" aria-describedby=\"caption-attachment-1694\" style=\"width: 746px\" class=\"wp-caption aligncenter\"><a href=\"https:\/\/elcorreodeoaxaca.com\/wp-content\/uploads\/2024\/11\/Marco-Antonio-Barrera-copia.jpg\"><img loading=\"lazy\" decoding=\"async\" class=\"size-full wp-image-1694\" src=\"https:\/\/elcorreodeoaxaca.com\/wp-content\/uploads\/2024\/11\/Marco-Antonio-Barrera-copia.jpg\" alt=\"\" width=\"756\" height=\"942\" srcset=\"https:\/\/elcorreodeoaxaca.com\/wp-content\/uploads\/2024\/11\/Marco-Antonio-Barrera-copia.jpg 756w, https:\/\/elcorreodeoaxaca.com\/wp-content\/uploads\/2024\/11\/Marco-Antonio-Barrera-copia-241x300.jpg 241w, https:\/\/elcorreodeoaxaca.com\/wp-content\/uploads\/2024\/11\/Marco-Antonio-Barrera-copia-269x335.jpg 269w\" sizes=\"auto, (max-width: 756px) 100vw, 756px\" \/><\/a><figcaption id=\"caption-attachment-1694\" class=\"wp-caption-text\">Marco Antonio Barrera&#8230; En 2001 y 2007, fue considerado uno de los mejores libra por libra<\/figcaption><\/figure>\n","protected":false},"excerpt":{"rendered":"<p>Fotos:Internet<\/p>\n","protected":false},"author":1,"featured_media":1692,"comment_status":"open","ping_status":"open","sticky":false,"template":"","format":"standard","meta":{"footnotes":""},"categories":[20],"tags":[],"class_list":["post-1685","post","type-post","status-publish","format-standard","has-post-thumbnail","hentry","category-galeria"],"_links":{"self":[{"href":"https:\/\/elcorreodeoaxaca.com\/index.php?rest_route=\/wp\/v2\/posts\/1685","targetHints":{"allow":["GET"]}}],"collection":[{"href":"https:\/\/elcorreodeoaxaca.com\/index.php?rest_route=\/wp\/v2\/posts"}],"about":[{"href":"https:\/\/elcorreodeoaxaca.com\/index.php?rest_route=\/wp\/v2\/types\/post"}],"author":[{"embeddable":true,"href":"https:\/\/elcorreodeoaxaca.com\/index.php?rest_route=\/wp\/v2\/users\/1"}],"replies":[{"embeddable":true,"href":"https:\/\/elcorreodeoaxaca.com\/index.php?rest_route=%2Fwp%2Fv2%2Fcomments&post=1685"}],"version-history":[{"count":3,"href":"https:\/\/elcorreodeoaxaca.com\/index.php?rest_route=\/wp\/v2\/posts\/1685\/revisions"}],"predecessor-version":[{"id":1815,"href":"https:\/\/elcorreodeoaxaca.com\/index.php?rest_route=\/wp\/v2\/posts\/1685\/revisions\/1815"}],"wp:featuredmedia":[{"embeddable":true,"href":"https:\/\/elcorreodeoaxaca.com\/index.php?rest_route=\/wp\/v2\/media\/1692"}],"wp:attachment":[{"href":"https:\/\/elcorreodeoaxaca.com\/index.php?rest_route=%2Fwp%2Fv2%2Fmedia&parent=1685"}],"wp:term":[{"taxonomy":"category","embeddable":true,"href":"https:\/\/elcorreodeoaxaca.com\/index.php?rest_route=%2Fwp%2Fv2%2Fcategories&post=1685"},{"taxonomy":"post_tag","embeddable":true,"href":"https:\/\/elcorreodeoaxaca.com\/index.php?rest_route=%2Fwp%2Fv2%2Ftags&post=1685"}],"curies":[{"name":"wp","href":"https:\/\/api.w.org\/{rel}","templated":true}]}}