{"id":1504,"date":"2024-11-06T13:48:07","date_gmt":"2024-11-06T19:48:07","guid":{"rendered":"https:\/\/elcorreodeoaxaca.com\/?p=1504"},"modified":"2024-11-06T13:48:07","modified_gmt":"2024-11-06T19:48:07","slug":"la-eleccion-de-jueces-y-ministros-va-triunfo-el-pueblo-sheinbaum","status":"publish","type":"post","link":"https:\/\/elcorreodeoaxaca.com\/?p=1504","title":{"rendered":"La elecci\u00f3n de jueces y ministros va; \u201ctriunf\u00f3 el pueblo\u201d: Sheinbaum"},"content":{"rendered":"<div class=\"nota-datos\">\n<div class=\"nota-autor font-small color-secundario flama-bold\">\n<div style=\"text-align: center;\"><strong><em>Alma E. Mu\u00f1oz y Alejandro Alegr\u00eda \/ La Jornada<\/em><\/strong><\/div>\n<\/div>\n<div class=\"font-small color-secundario border-bottom-2\"><span class=\"nota-fecha\">06 de noviembre de 2024 07:55<\/span><\/div>\n<\/div>\n<div id=\"article-content-tts\" class=\"nota-contenido mb-5\">\n<div id=\"content_nitf\">\n<p><em>Ciudad de M\u00e9xico.<\/em>\u00a0\u201cTriunf\u00f3 el pueblo de M\u00e9xico y gan\u00f3 la fuerza de raz\u00f3n, la cordura frente a la irracionalidad; estoy muy contenta\u201d, afirm\u00f3 la presidenta Claudia Sheinbaum Pardo, un d\u00eda despu\u00e9s de que fracas\u00f3 el intento de un grupo ministros de la Suprema Corte de Justicia de la Naci\u00f3n de invalidar la reforma al Poder Judicial.<\/p>\n<p>\u201cLa elecci\u00f3n de jueces, ministras, ministros, magistradas, magistrados va el 1 de junio de 2025. La transformaci\u00f3n del pa\u00eds es profunda, para bien de todas y todos los mexicanos\u201d, resalt\u00f3.<\/p>\n<p>Ayer, dijo, \u201cfue un buen d\u00eda\u201d. Con esta postura arranc\u00f3 hoy la ma\u00f1anera del pueblo.<\/p>\n<\/div>\n<\/div>\n","protected":false},"excerpt":{"rendered":"<p>Alma E. Mu\u00f1oz y Alejandro Alegr\u00eda \/ La Jornada 06 de noviembre de 2024 07:55 Ciudad de M\u00e9xico.\u00a0\u201cTriunf\u00f3 el pueblo de M\u00e9xico y gan\u00f3 la fuerza de raz\u00f3n, la cordura frente a la irracionalidad; estoy muy contenta\u201d, afirm\u00f3 la presidenta Claudia Sheinbaum Pardo, un d\u00eda despu\u00e9s de que fracas\u00f3 el intento de un grupo ministros &#8230;<\/p>\n","protected":false},"author":1,"featured_media":1505,"comment_status":"open","ping_status":"open","sticky":false,"template":"","format":"standard","meta":{"footnotes":""},"categories":[14],"tags":[180,6,181,179],"class_list":["post-1504","post","type-post","status-publish","format-standard","has-post-thumbnail","hentry","category-relevantes","tag-eleccion-de-ministros","tag-reforma-judicial","tag-scjn-ministros","tag-sheinbaum-reforma-judicial"],"_links":{"self":[{"href":"https:\/\/elcorreodeoaxaca.com\/index.php?rest_route=\/wp\/v2\/posts\/1504","targetHints":{"allow":["GET"]}}],"collection":[{"href":"https:\/\/elcorreodeoaxaca.com\/index.php?rest_route=\/wp\/v2\/posts"}],"about":[{"href":"https:\/\/elcorreodeoaxaca.com\/index.php?rest_route=\/wp\/v2\/types\/post"}],"author":[{"embeddable":true,"href":"https:\/\/elcorreodeoaxaca.com\/index.php?rest_route=\/wp\/v2\/users\/1"}],"replies":[{"embeddable":true,"href":"https:\/\/elcorreodeoaxaca.com\/index.php?rest_route=%2Fwp%2Fv2%2Fcomments&post=1504"}],"version-history":[{"count":1,"href":"https:\/\/elcorreodeoaxaca.com\/index.php?rest_route=\/wp\/v2\/posts\/1504\/revisions"}],"predecessor-version":[{"id":1506,"href":"https:\/\/elcorreodeoaxaca.com\/index.php?rest_route=\/wp\/v2\/posts\/1504\/revisions\/1506"}],"wp:featuredmedia":[{"embeddable":true,"href":"https:\/\/elcorreodeoaxaca.com\/index.php?rest_route=\/wp\/v2\/media\/1505"}],"wp:attachment":[{"href":"https:\/\/elcorreodeoaxaca.com\/index.php?rest_route=%2Fwp%2Fv2%2Fmedia&parent=1504"}],"wp:term":[{"taxonomy":"category","embeddable":true,"href":"https:\/\/elcorreodeoaxaca.com\/index.php?rest_route=%2Fwp%2Fv2%2Fcategories&post=1504"},{"taxonomy":"post_tag","embeddable":true,"href":"https:\/\/elcorreodeoaxaca.com\/index.php?rest_route=%2Fwp%2Fv2%2Ftags&post=1504"}],"curies":[{"name":"wp","href":"https:\/\/api.w.org\/{rel}","templated":true}]}}