{"id":15,"date":"2024-09-13T20:55:31","date_gmt":"2024-09-13T20:55:31","guid":{"rendered":"https:\/\/elcorreodeoaxaca.com\/?p=88008"},"modified":"2024-09-22T00:02:11","modified_gmt":"2024-09-22T05:02:11","slug":"declara-senado-la-constitucionalidad-de-la-reforma-judicial","status":"publish","type":"post","link":"https:\/\/elcorreodeoaxaca.com\/?p=15","title":{"rendered":"Declara Senado la constitucionalidad de la reforma judicial"},"content":{"rendered":"<div class=\"nota-datos\">\n<div class=\"nota-autor font-small color-secundario flama-bold\">\n<div style=\"text-align: center;\"><strong><em>Andrea Becerril \/ La Jornada<\/em><\/strong><\/div>\n<\/div>\n<div class=\"font-small color-secundario border-bottom-2\"><span class=\"nota-fecha\">13 de septiembre de 2024 15:18<\/span><\/div>\n<\/div>\n<div id=\"article-content-tts\" class=\"nota-contenido mb-5\">\n<div id=\"content_nitf\">\n<p class=\"western\"><em>Ciudad de M\u00e9xico.<\/em>\u00a0El Senado de la Rep\u00fablica formul\u00f3 hoy la declaratoria de constitucionalidad de la reforma al Poder Judicial, luego de que 23 legislaturas locales votaron a favor de ese proyecto que permitir\u00e1 la e elecci\u00f3n popular de jueces, magistrados y ministros.<\/p>\n<p class=\"western\">De 24 congresos estatales que remitieron sus decretos al Senado, s\u00f3lo el de Jalisco vot\u00f3 en contra.<br \/>\nA la sesi\u00f3n del Senado, s\u00f3lo asistieron los legisladores de Morena, PT y PVEM , ya que la oposici\u00f3n como un d\u00eda antes, no se present\u00f3.<\/p>\n<p class=\"western\">Sin embargo, el sal\u00f3n estaba casi lleno con los legisladores de la 4T, quienes colocaron sus cartelones con la leyenda: \u201cEl pueblo manda\u201d.<\/p>\n<p class=\"western\">Entre los asistentes est\u00e1 el senador Miguel \u00c1ngel Yunes M\u00e1rquez, quien se sent\u00f3 de lado de Morena, junto a Javier Corral y Oscar Canton Zetina.<\/p>\n<p class=\"western\">El presidente de la mesa directiva del Senado, Gerardo Fern\u00e1ndez Noro\u00f1a, declar\u00f3 que el proceso constitucional concluy\u00f3 despu\u00e9s de qu\u00e9 se hizo el recuento de las legislaturas locales, que superaron la votaci\u00f3n necesaria para aprobar la minuta que pas\u00f3 antes por las dos c\u00e1maras del congreso federal.<\/p>\n<p class=\"western\">La declaratoria pas\u00f3 a la C\u00e1mara de Diputados, donde se repetir\u00e1 el mismo proceso legislativo y se enviar\u00e1 al Ejecutivo Federal para su promulgaci\u00f3n.<\/p>\n<\/div>\n<\/div>\n","protected":false},"excerpt":{"rendered":"<p>Andrea Becerril \/ La Jornada 13 de septiembre de 2024 15:18 Ciudad de M\u00e9xico.\u00a0El Senado de la Rep\u00fablica formul\u00f3 hoy la declaratoria de constitucionalidad de la reforma al Poder Judicial, luego de que 23 legislaturas locales votaron a favor de ese proyecto que permitir\u00e1 la e elecci\u00f3n popular de jueces, magistrados y ministros. De 24 &#8230;<\/p>\n","protected":false},"author":1,"featured_media":16,"comment_status":"closed","ping_status":"open","sticky":false,"template":"","format":"standard","meta":{"footnotes":""},"categories":[13],"tags":[],"class_list":["post-15","post","type-post","status-publish","format-standard","has-post-thumbnail","hentry","category-sin-categoria"],"_links":{"self":[{"href":"https:\/\/elcorreodeoaxaca.com\/index.php?rest_route=\/wp\/v2\/posts\/15","targetHints":{"allow":["GET"]}}],"collection":[{"href":"https:\/\/elcorreodeoaxaca.com\/index.php?rest_route=\/wp\/v2\/posts"}],"about":[{"href":"https:\/\/elcorreodeoaxaca.com\/index.php?rest_route=\/wp\/v2\/types\/post"}],"author":[{"embeddable":true,"href":"https:\/\/elcorreodeoaxaca.com\/index.php?rest_route=\/wp\/v2\/users\/1"}],"replies":[{"embeddable":true,"href":"https:\/\/elcorreodeoaxaca.com\/index.php?rest_route=%2Fwp%2Fv2%2Fcomments&post=15"}],"version-history":[{"count":1,"href":"https:\/\/elcorreodeoaxaca.com\/index.php?rest_route=\/wp\/v2\/posts\/15\/revisions"}],"predecessor-version":[{"id":168,"href":"https:\/\/elcorreodeoaxaca.com\/index.php?rest_route=\/wp\/v2\/posts\/15\/revisions\/168"}],"wp:featuredmedia":[{"embeddable":true,"href":"https:\/\/elcorreodeoaxaca.com\/index.php?rest_route=\/wp\/v2\/media\/16"}],"wp:attachment":[{"href":"https:\/\/elcorreodeoaxaca.com\/index.php?rest_route=%2Fwp%2Fv2%2Fmedia&parent=15"}],"wp:term":[{"taxonomy":"category","embeddable":true,"href":"https:\/\/elcorreodeoaxaca.com\/index.php?rest_route=%2Fwp%2Fv2%2Fcategories&post=15"},{"taxonomy":"post_tag","embeddable":true,"href":"https:\/\/elcorreodeoaxaca.com\/index.php?rest_route=%2Fwp%2Fv2%2Ftags&post=15"}],"curies":[{"name":"wp","href":"https:\/\/api.w.org\/{rel}","templated":true}]}}