{"id":1275,"date":"2024-10-27T22:20:42","date_gmt":"2024-10-28T04:20:42","guid":{"rendered":"https:\/\/elcorreodeoaxaca.com\/?p=1275"},"modified":"2024-10-27T22:27:00","modified_gmt":"2024-10-28T04:27:00","slug":"intentan-asesinar-a-evo-morales","status":"publish","type":"post","link":"https:\/\/elcorreodeoaxaca.com\/?p=1275","title":{"rendered":"Intentan asesinar a Evo Morales"},"content":{"rendered":"<div class=\"nota-datos\">\n<div class=\"nota-autor font-small color-secundario flama-bold\">\n<div>\n<div style=\"width: 1140px;\" class=\"wp-video\"><video class=\"wp-video-shortcode\" id=\"video-1275-1\" width=\"1140\" height=\"641\" preload=\"metadata\" controls=\"controls\"><source type=\"video\/mp4\" src=\"https:\/\/elcorreodeoaxaca.com\/wp-content\/uploads\/2024\/10\/Acusa-Evo-Morales-que-sufrio-un-intento-de-asesinato.mp4?_=1\" \/><a href=\"https:\/\/elcorreodeoaxaca.com\/wp-content\/uploads\/2024\/10\/Acusa-Evo-Morales-que-sufrio-un-intento-de-asesinato.mp4\">https:\/\/elcorreodeoaxaca.com\/wp-content\/uploads\/2024\/10\/Acusa-Evo-Morales-que-sufrio-un-intento-de-asesinato.mp4<\/a><\/video><\/div>\n<\/div>\n<div style=\"text-align: center;\"><em><strong>Afp \/ La Jornada<\/strong><\/em><\/div>\n<\/div>\n<div class=\"font-small color-secundario border-bottom-2\"><span class=\"nota-fecha\">27 de octubre de 2024 09:38<\/span><\/div>\n<\/div>\n<div id=\"article-content-tts\" class=\"nota-contenido mb-5\">\n<div id=\"content_nitf\">\n<p>La Paz. El ex presidente boliviano Evo Morales (2006-2019) denunci\u00f3 este domingo un intento de asesinato por parte de \u00abhombres encapuchados\u00bb que dispararon contra su veh\u00edculo e hirieron a su chofer en Cochabamba (centro).<\/p>\n<p>\u00abEl carro en que llegu\u00e9 tiene 14 disparos. A m\u00ed me ha sorprendido. Felizmente hoy d\u00eda salvamos la vida (&#8230;). Eran encapuchados los que dispararon (&#8230;). Esto estaba planificado, era para matar a Evo\u00bb, afirm\u00f3 en entrevista con la radio Kawsachun Coca.<\/p>\n<p>El atentado, seg\u00fan Morales, ocurri\u00f3 entre Villa Tunari y Lauca \u00d1, en Cochabamba.<\/p>\n<p>\u00abLucho (el presidente Luis Arce) ha destruido Bolivia y ahora quiere eliminar nuestro proceso acabando con la vida de Evo. Vamos a ver c\u00f3mo nos preparamos (&#8230;). Est\u00e1 en marcha un estado de sitio\u00bb, dijo Morales.<\/p>\n<p>En un video difundido por la radio Kawsachun Coca se observa que en el parabrisas de una camioneta en la que viaja Morales de copiloto hay tres orificios, presuntamente de los disparos. El chofer tiene sangre en la cabeza y una mujer le pide que se \u00abapresure\u00bb.<\/p>\n<p>\u00abTenemos im\u00e1genes tambi\u00e9n de que, despu\u00e9s de lo sucedido, un helic\u00f3ptero en el aeropuerto de Chimor\u00e9 (en Cochabamba) est\u00e1 subiendo a seis personas (&#8230;) No tenemos certeza si ser\u00e1n militares o polic\u00edas, pero lo \u00fanico que quieren de verdad es asesinar a Evo Morales\u00bb, dijo a la Afp Anyelo C\u00e9spedes, diputado af\u00edn al ex mandatario.<\/p>\n<p>\u00abEl d\u00eda ayer hay cambio del alto mando militar y hoy d\u00eda intentan matar a Evo Morales\u00bb, agreg\u00f3 el diputado.<\/p>\n<p>El ex mandatario es investigado por el presunto abuso a una menor con quien habr\u00eda tenido una hija durante su mandato. La Fiscal\u00eda anunci\u00f3 hace algunas semanas que emitir\u00eda una orden de aprehensi\u00f3n en su contra, pero no se ha pronunciado desde entonces.<\/p>\n<p>Sus partidarios, que exigen el \u00abcese de la persecuci\u00f3n judicial\u00bb contra el l\u00edder cocalero, han bloqueado importantes carreteras del pa\u00eds desde el 14 de octubre. Los cortes de v\u00edas generan escasez de combustibles y alza de precios de productos b\u00e1sicos en distintas ciudades.<\/p>\n<p>El presidente de Bolivia, Luis Arce, cambi\u00f3 sorpresivamente a la c\u00fapula militar del pa\u00eds el s\u00e1bado e inst\u00f3 a los nuevos jefes a garantizar el restablecimiento del orden p\u00fablico frente a los bloqueos.<\/p>\n<p><strong>\u00abL\u00ednea roja\u00bb<\/strong><\/p>\n<p>Arce y Morales, ex aliados, est\u00e1n enfrentados por la candidatura presidencial oficialista para las elecciones de agosto de 2025, aunque s\u00f3lo el l\u00edder cocalero anticip\u00f3 que quiere postularse.<\/p>\n<p>\u00abLuis Arce, has cruzado la l\u00ednea roja. Invocamos a una movilizaci\u00f3n. Si es posible, vamos a tomar los aeropuertos\u00bb, se\u00f1al\u00f3 en conferencia de prensa Vicente Choque, dirigente de la Central Sindical \u00danica de Trabajadores Campesinos de Bolivia.<\/p>\n<p>El viernes se desplazaron m\u00e1s de mil 700 efectivos policiales para desactivar los bloqueos. En los enfrentamientos se reportaron 14 polic\u00edas heridos y 44 detenidos, seg\u00fan el Ministerio de Gobierno.<\/p>\n<p>El Ministerio de Relaciones Exteriores denunci\u00f3 el s\u00e1bado en un comunicado que est\u00e1n \u00aben curso una serie de acciones desestabilizadoras lideradas por Morales que pretenden interrumpir el orden democr\u00e1tico\u00bb, lo cual amenaza la estabilidad de Bolivia y de la regi\u00f3n.<\/p>\n<p>\u00abEl Estado de Bolivia hace un llamado a comunidad internacional, a los Estados, organismos multilaterales y pueblos de mundo permanecer atentos ante estos hechos\u00bb, indic\u00f3 la canciller\u00eda.<\/p>\n<p>Seg\u00fan un reporte de la Administradora Boliviana de Carreteras (ABC), en el pa\u00eds se registran 16 puntos de bloqueos, la mayor\u00eda en el departamento de Cochabamba, basti\u00f3n de Morales.<\/p>\n<p>Los cortes han acentuado la escasez de combustibles y han disparado los precios de los productos b\u00e1sicos.<\/p>\n<p>Seg\u00fan el ministerio de Desarrollo Productivo y Econom\u00eda Plural, ya han causado p\u00e9rdidas de casi de mil 200 millones de d\u00f3lares.<\/p>\n<\/div>\n<\/div>\n","protected":false},"excerpt":{"rendered":"<p>Afp \/ La Jornada 27 de octubre de 2024 09:38 La Paz. El ex presidente boliviano Evo Morales (2006-2019) denunci\u00f3 este domingo un intento de asesinato por parte de \u00abhombres encapuchados\u00bb que dispararon contra su veh\u00edculo e hirieron a su chofer en Cochabamba (centro). \u00abEl carro en que llegu\u00e9 tiene 14 disparos. A m\u00ed me &#8230;<\/p>\n","protected":false},"author":1,"featured_media":1276,"comment_status":"open","ping_status":"open","sticky":false,"template":"","format":"standard","meta":{"footnotes":""},"categories":[14],"tags":[4,126,127],"class_list":["post-1275","post","type-post","status-publish","format-standard","has-post-thumbnail","hentry","category-relevantes","tag-cdmx","tag-evo-morales","tag-intento-de-asesinato"],"_links":{"self":[{"href":"https:\/\/elcorreodeoaxaca.com\/index.php?rest_route=\/wp\/v2\/posts\/1275","targetHints":{"allow":["GET"]}}],"collection":[{"href":"https:\/\/elcorreodeoaxaca.com\/index.php?rest_route=\/wp\/v2\/posts"}],"about":[{"href":"https:\/\/elcorreodeoaxaca.com\/index.php?rest_route=\/wp\/v2\/types\/post"}],"author":[{"embeddable":true,"href":"https:\/\/elcorreodeoaxaca.com\/index.php?rest_route=\/wp\/v2\/users\/1"}],"replies":[{"embeddable":true,"href":"https:\/\/elcorreodeoaxaca.com\/index.php?rest_route=%2Fwp%2Fv2%2Fcomments&post=1275"}],"version-history":[{"count":2,"href":"https:\/\/elcorreodeoaxaca.com\/index.php?rest_route=\/wp\/v2\/posts\/1275\/revisions"}],"predecessor-version":[{"id":1282,"href":"https:\/\/elcorreodeoaxaca.com\/index.php?rest_route=\/wp\/v2\/posts\/1275\/revisions\/1282"}],"wp:featuredmedia":[{"embeddable":true,"href":"https:\/\/elcorreodeoaxaca.com\/index.php?rest_route=\/wp\/v2\/media\/1276"}],"wp:attachment":[{"href":"https:\/\/elcorreodeoaxaca.com\/index.php?rest_route=%2Fwp%2Fv2%2Fmedia&parent=1275"}],"wp:term":[{"taxonomy":"category","embeddable":true,"href":"https:\/\/elcorreodeoaxaca.com\/index.php?rest_route=%2Fwp%2Fv2%2Fcategories&post=1275"},{"taxonomy":"post_tag","embeddable":true,"href":"https:\/\/elcorreodeoaxaca.com\/index.php?rest_route=%2Fwp%2Fv2%2Ftags&post=1275"}],"curies":[{"name":"wp","href":"https:\/\/api.w.org\/{rel}","templated":true}]}}