{"id":1269,"date":"2024-10-27T22:14:29","date_gmt":"2024-10-28T04:14:29","guid":{"rendered":"https:\/\/elcorreodeoaxaca.com\/?p=1269"},"modified":"2024-10-27T22:14:29","modified_gmt":"2024-10-28T04:14:29","slug":"fallecio-juan-velasquez-abogado-de-personajes-polemicos-de-la-politica","status":"publish","type":"post","link":"https:\/\/elcorreodeoaxaca.com\/?p=1269","title":{"rendered":"Falleci\u00f3 Juan Vel\u00e1squez, abogado de personajes pol\u00e9micos de la pol\u00edtica"},"content":{"rendered":"<div class=\"nota-datos\">\n<div class=\"nota-autor font-small color-secundario flama-bold\">\n<div style=\"text-align: center;\"><strong><em>C\u00e9sar Arellano Garc\u00eda \/ La Jornada<\/em><\/strong><\/div>\n<div><\/div>\n<\/div>\n<div class=\"font-small color-secundario border-bottom-2\"><span class=\"nota-fecha\">27 de octubre de 2024 16:04<\/span><\/div>\n<\/div>\n<div id=\"article-content-tts\" class=\"nota-contenido mb-5\">\n<div id=\"content_nitf\">\n<p><em>Ciudad de M\u00e9xico.<\/em>\u00a0El reconocido abogado penalista Juan Vel\u00e1squez, quien durante toda su carrera no perdi\u00f3 un solo caso, falleci\u00f3 este domingo, dio a conocer en una esquela la Comunidad de la Facultad de Derecho y lament\u00f3 el sensible deceso de su distinguido profesor.<\/p>\n<p>El litigante invicto, a quien algunos lo llamaron el\u00a0<em>Abogado del Diablo<\/em>, se distingui\u00f3 por atender los dif\u00edciles casos de las c\u00fapulas pri\u00edstas y defender a personajes pol\u00e9micos como los ex presidentes Luis Echeverr\u00eda, Jos\u00e9 L\u00f3pez Portillo y Carlos Salinas; al ex jefe de la polic\u00eda capitalina, Arturo\u00a0<em>El Negro<\/em>\u00a0Durazo; as\u00ed como a Ra\u00fal Salinas y al Cardenal Norberto Rivera, tambi\u00e9n se encarg\u00f3 de asuntos como el\u00a0<em>Pemexgate<\/em>.<\/p>\n<p>De acuerdo a una autobiograf\u00eda que public\u00f3 en Fundaci\u00f3n UNAM, de adolescente estuvo interno en una universidad militar. En 1964 ingres\u00f3 a la Facultad de Derecho de la Universidad Nacional Aut\u00f3noma de M\u00e9xico, el cual describi\u00f3 como un campus casi nuevo, pues se hab\u00eda inaugurado apenas 10 a\u00f1os antes, en 1954, despu\u00e9s de que se traslad\u00f3 de la se\u00f1orial Escuela Nacional de Jurisprudencia en el barrio de San Ildefonso, en el centro majestuoso de la Ciudad de M\u00e9xico.<\/p>\n<p>En 1969 termin\u00f3 los estudios y el 29 de enero de 1970 obtuvo el t\u00edtulo de abogado. Se le distingui\u00f3 con la Presea Conmemorativa de los Cuatrocientos Cincuenta A\u00f1os de Derecho en Am\u00e9rica, la Medalla Conmemorativa del Cincuenta Aniversario de la Fundaci\u00f3n del Doctorado en Derecho, fue miembro del Patronato del Consejo Nacional de Egresados de la Facultad de Derecho y del Consejo Asesor Jur\u00eddico, Profesor Honor\u00edfico del Colegio de Profesores de Derecho Penal y miembro distinguido y Vocal del Consejo Directivo del Patronato de la Facultad de Derecho.<\/p>\n<p>Asimismo, fue profesor fundador de la maestr\u00eda en Derecho de la Universidad Panamericana, donde imparti\u00f3 c\u00e1tedra durante 40 a\u00f1os, y profesor durante 20 a\u00f1os en el Instituto Tecnol\u00f3gico Aut\u00f3nomo de M\u00e9xico (ITAM). En 2020, la Benem\u00e9rita Universidad Aut\u00f3noma de Puebla (BUAP) Juan Vel\u00e1squez recibi\u00f3 el grado de Doctor Honoris Causa en sesi\u00f3n solemne del Consejo Universitario, en el Sal\u00f3n Barroco del Edificio Carolino.<\/p>\n<p>En la cuenta de X (antes Twitter), abogados, amigos y alumnos lamentaron la muerte del abogado penalista Juan Vel\u00e1squez.<\/p>\n<\/div>\n<\/div>\n","protected":false},"excerpt":{"rendered":"<p>C\u00e9sar Arellano Garc\u00eda \/ La Jornada 27 de octubre de 2024 16:04 Ciudad de M\u00e9xico.\u00a0El reconocido abogado penalista Juan Vel\u00e1squez, quien durante toda su carrera no perdi\u00f3 un solo caso, falleci\u00f3 este domingo, dio a conocer en una esquela la Comunidad de la Facultad de Derecho y lament\u00f3 el sensible deceso de su distinguido profesor. &#8230;<\/p>\n","protected":false},"author":1,"featured_media":1270,"comment_status":"open","ping_status":"open","sticky":false,"template":"","format":"standard","meta":{"footnotes":""},"categories":[12],"tags":[121,123,122,125,120,124],"class_list":["post-1269","post","type-post","status-publish","format-standard","has-post-thumbnail","hentry","category-principales","tag-abogado","tag-carlos-salinas","tag-consejo-nacional-de-egresados-de-la-facultad-de-derecho","tag-jose-lopez-portillo","tag-juan-velasquez","tag-luis-eheverria"],"_links":{"self":[{"href":"https:\/\/elcorreodeoaxaca.com\/index.php?rest_route=\/wp\/v2\/posts\/1269","targetHints":{"allow":["GET"]}}],"collection":[{"href":"https:\/\/elcorreodeoaxaca.com\/index.php?rest_route=\/wp\/v2\/posts"}],"about":[{"href":"https:\/\/elcorreodeoaxaca.com\/index.php?rest_route=\/wp\/v2\/types\/post"}],"author":[{"embeddable":true,"href":"https:\/\/elcorreodeoaxaca.com\/index.php?rest_route=\/wp\/v2\/users\/1"}],"replies":[{"embeddable":true,"href":"https:\/\/elcorreodeoaxaca.com\/index.php?rest_route=%2Fwp%2Fv2%2Fcomments&post=1269"}],"version-history":[{"count":1,"href":"https:\/\/elcorreodeoaxaca.com\/index.php?rest_route=\/wp\/v2\/posts\/1269\/revisions"}],"predecessor-version":[{"id":1271,"href":"https:\/\/elcorreodeoaxaca.com\/index.php?rest_route=\/wp\/v2\/posts\/1269\/revisions\/1271"}],"wp:featuredmedia":[{"embeddable":true,"href":"https:\/\/elcorreodeoaxaca.com\/index.php?rest_route=\/wp\/v2\/media\/1270"}],"wp:attachment":[{"href":"https:\/\/elcorreodeoaxaca.com\/index.php?rest_route=%2Fwp%2Fv2%2Fmedia&parent=1269"}],"wp:term":[{"taxonomy":"category","embeddable":true,"href":"https:\/\/elcorreodeoaxaca.com\/index.php?rest_route=%2Fwp%2Fv2%2Fcategories&post=1269"},{"taxonomy":"post_tag","embeddable":true,"href":"https:\/\/elcorreodeoaxaca.com\/index.php?rest_route=%2Fwp%2Fv2%2Ftags&post=1269"}],"curies":[{"name":"wp","href":"https:\/\/api.w.org\/{rel}","templated":true}]}}