{"id":1020,"date":"2024-10-19T22:43:25","date_gmt":"2024-10-20T03:43:25","guid":{"rendered":"https:\/\/elcorreodeoaxaca.com\/?p=1020"},"modified":"2024-10-19T22:43:25","modified_gmt":"2024-10-20T03:43:25","slug":"el-68-en-monterrey","status":"publish","type":"post","link":"https:\/\/elcorreodeoaxaca.com\/?p=1020","title":{"rendered":"El 68 en Monterrey"},"content":{"rendered":"<p style=\"text-align: center;\"><em><strong>Abraham Nuncio\/La Jornada<\/strong><\/em><\/p>\n<figure id=\"attachment_1026\" aria-describedby=\"caption-attachment-1026\" style=\"width: 290px\" class=\"wp-caption alignright\"><a href=\"https:\/\/elcorreodeoaxaca.com\/wp-content\/uploads\/2024\/10\/NUNCIO-ITESM.jpeg\"><img loading=\"lazy\" decoding=\"async\" class=\"size-medium wp-image-1026\" src=\"https:\/\/elcorreodeoaxaca.com\/wp-content\/uploads\/2024\/10\/NUNCIO-ITESM-300x169.jpeg\" alt=\"\" width=\"300\" height=\"169\" srcset=\"https:\/\/elcorreodeoaxaca.com\/wp-content\/uploads\/2024\/10\/NUNCIO-ITESM-300x169.jpeg 300w, https:\/\/elcorreodeoaxaca.com\/wp-content\/uploads\/2024\/10\/NUNCIO-ITESM-335x189.jpeg 335w, https:\/\/elcorreodeoaxaca.com\/wp-content\/uploads\/2024\/10\/NUNCIO-ITESM-700x394.jpeg 700w, https:\/\/elcorreodeoaxaca.com\/wp-content\/uploads\/2024\/10\/NUNCIO-ITESM.jpeg 756w\" sizes=\"auto, (max-width: 300px) 100vw, 300px\" \/><\/a><figcaption id=\"caption-attachment-1026\" class=\"wp-caption-text\">ITESM en la actualidad<\/figcaption><\/figure>\n<p>En la ma\u00f1anera donde la presidenta Claudia Sheinbaum pidi\u00f3 perd\u00f3n a los sobrevivientes y deudos de las v\u00edctimas de la represi\u00f3n y matanza en las jornadas de 1968 \u2013acto simb\u00f3lico y reivindicativo, pero tambi\u00e9n de compromiso a futuro\u2013, Pablo G\u00f3mez, uno de los dirigentes del movimiento en la UNAM, se\u00f1al\u00f3 que el movimiento estudiantil y popular que se registr\u00f3 ese a\u00f1o no hab\u00eda sido s\u00f3lo en la capital, sino en todo el pa\u00eds. Aqu\u00ed apunto el episodio en Monterrey.<\/p>\n<p>La Federaci\u00f3n de Estudiantes del Tecnol\u00f3gico de Monterrey (Fetec) sol\u00eda organizar sainetes con el nombre de\u00a0<em>happenings<\/em>\u00a0en que se hac\u00eda la s\u00e1tira de profesores o personal administrativo de la instituci\u00f3n. En uno, la iconoclastia de la \u00e9poca hizo que la Virgen de Guadalupe apareciera en el lugar ocupado regularmente por una de las llamadas \u201cconejitas\u201d de\u00a0<em>Playboy<\/em>.<\/p>\n<p>Pero no s\u00f3lo esos estudiantes organizaban sainetes. En 1968 \u2013por primera vez y hasta ahora la \u00faltima en la historia\u2013, protagonizaron movilizaciones conjuntas con los de la universidad p\u00fablica, en solidaridad con los universitarios que hab\u00edan sufrido el asalto del ej\u00e9rcito a la UNAM.<\/p>\n<figure id=\"attachment_1022\" aria-describedby=\"caption-attachment-1022\" style=\"width: 244px\" class=\"wp-caption alignleft\"><a href=\"https:\/\/elcorreodeoaxaca.com\/wp-content\/uploads\/2024\/10\/nuncio-Ignacio-Salas-Obregon.jpg\"><img loading=\"lazy\" decoding=\"async\" class=\"size-medium wp-image-1022\" src=\"https:\/\/elcorreodeoaxaca.com\/wp-content\/uploads\/2024\/10\/nuncio-Ignacio-Salas-Obregon-254x300.jpg\" alt=\"\" width=\"254\" height=\"300\" srcset=\"https:\/\/elcorreodeoaxaca.com\/wp-content\/uploads\/2024\/10\/nuncio-Ignacio-Salas-Obregon-254x300.jpg 254w, https:\/\/elcorreodeoaxaca.com\/wp-content\/uploads\/2024\/10\/nuncio-Ignacio-Salas-Obregon-284x335.jpg 284w, https:\/\/elcorreodeoaxaca.com\/wp-content\/uploads\/2024\/10\/nuncio-Ignacio-Salas-Obregon.jpg 441w\" sizes=\"auto, (max-width: 254px) 100vw, 254px\" \/><\/a><figcaption id=\"caption-attachment-1022\" class=\"wp-caption-text\">Ignacio Salas Obreg\u00f3n<\/figcaption><\/figure>\n<p>Jos\u00e9 Luis Sierra era entonces presidente de la Fetec. Al iniciarse los siguientes cursos, las autoridades del Tecnol\u00f3gico decidieron expulsarlo junto con otros estudiantes que participaron en el sainete de la sustituci\u00f3n de la tal \u201cconejita\u201d por el venerado \u00edcono. Cabe preguntarse si s\u00f3lo fue \u00e9sta la causa efectiva de su expulsi\u00f3n. En los primeros a\u00f1os de los 70 se lo ver\u00e1 militando en la Liga Comunista 23 de Septiembre, organizaci\u00f3n que entonces nucleaba a la guerrilla urbana. En cierto momento, uno de sus principales dirigentes fue Ignacio Salas Obreg\u00f3n, otro estudiante del Tecnol\u00f3gico de Monterrey.<\/p>\n<p>A ra\u00edz de ese episodio tuvo lugar una huelga de hambre de los estudiantes apoyados por sus maestros y familiares en protesta por la expulsi\u00f3n de sus compa\u00f1eros. El industrial Eugenio Garza Sada, creador del Tecnol\u00f3gico y su principal fuente de decisiones se hallaba de vacaciones en Acapulco, seg\u00fan el jesuita Hermann von Bertrab (<em>Hacia la puerta<\/em>), figura importante entre el profesorado de la instituci\u00f3n. A su regreso, Garza Sada decidi\u00f3 la terminaci\u00f3n de la huelga.<\/p>\n<p>Nada extraordinario ocurri\u00f3 en adelante, salvo la expulsi\u00f3n del grupo de jesuitas \u2013para prolongar su historia\u2013 que hab\u00eda sido contratado para asperjar la \u00e9tica cat\u00f3lica hacia la vida acad\u00e9mica del plantel. Se los acusaba de instigar a los estudiantes en los acontecimientos de 1968 y su secuela.<\/p>\n<p>La consecuencia inmediata del a\u00f1o anterior en la Universidad de Nuevo Le\u00f3n (UNL) fue el descontento organizado de los estudiantes. Desde inicios de los 60, ven\u00edan nutriendo un movimiento que se potenciaba en varias dimensiones que aqu\u00ed apunto:<\/p>\n<figure id=\"attachment_1025\" aria-describedby=\"caption-attachment-1025\" style=\"width: 155px\" class=\"wp-caption alignright\"><a href=\"https:\/\/elcorreodeoaxaca.com\/wp-content\/uploads\/2024\/10\/nuncio-eugenio-garza-sada.png\"><img loading=\"lazy\" decoding=\"async\" class=\"size-medium wp-image-1025\" src=\"https:\/\/elcorreodeoaxaca.com\/wp-content\/uploads\/2024\/10\/nuncio-eugenio-garza-sada-165x300.png\" alt=\"\" width=\"165\" height=\"300\" srcset=\"https:\/\/elcorreodeoaxaca.com\/wp-content\/uploads\/2024\/10\/nuncio-eugenio-garza-sada-165x300.png 165w, https:\/\/elcorreodeoaxaca.com\/wp-content\/uploads\/2024\/10\/nuncio-eugenio-garza-sada-184x335.png 184w, https:\/\/elcorreodeoaxaca.com\/wp-content\/uploads\/2024\/10\/nuncio-eugenio-garza-sada.png 441w\" sizes=\"auto, (max-width: 165px) 100vw, 165px\" \/><\/a><figcaption id=\"caption-attachment-1025\" class=\"wp-caption-text\">Eugenio Garza Sada<\/figcaption><\/figure>\n<p>Su identificaci\u00f3n con la revoluci\u00f3n cubana. Organizan marchas y m\u00edtines contra la guerra de EU en Vietnam. Desarrollan un intenso activismo en apoyo a movimientos sociales, en particular los de los trabajadores.<\/p>\n<p>El apoyo que expresaban a las luchas contra el autoritarismo pervasivo en todo el pa\u00eds se expresaba en paros acad\u00e9micos,\u00a0<em>tomas<\/em>\u00a0de rector\u00eda, m\u00edtines frente al palacio de gobierno. Paran tres d\u00edas la universidad en protesta por el allanamiento del Ej\u00e9rcito a la Universidad Nicola\u00edta de Hidalgo en 1966 y organizan movilizaciones, sobre todo tras un acto similar al asalto a la UNAM en 1968.<\/p>\n<p>Sus efectos pol\u00edticos y organizativos se delinean desde ese a\u00f1o y adquieren fuerza en 1969, con la demanda de democratizaci\u00f3n y autonom\u00eda de la UNL. Renuevan el Consejo Estudiantil y crean la Asamblea Universitaria con representaci\u00f3n paritaria de maestros y estudiantes por cada facultad y escuela de la UNL. Ese \u00f3rgano consigue de las autoridades del estado que decreten la autonom\u00eda universitaria. El rector y los directores de escuelas y facultades dejan sus puestos.<\/p>\n<figure id=\"attachment_1021\" aria-describedby=\"caption-attachment-1021\" style=\"width: 222px\" class=\"wp-caption alignleft\"><a href=\"https:\/\/elcorreodeoaxaca.com\/wp-content\/uploads\/2024\/10\/nuncio-pablo-gomez.jpeg\"><img loading=\"lazy\" decoding=\"async\" class=\"size-medium wp-image-1021\" src=\"https:\/\/elcorreodeoaxaca.com\/wp-content\/uploads\/2024\/10\/nuncio-pablo-gomez-232x300.jpeg\" alt=\"\" width=\"232\" height=\"300\" srcset=\"https:\/\/elcorreodeoaxaca.com\/wp-content\/uploads\/2024\/10\/nuncio-pablo-gomez-232x300.jpeg 232w, https:\/\/elcorreodeoaxaca.com\/wp-content\/uploads\/2024\/10\/nuncio-pablo-gomez-259x335.jpeg 259w, https:\/\/elcorreodeoaxaca.com\/wp-content\/uploads\/2024\/10\/nuncio-pablo-gomez.jpeg 441w\" sizes=\"auto, (max-width: 232px) 100vw, 232px\" \/><\/a><figcaption id=\"caption-attachment-1021\" class=\"wp-caption-text\">Pablo G\u00f3mez<\/figcaption><\/figure>\n<p>Y en aires de triunfo crean el Primer Congreso por la Reforma Universitaria de la UNL y un Movimiento Estudiantil Independiente. En su asamblea forman una comisi\u00f3n responsable de redactar, con la participaci\u00f3n de los maestros, una nueva Ley Org\u00e1nica. Ya hab\u00edan logrado que los directores de escuelas y facultades fueran elegidos por estudiantes y docentes y que el rector fuera nombrado no por la Junta de Gobierno, sino por el Consejo Universitario.<\/p>\n<p>En sus enconadas luchas por cambiar las estructuras de la universidad, los estudiantes ten\u00edan un amplio apoyo social: la matr\u00edcula estudiantil hab\u00eda crecido entre 1960 y 1970, casi 100 por ciento, mientras la poblaci\u00f3n del Monterrey metropolitano creci\u00f3 el doble en las dos \u00faltimas d\u00e9cadas. Contaron tambi\u00e9n con el apoyo del sindicato de la instituci\u00f3n (maestros y personal no acad\u00e9mico).<\/p>\n<figure id=\"attachment_1024\" aria-describedby=\"caption-attachment-1024\" style=\"width: 185px\" class=\"wp-caption alignright\"><a href=\"https:\/\/elcorreodeoaxaca.com\/wp-content\/uploads\/2024\/10\/nuncio-jose-luis-sierra-villarreal.jpg\"><img loading=\"lazy\" decoding=\"async\" class=\"size-medium wp-image-1024\" src=\"https:\/\/elcorreodeoaxaca.com\/wp-content\/uploads\/2024\/10\/nuncio-jose-luis-sierra-villarreal-195x300.jpg\" alt=\"\" width=\"195\" height=\"300\" srcset=\"https:\/\/elcorreodeoaxaca.com\/wp-content\/uploads\/2024\/10\/nuncio-jose-luis-sierra-villarreal-195x300.jpg 195w, https:\/\/elcorreodeoaxaca.com\/wp-content\/uploads\/2024\/10\/nuncio-jose-luis-sierra-villarreal-218x335.jpg 218w, https:\/\/elcorreodeoaxaca.com\/wp-content\/uploads\/2024\/10\/nuncio-jose-luis-sierra-villarreal.jpg 441w\" sizes=\"auto, (max-width: 195px) 100vw, 195px\" \/><\/a><figcaption id=\"caption-attachment-1024\" class=\"wp-caption-text\">Jos\u00e9 Luis Sierra Villarreal<\/figcaption><\/figure>\n<p>En 1969\u00a0<em>tomaron<\/em>\u00a0la rector\u00eda y las direcciones de todas las escuelas y facultades. Los directores dejaron el puesto; lo mismo sucedi\u00f3 con el rector. Tras largas y enconadas luchas apoyadas por el sindicato universitario e incluso por el Congreso del estado, les fue concedida la autonom\u00eda universitaria. En esta nueva condici\u00f3n, los cambios en la Ley Org\u00e1nica de la UANL permitieron que el rector fuera nombrado no por la Junta Directiva, sino por el Consejo Universitario.<\/p>\n<p>Un hecho que facilit\u00f3 el triunfo del movimiento de los estudiantes con la participaci\u00f3n de numerosos maestros fue la renuncia del gobernador Eduardo A. Elizondo, figura destacada en el \u00e1mbito profesional y empresarial, a instancias del presidente Luis Echeverr\u00eda.<\/p>\n<p>Tras las elecciones de 1970, un sector de los universitarios se radicaliz\u00f3: algunos estudiantes se integraron a la Liga 23 de Septiembre y otros se convirtieron en los dirigentes de un enorme movimiento de colonos que se posesionaron de predios municipales y privados: all\u00ed fundaron colonias bajo el nombre de Tierra y Libertad. Uno de sus ramales, al dividirse el liderato, form\u00f3 el Partido del Trabajo.<\/p>\n","protected":false},"excerpt":{"rendered":"<p>Abraham Nuncio\/La Jornada En la ma\u00f1anera donde la presidenta Claudia Sheinbaum pidi\u00f3 perd\u00f3n a los sobrevivientes y deudos de las v\u00edctimas de la represi\u00f3n y matanza en las jornadas de 1968 \u2013acto simb\u00f3lico y reivindicativo, pero tambi\u00e9n de compromiso a futuro\u2013, Pablo G\u00f3mez, uno de los dirigentes del movimiento en la UNAM, se\u00f1al\u00f3 que el &#8230;<\/p>\n","protected":false},"author":1,"featured_media":1023,"comment_status":"open","ping_status":"open","sticky":false,"template":"","format":"standard","meta":{"footnotes":""},"categories":[18],"tags":[],"class_list":["post-1020","post","type-post","status-publish","format-standard","has-post-thumbnail","hentry","category-opinion"],"_links":{"self":[{"href":"https:\/\/elcorreodeoaxaca.com\/index.php?rest_route=\/wp\/v2\/posts\/1020","targetHints":{"allow":["GET"]}}],"collection":[{"href":"https:\/\/elcorreodeoaxaca.com\/index.php?rest_route=\/wp\/v2\/posts"}],"about":[{"href":"https:\/\/elcorreodeoaxaca.com\/index.php?rest_route=\/wp\/v2\/types\/post"}],"author":[{"embeddable":true,"href":"https:\/\/elcorreodeoaxaca.com\/index.php?rest_route=\/wp\/v2\/users\/1"}],"replies":[{"embeddable":true,"href":"https:\/\/elcorreodeoaxaca.com\/index.php?rest_route=%2Fwp%2Fv2%2Fcomments&post=1020"}],"version-history":[{"count":1,"href":"https:\/\/elcorreodeoaxaca.com\/index.php?rest_route=\/wp\/v2\/posts\/1020\/revisions"}],"predecessor-version":[{"id":1027,"href":"https:\/\/elcorreodeoaxaca.com\/index.php?rest_route=\/wp\/v2\/posts\/1020\/revisions\/1027"}],"wp:featuredmedia":[{"embeddable":true,"href":"https:\/\/elcorreodeoaxaca.com\/index.php?rest_route=\/wp\/v2\/media\/1023"}],"wp:attachment":[{"href":"https:\/\/elcorreodeoaxaca.com\/index.php?rest_route=%2Fwp%2Fv2%2Fmedia&parent=1020"}],"wp:term":[{"taxonomy":"category","embeddable":true,"href":"https:\/\/elcorreodeoaxaca.com\/index.php?rest_route=%2Fwp%2Fv2%2Fcategories&post=1020"},{"taxonomy":"post_tag","embeddable":true,"href":"https:\/\/elcorreodeoaxaca.com\/index.php?rest_route=%2Fwp%2Fv2%2Ftags&post=1020"}],"curies":[{"name":"wp","href":"https:\/\/api.w.org\/{rel}","templated":true}]}}